{"id":973,"date":"2022-01-20T17:38:58","date_gmt":"2022-01-20T17:38:58","guid":{"rendered":"https:\/\/nea.rs\/?p=973"},"modified":"2022-01-20T17:39:02","modified_gmt":"2022-01-20T17:39:02","slug":"u-intervjuu-za-cins-dejan-lekic-o-kvalitetu-vazduha","status":"publish","type":"post","link":"https:\/\/nea.rs\/index.php\/2022\/01\/20\/u-intervjuu-za-cins-dejan-lekic-o-kvalitetu-vazduha\/","title":{"rendered":"U intervjuu za CINS Dejan Leki\u0107 o kvalitetu vazduha"},"content":{"rendered":"\n<p>Jedan od osniva\u010da i \u010dlan stru\u010dnog saveta NEA, Dejan Leki\u0107, u intervjuu za <a href=\"https:\/\/www.facebook.com\/cinserbia\/?__cft__[0]=AZXcuxH7jPe4O_6g6JYbM5X5-3YOUkXbRAE8LDymQtkaB1IpfSiXjGM_73VvWGWv_paZqX-xh6rma9qc4Ur9WVxYUVjM5ArhceXQ4XZ8vbHuxN4duEhR8XwIkQtGyOQisSmzsFCM8Hq9HqKPJd7SvpkK_3t4Xhk77BH0AfeBmqFotw&amp;__tn__=kK-R\">CINS &#8211; Centar za istra\u017eiva\u010dko novinarstvo Srbije<\/a> o aktuelnim temama vezanim za kvalitet vazduha u Srbiji.<\/p>\n\n\n\n<p><a href=\"https:\/\/www.cins.rs\/dejan-lekic-skoro-million-i-po-gradjana-u-vecim-mestima-ne-zna-kakav-vazduh-dise\/\" target=\"_blank\" rel=\"noreferrer noopener\">CINS &#8211; Dejan Leki\u0107: Skoro million i po gra\u0111ana u ve\u0107im mestima ne zna kakav vazduh di\u0161e<\/a><\/p>\n\n\n\n<p>A delove iz istog intervjua je preneo i portal Danas:<\/p>\n\n\n\n<p><a href=\"https:\/\/www.danas.rs\/zivot\/zdravlje\/dejan-lekic-skoro-million-i-po-gradjana-u-vecim-mestima-ne-zna-kakav-vazduh-dise\/\">https:\/\/www.danas.rs\/zivot\/zdravlje\/dejan-lekic-skoro-million-i-po-gradjana-u-vecim-mestima-ne-zna-kakav-vazduh-dise\/<\/a><\/p>\n","protected":false},"excerpt":{"rendered":"<p>Jedan od osniva\u010da i \u010dlan stru\u010dnog saveta NEA, Dejan Leki\u0107, u intervjuu za CINS &#8211; Centar za istra\u017eiva\u010dko novinarstvo Srbije o aktuelnim temama vezanim za&hellip;<\/p>\n","protected":false},"author":1,"featured_media":0,"comment_status":"closed","ping_status":"open","sticky":false,"template":"","format":"standard","meta":{"footnotes":""},"categories":[5,11],"tags":[],"class_list":["post-973","post","type-post","status-publish","format-standard","hentry","category-aktivnosti","category-saopstenja"],"yoast_head":"<!-- This site is optimized with the Yoast SEO plugin v24.9 - https:\/\/yoast.com\/wordpress\/plugins\/seo\/ -->\n<title>U intervjuu za CINS Dejan Leki\u0107 o kvalitetu vazduha - Nacionalna ekolo\u0161ka asocijacija<\/title>\n<meta name=\"robots\" content=\"index, follow, max-snippet:-1, max-image-preview:large, max-video-preview:-1\" \/>\n<link rel=\"canonical\" href=\"https:\/\/nea.rs\/index.php\/2022\/01\/20\/u-intervjuu-za-cins-dejan-lekic-o-kvalitetu-vazduha\/\" \/>\n<meta property=\"og:locale\" content=\"sr_RS\" \/>\n<meta property=\"og:type\" content=\"article\" \/>\n<meta property=\"og:title\" content=\"U intervjuu za CINS Dejan Leki\u0107 o kvalitetu vazduha - Nacionalna ekolo\u0161ka asocijacija\" \/>\n<meta property=\"og:description\" content=\"Jedan od osniva\u010da i \u010dlan stru\u010dnog saveta NEA, Dejan Leki\u0107, u intervjuu za CINS &#8211; Centar za istra\u017eiva\u010dko novinarstvo Srbije o aktuelnim temama vezanim za&hellip;\" \/>\n<meta property=\"og:url\" content=\"https:\/\/nea.rs\/index.php\/2022\/01\/20\/u-intervjuu-za-cins-dejan-lekic-o-kvalitetu-vazduha\/\" \/>\n<meta property=\"og:site_name\" content=\"Nacionalna ekolo\u0161ka asocijacija\" \/>\n<meta property=\"article:publisher\" content=\"https:\/\/www.facebook.com\/NEASrbija\" \/>\n<meta property=\"article:published_time\" content=\"2022-01-20T17:38:58+00:00\" \/>\n<meta property=\"article:modified_time\" content=\"2022-01-20T17:39:02+00:00\" \/>\n<meta name=\"author\" content=\"admin\" \/>\n<meta name=\"twitter:card\" content=\"summary_large_image\" \/>\n<meta name=\"twitter:creator\" content=\"@NEASrbija\" \/>\n<meta name=\"twitter:site\" content=\"@NEASrbija\" \/>\n<meta name=\"twitter:label1\" content=\"Napisano od\" \/>\n\t<meta name=\"twitter:data1\" content=\"admin\" \/>\n\t<meta name=\"twitter:label2\" content=\"Procenjeno vreme \u010ditanja\" \/>\n\t<meta name=\"twitter:data2\" content=\"1 minut\" \/>\n<script type=\"application\/ld+json\" class=\"yoast-schema-graph\">{\"@context\":\"https:\/\/schema.org\",\"@graph\":[{\"@type\":\"Article\",\"@id\":\"https:\/\/nea.rs\/index.php\/2022\/01\/20\/u-intervjuu-za-cins-dejan-lekic-o-kvalitetu-vazduha\/#article\",\"isPartOf\":{\"@id\":\"https:\/\/nea.rs\/index.php\/2022\/01\/20\/u-intervjuu-za-cins-dejan-lekic-o-kvalitetu-vazduha\/\"},\"author\":{\"name\":\"admin\",\"@id\":\"https:\/\/nea.rs\/#\/schema\/person\/daf5180476fd224bc67bb42ea6d87925\"},\"headline\":\"U intervjuu za CINS Dejan Leki\u0107 o kvalitetu vazduha\",\"datePublished\":\"2022-01-20T17:38:58+00:00\",\"dateModified\":\"2022-01-20T17:39:02+00:00\",\"mainEntityOfPage\":{\"@id\":\"https:\/\/nea.rs\/index.php\/2022\/01\/20\/u-intervjuu-za-cins-dejan-lekic-o-kvalitetu-vazduha\/\"},\"wordCount\":79,\"publisher\":{\"@id\":\"https:\/\/nea.rs\/#organization\"},\"articleSection\":[\"Aktivnosti\",\"Saop\u0161tenja\"],\"inLanguage\":\"sr-RS\"},{\"@type\":\"WebPage\",\"@id\":\"https:\/\/nea.rs\/index.php\/2022\/01\/20\/u-intervjuu-za-cins-dejan-lekic-o-kvalitetu-vazduha\/\",\"url\":\"https:\/\/nea.rs\/index.php\/2022\/01\/20\/u-intervjuu-za-cins-dejan-lekic-o-kvalitetu-vazduha\/\",\"name\":\"U intervjuu za CINS Dejan Leki\u0107 o kvalitetu vazduha - Nacionalna ekolo\u0161ka asocijacija\",\"isPartOf\":{\"@id\":\"https:\/\/nea.rs\/#website\"},\"datePublished\":\"2022-01-20T17:38:58+00:00\",\"dateModified\":\"2022-01-20T17:39:02+00:00\",\"breadcrumb\":{\"@id\":\"https:\/\/nea.rs\/index.php\/2022\/01\/20\/u-intervjuu-za-cins-dejan-lekic-o-kvalitetu-vazduha\/#breadcrumb\"},\"inLanguage\":\"sr-RS\",\"potentialAction\":[{\"@type\":\"ReadAction\",\"target\":[\"https:\/\/nea.rs\/index.php\/2022\/01\/20\/u-intervjuu-za-cins-dejan-lekic-o-kvalitetu-vazduha\/\"]}]},{\"@type\":\"BreadcrumbList\",\"@id\":\"https:\/\/nea.rs\/index.php\/2022\/01\/20\/u-intervjuu-za-cins-dejan-lekic-o-kvalitetu-vazduha\/#breadcrumb\",\"itemListElement\":[{\"@type\":\"ListItem\",\"position\":1,\"name\":\"Po\u010detna\",\"item\":\"https:\/\/nea.rs\/\"},{\"@type\":\"ListItem\",\"position\":2,\"name\":\"U intervjuu za CINS Dejan Leki\u0107 o kvalitetu vazduha\"}]},{\"@type\":\"WebSite\",\"@id\":\"https:\/\/nea.rs\/#website\",\"url\":\"https:\/\/nea.rs\/\",\"name\":\"Nacionalna ekolo\u0161ka asocijacija\",\"description\":\"\",\"publisher\":{\"@id\":\"https:\/\/nea.rs\/#organization\"},\"potentialAction\":[{\"@type\":\"SearchAction\",\"target\":{\"@type\":\"EntryPoint\",\"urlTemplate\":\"https:\/\/nea.rs\/?s={search_term_string}\"},\"query-input\":{\"@type\":\"PropertyValueSpecification\",\"valueRequired\":true,\"valueName\":\"search_term_string\"}}],\"inLanguage\":\"sr-RS\"},{\"@type\":\"Organization\",\"@id\":\"https:\/\/nea.rs\/#organization\",\"name\":\"Nacionalna ekolo\u0161ka asocijacija\",\"url\":\"https:\/\/nea.rs\/\",\"logo\":{\"@type\":\"ImageObject\",\"inLanguage\":\"sr-RS\",\"@id\":\"https:\/\/nea.rs\/#\/schema\/logo\/image\/\",\"url\":\"https:\/\/nea.rs\/wp-content\/uploads\/2021\/05\/cropped-logoNEA_crop_180_nowhite.jpg\",\"contentUrl\":\"https:\/\/nea.rs\/wp-content\/uploads\/2021\/05\/cropped-logoNEA_crop_180_nowhite.jpg\",\"width\":276,\"height\":154,\"caption\":\"Nacionalna ekolo\u0161ka asocijacija\"},\"image\":{\"@id\":\"https:\/\/nea.rs\/#\/schema\/logo\/image\/\"},\"sameAs\":[\"https:\/\/www.facebook.com\/NEASrbija\",\"https:\/\/x.com\/NEASrbija\",\"https:\/\/www.instagram.com\/neasrbija\/\",\"https:\/\/www.youtube.com\/channel\/UCxwdyhNFV-rjanyqj7JIFow\"]},{\"@type\":\"Person\",\"@id\":\"https:\/\/nea.rs\/#\/schema\/person\/daf5180476fd224bc67bb42ea6d87925\",\"name\":\"admin\",\"image\":{\"@type\":\"ImageObject\",\"inLanguage\":\"sr-RS\",\"@id\":\"https:\/\/nea.rs\/#\/schema\/person\/image\/\",\"url\":\"https:\/\/secure.gravatar.com\/avatar\/208ddce103f55aec8415cbae6044df1aa912c6d56bb8e74d76628d5d221bad04?s=96&d=mm&r=g\",\"contentUrl\":\"https:\/\/secure.gravatar.com\/avatar\/208ddce103f55aec8415cbae6044df1aa912c6d56bb8e74d76628d5d221bad04?s=96&d=mm&r=g\",\"caption\":\"admin\"},\"sameAs\":[\"https:\/\/nea.rs\"],\"url\":\"https:\/\/nea.rs\/index.php\/author\/admin_5kpl02hl\/\"}]}<\/script>\n<!-- \/ Yoast SEO plugin. -->","yoast_head_json":{"title":"U intervjuu za CINS Dejan Leki\u0107 o kvalitetu vazduha - Nacionalna ekolo\u0161ka asocijacija","robots":{"index":"index","follow":"follow","max-snippet":"max-snippet:-1","max-image-preview":"max-image-preview:large","max-video-preview":"max-video-preview:-1"},"canonical":"https:\/\/nea.rs\/index.php\/2022\/01\/20\/u-intervjuu-za-cins-dejan-lekic-o-kvalitetu-vazduha\/","og_locale":"sr_RS","og_type":"article","og_title":"U intervjuu za CINS Dejan Leki\u0107 o kvalitetu vazduha - Nacionalna ekolo\u0161ka asocijacija","og_description":"Jedan od osniva\u010da i \u010dlan stru\u010dnog saveta NEA, Dejan Leki\u0107, u intervjuu za CINS &#8211; Centar za istra\u017eiva\u010dko novinarstvo Srbije o aktuelnim temama vezanim za&hellip;","og_url":"https:\/\/nea.rs\/index.php\/2022\/01\/20\/u-intervjuu-za-cins-dejan-lekic-o-kvalitetu-vazduha\/","og_site_name":"Nacionalna ekolo\u0161ka asocijacija","article_publisher":"https:\/\/www.facebook.com\/NEASrbija","article_published_time":"2022-01-20T17:38:58+00:00","article_modified_time":"2022-01-20T17:39:02+00:00","author":"admin","twitter_card":"summary_large_image","twitter_creator":"@NEASrbija","twitter_site":"@NEASrbija","twitter_misc":{"Napisano od":"admin","Procenjeno vreme \u010ditanja":"1 minut"},"schema":{"@context":"https:\/\/schema.org","@graph":[{"@type":"Article","@id":"https:\/\/nea.rs\/index.php\/2022\/01\/20\/u-intervjuu-za-cins-dejan-lekic-o-kvalitetu-vazduha\/#article","isPartOf":{"@id":"https:\/\/nea.rs\/index.php\/2022\/01\/20\/u-intervjuu-za-cins-dejan-lekic-o-kvalitetu-vazduha\/"},"author":{"name":"admin","@id":"https:\/\/nea.rs\/#\/schema\/person\/daf5180476fd224bc67bb42ea6d87925"},"headline":"U intervjuu za CINS Dejan Leki\u0107 o kvalitetu vazduha","datePublished":"2022-01-20T17:38:58+00:00","dateModified":"2022-01-20T17:39:02+00:00","mainEntityOfPage":{"@id":"https:\/\/nea.rs\/index.php\/2022\/01\/20\/u-intervjuu-za-cins-dejan-lekic-o-kvalitetu-vazduha\/"},"wordCount":79,"publisher":{"@id":"https:\/\/nea.rs\/#organization"},"articleSection":["Aktivnosti","Saop\u0161tenja"],"inLanguage":"sr-RS"},{"@type":"WebPage","@id":"https:\/\/nea.rs\/index.php\/2022\/01\/20\/u-intervjuu-za-cins-dejan-lekic-o-kvalitetu-vazduha\/","url":"https:\/\/nea.rs\/index.php\/2022\/01\/20\/u-intervjuu-za-cins-dejan-lekic-o-kvalitetu-vazduha\/","name":"U intervjuu za CINS Dejan Leki\u0107 o kvalitetu vazduha - Nacionalna ekolo\u0161ka asocijacija","isPartOf":{"@id":"https:\/\/nea.rs\/#website"},"datePublished":"2022-01-20T17:38:58+00:00","dateModified":"2022-01-20T17:39:02+00:00","breadcrumb":{"@id":"https:\/\/nea.rs\/index.php\/2022\/01\/20\/u-intervjuu-za-cins-dejan-lekic-o-kvalitetu-vazduha\/#breadcrumb"},"inLanguage":"sr-RS","potentialAction":[{"@type":"ReadAction","target":["https:\/\/nea.rs\/index.php\/2022\/01\/20\/u-intervjuu-za-cins-dejan-lekic-o-kvalitetu-vazduha\/"]}]},{"@type":"BreadcrumbList","@id":"https:\/\/nea.rs\/index.php\/2022\/01\/20\/u-intervjuu-za-cins-dejan-lekic-o-kvalitetu-vazduha\/#breadcrumb","itemListElement":[{"@type":"ListItem","position":1,"name":"Po\u010detna","item":"https:\/\/nea.rs\/"},{"@type":"ListItem","position":2,"name":"U intervjuu za CINS Dejan Leki\u0107 o kvalitetu vazduha"}]},{"@type":"WebSite","@id":"https:\/\/nea.rs\/#website","url":"https:\/\/nea.rs\/","name":"Nacionalna ekolo\u0161ka asocijacija","description":"","publisher":{"@id":"https:\/\/nea.rs\/#organization"},"potentialAction":[{"@type":"SearchAction","target":{"@type":"EntryPoint","urlTemplate":"https:\/\/nea.rs\/?s={search_term_string}"},"query-input":{"@type":"PropertyValueSpecification","valueRequired":true,"valueName":"search_term_string"}}],"inLanguage":"sr-RS"},{"@type":"Organization","@id":"https:\/\/nea.rs\/#organization","name":"Nacionalna ekolo\u0161ka asocijacija","url":"https:\/\/nea.rs\/","logo":{"@type":"ImageObject","inLanguage":"sr-RS","@id":"https:\/\/nea.rs\/#\/schema\/logo\/image\/","url":"https:\/\/nea.rs\/wp-content\/uploads\/2021\/05\/cropped-logoNEA_crop_180_nowhite.jpg","contentUrl":"https:\/\/nea.rs\/wp-content\/uploads\/2021\/05\/cropped-logoNEA_crop_180_nowhite.jpg","width":276,"height":154,"caption":"Nacionalna ekolo\u0161ka asocijacija"},"image":{"@id":"https:\/\/nea.rs\/#\/schema\/logo\/image\/"},"sameAs":["https:\/\/www.facebook.com\/NEASrbija","https:\/\/x.com\/NEASrbija","https:\/\/www.instagram.com\/neasrbija\/","https:\/\/www.youtube.com\/channel\/UCxwdyhNFV-rjanyqj7JIFow"]},{"@type":"Person","@id":"https:\/\/nea.rs\/#\/schema\/person\/daf5180476fd224bc67bb42ea6d87925","name":"admin","image":{"@type":"ImageObject","inLanguage":"sr-RS","@id":"https:\/\/nea.rs\/#\/schema\/person\/image\/","url":"https:\/\/secure.gravatar.com\/avatar\/208ddce103f55aec8415cbae6044df1aa912c6d56bb8e74d76628d5d221bad04?s=96&d=mm&r=g","contentUrl":"https:\/\/secure.gravatar.com\/avatar\/208ddce103f55aec8415cbae6044df1aa912c6d56bb8e74d76628d5d221bad04?s=96&d=mm&r=g","caption":"admin"},"sameAs":["https:\/\/nea.rs"],"url":"https:\/\/nea.rs\/index.php\/author\/admin_5kpl02hl\/"}]}},"jetpack_sharing_enabled":true,"jetpack_featured_media_url":"","_links":{"self":[{"href":"https:\/\/nea.rs\/index.php\/wp-json\/wp\/v2\/posts\/973","targetHints":{"allow":["GET"]}}],"collection":[{"href":"https:\/\/nea.rs\/index.php\/wp-json\/wp\/v2\/posts"}],"about":[{"href":"https:\/\/nea.rs\/index.php\/wp-json\/wp\/v2\/types\/post"}],"author":[{"embeddable":true,"href":"https:\/\/nea.rs\/index.php\/wp-json\/wp\/v2\/users\/1"}],"replies":[{"embeddable":true,"href":"https:\/\/nea.rs\/index.php\/wp-json\/wp\/v2\/comments?post=973"}],"version-history":[{"count":1,"href":"https:\/\/nea.rs\/index.php\/wp-json\/wp\/v2\/posts\/973\/revisions"}],"predecessor-version":[{"id":974,"href":"https:\/\/nea.rs\/index.php\/wp-json\/wp\/v2\/posts\/973\/revisions\/974"}],"wp:attachment":[{"href":"https:\/\/nea.rs\/index.php\/wp-json\/wp\/v2\/media?parent=973"}],"wp:term":[{"taxonomy":"category","embeddable":true,"href":"https:\/\/nea.rs\/index.php\/wp-json\/wp\/v2\/categories?post=973"},{"taxonomy":"post_tag","embeddable":true,"href":"https:\/\/nea.rs\/index.php\/wp-json\/wp\/v2\/tags?post=973"}],"curies":[{"name":"wp","href":"https:\/\/api.w.org\/{rel}","templated":true}]}}