{"id":971,"date":"2022-01-19T18:23:22","date_gmt":"2022-01-19T18:23:22","guid":{"rendered":"https:\/\/nea.rs\/?p=971"},"modified":"2022-01-19T18:23:26","modified_gmt":"2022-01-19T18:23:26","slug":"saopstenje-nea-povodom-izjave-predstavnice-agencije-za-zastitu-zivotne-sredine","status":"publish","type":"post","link":"https:\/\/nea.rs\/index.php\/2022\/01\/19\/saopstenje-nea-povodom-izjave-predstavnice-agencije-za-zastitu-zivotne-sredine\/","title":{"rendered":"Saop\u0161tenje NEA povodom izjave predstavnice Agencije za za\u0161titu \u017eivotne sredine"},"content":{"rendered":"\n<p>Povodom izjava predstavnice Agencije za za\u0161titu \u017eivotne sredine datih u emisiji \u201eBeogradska hronika\u201c na prvom programu Radio Televizije Srbije emitovanoj 18.1.2022. godine, Nacionalna ekolo\u0161ka asocijacija saop\u0161tava:<\/p>\n\n\n\n<p>Najzad smo imali priliku da \u010dujemo izjavu predstavnice Agencije za za\u0161titu \u017eivotne sredine, institucije nadle\u017ene za informisanje gra\u0111ana o kvalitetu vazduha u Srbiji.<\/p>\n\n\n\n<p>Umesto informacija o kontinuirarnim prekora\u010denjima grani\u010dnih vrednosti zaga\u0111uju\u0107ih materija u toku 2021. godine, kao i po\u010detkom 2022. godine, ponovo smo \u010duli nemu\u0161ta obja\u0161njenja o tome da je \u201e\u010ditavog dana\u201c dobar kvalitet vazduha, informacije o vazdu\u0161nom pritisku, pravcu vetra i sli\u010dno.<\/p>\n\n\n\n<p>Da stvar bude gora, pomo\u0107nica direktora Agencije, ve\u0107 tri i po godine u statusu vr\u0161ioca du\u017enosti, saop\u0161tila je da je situacija sa kvalitetom vazduha bila lo\u0161ija davne 2011. godine, pre punih 10 godina. Ne poku\u0161avaju\u0107i da razumemo za\u0161to je izabrana ba\u0161 ta godina za ovakvo pore\u0111enje podse\u0107amo gra\u0111ane da koncentracije suspendovanih \u010destice pre\u010dnika 2,5 mikrona (PM2.5) 2011. godine nisu uop\u0161te prikazane u relevantnim izve\u0161tajima.<\/p>\n\n\n\n<p>Tako\u0111e, podse\u0107amo da se prema nedavno objavljenom <a href=\"https:\/\/nea.rs\/wp-content\/uploads\/2022\/01\/NEA-Vazduh-2021.pdf\" target=\"_blank\" rel=\"noreferrer noopener\">izve\u0161taju Nacionalne ekolo\u0161ke asocijacije<\/a> a na osnovu podataka iz 2021. godine, prema podacima sa 20 stanica koje mere PM10 \u010destice u okviru sistema automatskog monitoringa zabele\u017eena su prekora\u010denja trajanja visokih koncentracija na 16 (80%). Na svim novouspostavljenim mernim mestima u protekle dve godine (Novi Pazar, Pirot, Smederevo \u2013 Radinac i mobilna stanica u \u0160apcu dok je bila u funkciji) zabele\u017eena su prekora\u010denja. Na 9 od 20. mernih stanica koje mere koncentracije PM2.5 \u010destica su zabele\u017eena prekora\u010denja godi\u0161njih srednjih vrednosti. Na stanicama u Boru zabele\u017eena su vi\u0161estruka prekora\u010denja kako satnih tako i dnevnih grani\u010dnih vrednosti. Za\u0161to ovo nismo \u010duli od predstavnika ovla\u0161\u0107ene institucije?<\/p>\n\n\n\n<p>Ne treba posebno napominjati da je za deset godina tehnologija napredovala i da su sem novih generacija analizatora danas i samim gra\u0111anima dostupne \u201eku\u0107ne\u201c verzije analizatora kojih u Republici Srbiji u ovom trenutku ima vi\u0161e od tri stotine i koje pokazuju vi\u0161e nego alarmantno stanje u mnogim gradovima gde Agencija za za\u0161titu \u017eivotne sredine uop\u0161te ne vr\u0161i monitoring. Posebno u 18 gradova sa preko 50 hiljada stanovnika u kojima nema dr\u017eavnog monitoringa u realnom vremenu.<\/p>\n\n\n\n<p>Da li uop\u0161te mo\u017eemo o\u010dekivati bilo kakvo pobolj\u0161anje stanja kvaliteta vazduha kada lica na polo\u017eaju, zadu\u017eena da informi\u0161u gra\u0111ane, nisu u stanju da istim gra\u0111anima saop\u0161te vi\u0161e nego o\u010diglednu istinu?<\/p>\n\n\n\n<p>Kvalitet vazduha u Republici Srbiji je LO\u0160.<\/p>\n","protected":false},"excerpt":{"rendered":"<p>Povodom izjava predstavnice Agencije za za\u0161titu \u017eivotne sredine datih u emisiji \u201eBeogradska hronika\u201c na prvom programu Radio Televizije Srbije emitovanoj 18.1.2022. godine, Nacionalna ekolo\u0161ka asocijacija&hellip;<\/p>\n","protected":false},"author":1,"featured_media":0,"comment_status":"open","ping_status":"open","sticky":false,"template":"","format":"standard","meta":{"footnotes":""},"categories":[11],"tags":[],"class_list":["post-971","post","type-post","status-publish","format-standard","hentry","category-saopstenja"],"yoast_head":"<!-- This site is optimized with the Yoast SEO plugin v24.9 - https:\/\/yoast.com\/wordpress\/plugins\/seo\/ -->\n<title>Saop\u0161tenje NEA povodom izjave predstavnice Agencije za za\u0161titu \u017eivotne sredine - Nacionalna ekolo\u0161ka asocijacija<\/title>\n<meta name=\"robots\" content=\"index, follow, max-snippet:-1, max-image-preview:large, max-video-preview:-1\" \/>\n<link rel=\"canonical\" href=\"https:\/\/nea.rs\/index.php\/2022\/01\/19\/saopstenje-nea-povodom-izjave-predstavnice-agencije-za-zastitu-zivotne-sredine\/\" \/>\n<meta property=\"og:locale\" content=\"sr_RS\" \/>\n<meta property=\"og:type\" content=\"article\" \/>\n<meta property=\"og:title\" content=\"Saop\u0161tenje NEA povodom izjave predstavnice Agencije za za\u0161titu \u017eivotne sredine - Nacionalna ekolo\u0161ka asocijacija\" \/>\n<meta property=\"og:description\" content=\"Povodom izjava predstavnice Agencije za za\u0161titu \u017eivotne sredine datih u emisiji \u201eBeogradska hronika\u201c na prvom programu Radio Televizije Srbije emitovanoj 18.1.2022. godine, Nacionalna ekolo\u0161ka asocijacija&hellip;\" \/>\n<meta property=\"og:url\" content=\"https:\/\/nea.rs\/index.php\/2022\/01\/19\/saopstenje-nea-povodom-izjave-predstavnice-agencije-za-zastitu-zivotne-sredine\/\" \/>\n<meta property=\"og:site_name\" content=\"Nacionalna ekolo\u0161ka asocijacija\" \/>\n<meta property=\"article:publisher\" content=\"https:\/\/www.facebook.com\/NEASrbija\" \/>\n<meta property=\"article:published_time\" content=\"2022-01-19T18:23:22+00:00\" \/>\n<meta property=\"article:modified_time\" content=\"2022-01-19T18:23:26+00:00\" \/>\n<meta name=\"author\" content=\"admin\" \/>\n<meta name=\"twitter:card\" content=\"summary_large_image\" \/>\n<meta name=\"twitter:creator\" content=\"@NEASrbija\" \/>\n<meta name=\"twitter:site\" content=\"@NEASrbija\" \/>\n<meta name=\"twitter:label1\" content=\"Napisano od\" \/>\n\t<meta name=\"twitter:data1\" content=\"admin\" \/>\n\t<meta name=\"twitter:label2\" content=\"Procenjeno vreme \u010ditanja\" \/>\n\t<meta name=\"twitter:data2\" content=\"3 minuta\" \/>\n<script type=\"application\/ld+json\" class=\"yoast-schema-graph\">{\"@context\":\"https:\/\/schema.org\",\"@graph\":[{\"@type\":\"Article\",\"@id\":\"https:\/\/nea.rs\/index.php\/2022\/01\/19\/saopstenje-nea-povodom-izjave-predstavnice-agencije-za-zastitu-zivotne-sredine\/#article\",\"isPartOf\":{\"@id\":\"https:\/\/nea.rs\/index.php\/2022\/01\/19\/saopstenje-nea-povodom-izjave-predstavnice-agencije-za-zastitu-zivotne-sredine\/\"},\"author\":{\"name\":\"admin\",\"@id\":\"https:\/\/nea.rs\/#\/schema\/person\/daf5180476fd224bc67bb42ea6d87925\"},\"headline\":\"Saop\u0161tenje NEA povodom izjave predstavnice Agencije za za\u0161titu \u017eivotne sredine\",\"datePublished\":\"2022-01-19T18:23:22+00:00\",\"dateModified\":\"2022-01-19T18:23:26+00:00\",\"mainEntityOfPage\":{\"@id\":\"https:\/\/nea.rs\/index.php\/2022\/01\/19\/saopstenje-nea-povodom-izjave-predstavnice-agencije-za-zastitu-zivotne-sredine\/\"},\"wordCount\":436,\"commentCount\":0,\"publisher\":{\"@id\":\"https:\/\/nea.rs\/#organization\"},\"articleSection\":[\"Saop\u0161tenja\"],\"inLanguage\":\"sr-RS\",\"potentialAction\":[{\"@type\":\"CommentAction\",\"name\":\"Comment\",\"target\":[\"https:\/\/nea.rs\/index.php\/2022\/01\/19\/saopstenje-nea-povodom-izjave-predstavnice-agencije-za-zastitu-zivotne-sredine\/#respond\"]}]},{\"@type\":\"WebPage\",\"@id\":\"https:\/\/nea.rs\/index.php\/2022\/01\/19\/saopstenje-nea-povodom-izjave-predstavnice-agencije-za-zastitu-zivotne-sredine\/\",\"url\":\"https:\/\/nea.rs\/index.php\/2022\/01\/19\/saopstenje-nea-povodom-izjave-predstavnice-agencije-za-zastitu-zivotne-sredine\/\",\"name\":\"Saop\u0161tenje NEA povodom izjave predstavnice Agencije za za\u0161titu \u017eivotne sredine - Nacionalna ekolo\u0161ka asocijacija\",\"isPartOf\":{\"@id\":\"https:\/\/nea.rs\/#website\"},\"datePublished\":\"2022-01-19T18:23:22+00:00\",\"dateModified\":\"2022-01-19T18:23:26+00:00\",\"breadcrumb\":{\"@id\":\"https:\/\/nea.rs\/index.php\/2022\/01\/19\/saopstenje-nea-povodom-izjave-predstavnice-agencije-za-zastitu-zivotne-sredine\/#breadcrumb\"},\"inLanguage\":\"sr-RS\",\"potentialAction\":[{\"@type\":\"ReadAction\",\"target\":[\"https:\/\/nea.rs\/index.php\/2022\/01\/19\/saopstenje-nea-povodom-izjave-predstavnice-agencije-za-zastitu-zivotne-sredine\/\"]}]},{\"@type\":\"BreadcrumbList\",\"@id\":\"https:\/\/nea.rs\/index.php\/2022\/01\/19\/saopstenje-nea-povodom-izjave-predstavnice-agencije-za-zastitu-zivotne-sredine\/#breadcrumb\",\"itemListElement\":[{\"@type\":\"ListItem\",\"position\":1,\"name\":\"Po\u010detna\",\"item\":\"https:\/\/nea.rs\/\"},{\"@type\":\"ListItem\",\"position\":2,\"name\":\"Saop\u0161tenje NEA povodom izjave predstavnice Agencije za za\u0161titu \u017eivotne sredine\"}]},{\"@type\":\"WebSite\",\"@id\":\"https:\/\/nea.rs\/#website\",\"url\":\"https:\/\/nea.rs\/\",\"name\":\"Nacionalna ekolo\u0161ka asocijacija\",\"description\":\"\",\"publisher\":{\"@id\":\"https:\/\/nea.rs\/#organization\"},\"potentialAction\":[{\"@type\":\"SearchAction\",\"target\":{\"@type\":\"EntryPoint\",\"urlTemplate\":\"https:\/\/nea.rs\/?s={search_term_string}\"},\"query-input\":{\"@type\":\"PropertyValueSpecification\",\"valueRequired\":true,\"valueName\":\"search_term_string\"}}],\"inLanguage\":\"sr-RS\"},{\"@type\":\"Organization\",\"@id\":\"https:\/\/nea.rs\/#organization\",\"name\":\"Nacionalna ekolo\u0161ka asocijacija\",\"url\":\"https:\/\/nea.rs\/\",\"logo\":{\"@type\":\"ImageObject\",\"inLanguage\":\"sr-RS\",\"@id\":\"https:\/\/nea.rs\/#\/schema\/logo\/image\/\",\"url\":\"https:\/\/nea.rs\/wp-content\/uploads\/2021\/05\/cropped-logoNEA_crop_180_nowhite.jpg\",\"contentUrl\":\"https:\/\/nea.rs\/wp-content\/uploads\/2021\/05\/cropped-logoNEA_crop_180_nowhite.jpg\",\"width\":276,\"height\":154,\"caption\":\"Nacionalna ekolo\u0161ka asocijacija\"},\"image\":{\"@id\":\"https:\/\/nea.rs\/#\/schema\/logo\/image\/\"},\"sameAs\":[\"https:\/\/www.facebook.com\/NEASrbija\",\"https:\/\/x.com\/NEASrbija\",\"https:\/\/www.instagram.com\/neasrbija\/\",\"https:\/\/www.youtube.com\/channel\/UCxwdyhNFV-rjanyqj7JIFow\"]},{\"@type\":\"Person\",\"@id\":\"https:\/\/nea.rs\/#\/schema\/person\/daf5180476fd224bc67bb42ea6d87925\",\"name\":\"admin\",\"image\":{\"@type\":\"ImageObject\",\"inLanguage\":\"sr-RS\",\"@id\":\"https:\/\/nea.rs\/#\/schema\/person\/image\/\",\"url\":\"https:\/\/secure.gravatar.com\/avatar\/208ddce103f55aec8415cbae6044df1aa912c6d56bb8e74d76628d5d221bad04?s=96&d=mm&r=g\",\"contentUrl\":\"https:\/\/secure.gravatar.com\/avatar\/208ddce103f55aec8415cbae6044df1aa912c6d56bb8e74d76628d5d221bad04?s=96&d=mm&r=g\",\"caption\":\"admin\"},\"sameAs\":[\"https:\/\/nea.rs\"],\"url\":\"https:\/\/nea.rs\/index.php\/author\/admin_5kpl02hl\/\"}]}<\/script>\n<!-- \/ Yoast SEO plugin. -->","yoast_head_json":{"title":"Saop\u0161tenje NEA povodom izjave predstavnice Agencije za za\u0161titu \u017eivotne sredine - Nacionalna ekolo\u0161ka asocijacija","robots":{"index":"index","follow":"follow","max-snippet":"max-snippet:-1","max-image-preview":"max-image-preview:large","max-video-preview":"max-video-preview:-1"},"canonical":"https:\/\/nea.rs\/index.php\/2022\/01\/19\/saopstenje-nea-povodom-izjave-predstavnice-agencije-za-zastitu-zivotne-sredine\/","og_locale":"sr_RS","og_type":"article","og_title":"Saop\u0161tenje NEA povodom izjave predstavnice Agencije za za\u0161titu \u017eivotne sredine - Nacionalna ekolo\u0161ka asocijacija","og_description":"Povodom izjava predstavnice Agencije za za\u0161titu \u017eivotne sredine datih u emisiji \u201eBeogradska hronika\u201c na prvom programu Radio Televizije Srbije emitovanoj 18.1.2022. godine, Nacionalna ekolo\u0161ka asocijacija&hellip;","og_url":"https:\/\/nea.rs\/index.php\/2022\/01\/19\/saopstenje-nea-povodom-izjave-predstavnice-agencije-za-zastitu-zivotne-sredine\/","og_site_name":"Nacionalna ekolo\u0161ka asocijacija","article_publisher":"https:\/\/www.facebook.com\/NEASrbija","article_published_time":"2022-01-19T18:23:22+00:00","article_modified_time":"2022-01-19T18:23:26+00:00","author":"admin","twitter_card":"summary_large_image","twitter_creator":"@NEASrbija","twitter_site":"@NEASrbija","twitter_misc":{"Napisano od":"admin","Procenjeno vreme \u010ditanja":"3 minuta"},"schema":{"@context":"https:\/\/schema.org","@graph":[{"@type":"Article","@id":"https:\/\/nea.rs\/index.php\/2022\/01\/19\/saopstenje-nea-povodom-izjave-predstavnice-agencije-za-zastitu-zivotne-sredine\/#article","isPartOf":{"@id":"https:\/\/nea.rs\/index.php\/2022\/01\/19\/saopstenje-nea-povodom-izjave-predstavnice-agencije-za-zastitu-zivotne-sredine\/"},"author":{"name":"admin","@id":"https:\/\/nea.rs\/#\/schema\/person\/daf5180476fd224bc67bb42ea6d87925"},"headline":"Saop\u0161tenje NEA povodom izjave predstavnice Agencije za za\u0161titu \u017eivotne sredine","datePublished":"2022-01-19T18:23:22+00:00","dateModified":"2022-01-19T18:23:26+00:00","mainEntityOfPage":{"@id":"https:\/\/nea.rs\/index.php\/2022\/01\/19\/saopstenje-nea-povodom-izjave-predstavnice-agencije-za-zastitu-zivotne-sredine\/"},"wordCount":436,"commentCount":0,"publisher":{"@id":"https:\/\/nea.rs\/#organization"},"articleSection":["Saop\u0161tenja"],"inLanguage":"sr-RS","potentialAction":[{"@type":"CommentAction","name":"Comment","target":["https:\/\/nea.rs\/index.php\/2022\/01\/19\/saopstenje-nea-povodom-izjave-predstavnice-agencije-za-zastitu-zivotne-sredine\/#respond"]}]},{"@type":"WebPage","@id":"https:\/\/nea.rs\/index.php\/2022\/01\/19\/saopstenje-nea-povodom-izjave-predstavnice-agencije-za-zastitu-zivotne-sredine\/","url":"https:\/\/nea.rs\/index.php\/2022\/01\/19\/saopstenje-nea-povodom-izjave-predstavnice-agencije-za-zastitu-zivotne-sredine\/","name":"Saop\u0161tenje NEA povodom izjave predstavnice Agencije za za\u0161titu \u017eivotne sredine - Nacionalna ekolo\u0161ka asocijacija","isPartOf":{"@id":"https:\/\/nea.rs\/#website"},"datePublished":"2022-01-19T18:23:22+00:00","dateModified":"2022-01-19T18:23:26+00:00","breadcrumb":{"@id":"https:\/\/nea.rs\/index.php\/2022\/01\/19\/saopstenje-nea-povodom-izjave-predstavnice-agencije-za-zastitu-zivotne-sredine\/#breadcrumb"},"inLanguage":"sr-RS","potentialAction":[{"@type":"ReadAction","target":["https:\/\/nea.rs\/index.php\/2022\/01\/19\/saopstenje-nea-povodom-izjave-predstavnice-agencije-za-zastitu-zivotne-sredine\/"]}]},{"@type":"BreadcrumbList","@id":"https:\/\/nea.rs\/index.php\/2022\/01\/19\/saopstenje-nea-povodom-izjave-predstavnice-agencije-za-zastitu-zivotne-sredine\/#breadcrumb","itemListElement":[{"@type":"ListItem","position":1,"name":"Po\u010detna","item":"https:\/\/nea.rs\/"},{"@type":"ListItem","position":2,"name":"Saop\u0161tenje NEA povodom izjave predstavnice Agencije za za\u0161titu \u017eivotne sredine"}]},{"@type":"WebSite","@id":"https:\/\/nea.rs\/#website","url":"https:\/\/nea.rs\/","name":"Nacionalna ekolo\u0161ka asocijacija","description":"","publisher":{"@id":"https:\/\/nea.rs\/#organization"},"potentialAction":[{"@type":"SearchAction","target":{"@type":"EntryPoint","urlTemplate":"https:\/\/nea.rs\/?s={search_term_string}"},"query-input":{"@type":"PropertyValueSpecification","valueRequired":true,"valueName":"search_term_string"}}],"inLanguage":"sr-RS"},{"@type":"Organization","@id":"https:\/\/nea.rs\/#organization","name":"Nacionalna ekolo\u0161ka asocijacija","url":"https:\/\/nea.rs\/","logo":{"@type":"ImageObject","inLanguage":"sr-RS","@id":"https:\/\/nea.rs\/#\/schema\/logo\/image\/","url":"https:\/\/nea.rs\/wp-content\/uploads\/2021\/05\/cropped-logoNEA_crop_180_nowhite.jpg","contentUrl":"https:\/\/nea.rs\/wp-content\/uploads\/2021\/05\/cropped-logoNEA_crop_180_nowhite.jpg","width":276,"height":154,"caption":"Nacionalna ekolo\u0161ka asocijacija"},"image":{"@id":"https:\/\/nea.rs\/#\/schema\/logo\/image\/"},"sameAs":["https:\/\/www.facebook.com\/NEASrbija","https:\/\/x.com\/NEASrbija","https:\/\/www.instagram.com\/neasrbija\/","https:\/\/www.youtube.com\/channel\/UCxwdyhNFV-rjanyqj7JIFow"]},{"@type":"Person","@id":"https:\/\/nea.rs\/#\/schema\/person\/daf5180476fd224bc67bb42ea6d87925","name":"admin","image":{"@type":"ImageObject","inLanguage":"sr-RS","@id":"https:\/\/nea.rs\/#\/schema\/person\/image\/","url":"https:\/\/secure.gravatar.com\/avatar\/208ddce103f55aec8415cbae6044df1aa912c6d56bb8e74d76628d5d221bad04?s=96&d=mm&r=g","contentUrl":"https:\/\/secure.gravatar.com\/avatar\/208ddce103f55aec8415cbae6044df1aa912c6d56bb8e74d76628d5d221bad04?s=96&d=mm&r=g","caption":"admin"},"sameAs":["https:\/\/nea.rs"],"url":"https:\/\/nea.rs\/index.php\/author\/admin_5kpl02hl\/"}]}},"jetpack_sharing_enabled":true,"jetpack_featured_media_url":"","_links":{"self":[{"href":"https:\/\/nea.rs\/index.php\/wp-json\/wp\/v2\/posts\/971","targetHints":{"allow":["GET"]}}],"collection":[{"href":"https:\/\/nea.rs\/index.php\/wp-json\/wp\/v2\/posts"}],"about":[{"href":"https:\/\/nea.rs\/index.php\/wp-json\/wp\/v2\/types\/post"}],"author":[{"embeddable":true,"href":"https:\/\/nea.rs\/index.php\/wp-json\/wp\/v2\/users\/1"}],"replies":[{"embeddable":true,"href":"https:\/\/nea.rs\/index.php\/wp-json\/wp\/v2\/comments?post=971"}],"version-history":[{"count":1,"href":"https:\/\/nea.rs\/index.php\/wp-json\/wp\/v2\/posts\/971\/revisions"}],"predecessor-version":[{"id":972,"href":"https:\/\/nea.rs\/index.php\/wp-json\/wp\/v2\/posts\/971\/revisions\/972"}],"wp:attachment":[{"href":"https:\/\/nea.rs\/index.php\/wp-json\/wp\/v2\/media?parent=971"}],"wp:term":[{"taxonomy":"category","embeddable":true,"href":"https:\/\/nea.rs\/index.php\/wp-json\/wp\/v2\/categories?post=971"},{"taxonomy":"post_tag","embeddable":true,"href":"https:\/\/nea.rs\/index.php\/wp-json\/wp\/v2\/tags?post=971"}],"curies":[{"name":"wp","href":"https:\/\/api.w.org\/{rel}","templated":true}]}}