{"id":919,"date":"2021-12-18T08:33:23","date_gmt":"2021-12-18T08:33:23","guid":{"rendered":"https:\/\/nea.rs\/?p=919"},"modified":"2021-12-20T14:42:37","modified_gmt":"2021-12-20T14:42:37","slug":"agencija-za-zivotnu-sredinu-priznala-gresku-nea-trazi-odgovornost-nadleznih","status":"publish","type":"post","link":"https:\/\/nea.rs\/index.php\/2021\/12\/18\/agencija-za-zivotnu-sredinu-priznala-gresku-nea-trazi-odgovornost-nadleznih\/","title":{"rendered":"Agencija za \u017eivotnu sredinu PRIZNALA gre\u0161ku. NEA tra\u017ei odgovornost nadle\u017enih"},"content":{"rendered":"\n<p>NEA sa zadovoljstom ali i iskernim \u017ealjenjem obave\u0161tava javnost da je na\u0161 zahtev za primenu Evropskog indeksa kvaliteta vazduha &#8222;izgleda&#8220; prihva\u0107en ali na na\u010din koji nas duboko uznemirava. <\/p>\n\n\n\n<p>Kompetno saop\u0161tenje:<\/p>\n\n\n\n<p>U momentu otvaranja Poglavlja 27 \u201e\u017divotna sredina i klimatske promene\u201c u pristupnim pregovorima sa EU, ta\u010dno 13 (trinaest) meseci nakon montiranog procesa i protivzakonitog otkaza Milenku Jovanovi\u0107u, Agencija za za\u0161titu \u017eivotne sredine obratila se Evropskoj agenciji za \u017eivotnu sredinu (EEA) od koje tra\u017ei sugestiju i pomo\u0107 za formiranje \u201enovog\u201c prikaza Indeksa kvaliteta vazduha!? Isti oni koji su oktobra 2020. godine bez obja\u0161njenja promenili kriterijume za ocenu kvaliteta vazduha, a zatim se obra\u010dunali sa svakim ko je iskazao stru\u010dnu rezervu prema ovakvoj odluci, sada mole za pomo\u0107.<\/p>\n\n\n\n<p>Postavljaju se slede\u0107a pitanja:<\/p>\n\n\n\n<ul class=\"wp-block-list\"><li>Koje kriterijume za ocenu kvaliteta vazduha su ovi \u201eeksperti\u201c is srpske Agencije branili od svih sugestija koje su dolazili kako od stru\u010dne javnosti tako i od gra\u0111ana, ako sada tra\u017ee od Evropske agencije da im objasni kako se prikazuje indeks kvaliteta vazduha?<\/li><li>Za\u0161to tra\u017ee dodatna obja\u0161njenja kada je Agencija za za\u0161titu \u017eivotne sredine saradnik EEA vi\u0161e od 15 godina i vrlo dobro je poznato koji Indeks kvaliteta vazduha koristi a stanice iz Republike Srbije ve\u0107 se prikazuju na njihovim portalima kori\u0161\u0107enjem pomenutog EU indeksa?<\/li><li>Kako je mogu\u0107e da su zbog promene indeksa kvaliteta vazduha ukinuli Odeljenje za kvalitet vazduha da bi se obra\u010dunali sa Milenkom Jovanovi\u0107em a zatim i Odeljenje za informacioni sistem i izve\u0161tavanje a sada tra\u017ee pomo\u0107 u primeni ta\u010dno onoga na \u0161ta je gospodin Jovanovi\u0107 ukazivao i zbog \u010dega je otpu\u0161ten?<\/li><li>Za\u0161to su imejl kojim se obra\u0107aju za savet uputili SVIM zemljama \u010dlanicama EEA, na vi\u0161e od 70 adresa, stru\u010dnjaka \u0161irom EU, \u010dime su naneli nesagledivu \u0161tetu Republici Srbiji u osvit otvaranja Klastera 4, jer se ovakvim obra\u0107anjem sti\u010de utisak da u Srbiji nema nikoga ko zapravo razume osnovno koncepte u oblasti monitoringa kvaliteta vazduha?<\/li><\/ul>\n\n\n\n<p>I kona\u010dno, poslednje pitanje: Da li vas je sramota?<\/p>\n\n\n\n<p>Nacionalna ekolo\u0161ka asocijacija, koja od svog osnivanja zahteva primenu Evropskog indeksa kvaliteta vazduha, sada tra\u017ei momentalnu odgovornost svih uklju\u010denih u ovu amatersku predstavu sa o\u010digledno tragi\u010dnim zavr\u0161etkom.<\/p>\n","protected":false},"excerpt":{"rendered":"<p>NEA sa zadovoljstom ali i iskernim \u017ealjenjem obave\u0161tava javnost da je na\u0161 zahtev za primenu Evropskog indeksa kvaliteta vazduha &#8222;izgleda&#8220; prihva\u0107en ali na na\u010din koji&hellip;<\/p>\n","protected":false},"author":1,"featured_media":0,"comment_status":"closed","ping_status":"open","sticky":false,"template":"","format":"standard","meta":{"footnotes":""},"categories":[5,11],"tags":[],"class_list":["post-919","post","type-post","status-publish","format-standard","hentry","category-aktivnosti","category-saopstenja"],"yoast_head":"<!-- This site is optimized with the Yoast SEO plugin v24.9 - https:\/\/yoast.com\/wordpress\/plugins\/seo\/ -->\n<title>Agencija za \u017eivotnu sredinu PRIZNALA gre\u0161ku. NEA tra\u017ei odgovornost nadle\u017enih - Nacionalna ekolo\u0161ka asocijacija<\/title>\n<meta name=\"robots\" content=\"index, follow, max-snippet:-1, max-image-preview:large, max-video-preview:-1\" \/>\n<link rel=\"canonical\" href=\"https:\/\/nea.rs\/index.php\/2021\/12\/18\/agencija-za-zivotnu-sredinu-priznala-gresku-nea-trazi-odgovornost-nadleznih\/\" \/>\n<meta property=\"og:locale\" content=\"sr_RS\" \/>\n<meta property=\"og:type\" content=\"article\" \/>\n<meta property=\"og:title\" content=\"Agencija za \u017eivotnu sredinu PRIZNALA gre\u0161ku. NEA tra\u017ei odgovornost nadle\u017enih - Nacionalna ekolo\u0161ka asocijacija\" \/>\n<meta property=\"og:description\" content=\"NEA sa zadovoljstom ali i iskernim \u017ealjenjem obave\u0161tava javnost da je na\u0161 zahtev za primenu Evropskog indeksa kvaliteta vazduha &#8222;izgleda&#8220; prihva\u0107en ali na na\u010din koji&hellip;\" \/>\n<meta property=\"og:url\" content=\"https:\/\/nea.rs\/index.php\/2021\/12\/18\/agencija-za-zivotnu-sredinu-priznala-gresku-nea-trazi-odgovornost-nadleznih\/\" \/>\n<meta property=\"og:site_name\" content=\"Nacionalna ekolo\u0161ka asocijacija\" \/>\n<meta property=\"article:publisher\" content=\"https:\/\/www.facebook.com\/NEASrbija\" \/>\n<meta property=\"article:published_time\" content=\"2021-12-18T08:33:23+00:00\" \/>\n<meta property=\"article:modified_time\" content=\"2021-12-20T14:42:37+00:00\" \/>\n<meta name=\"author\" content=\"admin\" \/>\n<meta name=\"twitter:card\" content=\"summary_large_image\" \/>\n<meta name=\"twitter:creator\" content=\"@NEASrbija\" \/>\n<meta name=\"twitter:site\" content=\"@NEASrbija\" \/>\n<meta name=\"twitter:label1\" content=\"Napisano od\" \/>\n\t<meta name=\"twitter:data1\" content=\"admin\" \/>\n\t<meta name=\"twitter:label2\" content=\"Procenjeno vreme \u010ditanja\" \/>\n\t<meta name=\"twitter:data2\" content=\"2 minuta\" \/>\n<script type=\"application\/ld+json\" class=\"yoast-schema-graph\">{\"@context\":\"https:\/\/schema.org\",\"@graph\":[{\"@type\":\"Article\",\"@id\":\"https:\/\/nea.rs\/index.php\/2021\/12\/18\/agencija-za-zivotnu-sredinu-priznala-gresku-nea-trazi-odgovornost-nadleznih\/#article\",\"isPartOf\":{\"@id\":\"https:\/\/nea.rs\/index.php\/2021\/12\/18\/agencija-za-zivotnu-sredinu-priznala-gresku-nea-trazi-odgovornost-nadleznih\/\"},\"author\":{\"name\":\"admin\",\"@id\":\"https:\/\/nea.rs\/#\/schema\/person\/daf5180476fd224bc67bb42ea6d87925\"},\"headline\":\"Agencija za \u017eivotnu sredinu PRIZNALA gre\u0161ku. NEA tra\u017ei odgovornost nadle\u017enih\",\"datePublished\":\"2021-12-18T08:33:23+00:00\",\"dateModified\":\"2021-12-20T14:42:37+00:00\",\"mainEntityOfPage\":{\"@id\":\"https:\/\/nea.rs\/index.php\/2021\/12\/18\/agencija-za-zivotnu-sredinu-priznala-gresku-nea-trazi-odgovornost-nadleznih\/\"},\"wordCount\":392,\"publisher\":{\"@id\":\"https:\/\/nea.rs\/#organization\"},\"articleSection\":[\"Aktivnosti\",\"Saop\u0161tenja\"],\"inLanguage\":\"sr-RS\"},{\"@type\":\"WebPage\",\"@id\":\"https:\/\/nea.rs\/index.php\/2021\/12\/18\/agencija-za-zivotnu-sredinu-priznala-gresku-nea-trazi-odgovornost-nadleznih\/\",\"url\":\"https:\/\/nea.rs\/index.php\/2021\/12\/18\/agencija-za-zivotnu-sredinu-priznala-gresku-nea-trazi-odgovornost-nadleznih\/\",\"name\":\"Agencija za \u017eivotnu sredinu PRIZNALA gre\u0161ku. NEA tra\u017ei odgovornost nadle\u017enih - Nacionalna ekolo\u0161ka asocijacija\",\"isPartOf\":{\"@id\":\"https:\/\/nea.rs\/#website\"},\"datePublished\":\"2021-12-18T08:33:23+00:00\",\"dateModified\":\"2021-12-20T14:42:37+00:00\",\"breadcrumb\":{\"@id\":\"https:\/\/nea.rs\/index.php\/2021\/12\/18\/agencija-za-zivotnu-sredinu-priznala-gresku-nea-trazi-odgovornost-nadleznih\/#breadcrumb\"},\"inLanguage\":\"sr-RS\",\"potentialAction\":[{\"@type\":\"ReadAction\",\"target\":[\"https:\/\/nea.rs\/index.php\/2021\/12\/18\/agencija-za-zivotnu-sredinu-priznala-gresku-nea-trazi-odgovornost-nadleznih\/\"]}]},{\"@type\":\"BreadcrumbList\",\"@id\":\"https:\/\/nea.rs\/index.php\/2021\/12\/18\/agencija-za-zivotnu-sredinu-priznala-gresku-nea-trazi-odgovornost-nadleznih\/#breadcrumb\",\"itemListElement\":[{\"@type\":\"ListItem\",\"position\":1,\"name\":\"Po\u010detna\",\"item\":\"https:\/\/nea.rs\/\"},{\"@type\":\"ListItem\",\"position\":2,\"name\":\"Agencija za \u017eivotnu sredinu PRIZNALA gre\u0161ku. NEA tra\u017ei odgovornost nadle\u017enih\"}]},{\"@type\":\"WebSite\",\"@id\":\"https:\/\/nea.rs\/#website\",\"url\":\"https:\/\/nea.rs\/\",\"name\":\"Nacionalna ekolo\u0161ka asocijacija\",\"description\":\"\",\"publisher\":{\"@id\":\"https:\/\/nea.rs\/#organization\"},\"potentialAction\":[{\"@type\":\"SearchAction\",\"target\":{\"@type\":\"EntryPoint\",\"urlTemplate\":\"https:\/\/nea.rs\/?s={search_term_string}\"},\"query-input\":{\"@type\":\"PropertyValueSpecification\",\"valueRequired\":true,\"valueName\":\"search_term_string\"}}],\"inLanguage\":\"sr-RS\"},{\"@type\":\"Organization\",\"@id\":\"https:\/\/nea.rs\/#organization\",\"name\":\"Nacionalna ekolo\u0161ka asocijacija\",\"url\":\"https:\/\/nea.rs\/\",\"logo\":{\"@type\":\"ImageObject\",\"inLanguage\":\"sr-RS\",\"@id\":\"https:\/\/nea.rs\/#\/schema\/logo\/image\/\",\"url\":\"https:\/\/nea.rs\/wp-content\/uploads\/2021\/05\/cropped-logoNEA_crop_180_nowhite.jpg\",\"contentUrl\":\"https:\/\/nea.rs\/wp-content\/uploads\/2021\/05\/cropped-logoNEA_crop_180_nowhite.jpg\",\"width\":276,\"height\":154,\"caption\":\"Nacionalna ekolo\u0161ka asocijacija\"},\"image\":{\"@id\":\"https:\/\/nea.rs\/#\/schema\/logo\/image\/\"},\"sameAs\":[\"https:\/\/www.facebook.com\/NEASrbija\",\"https:\/\/x.com\/NEASrbija\",\"https:\/\/www.instagram.com\/neasrbija\/\",\"https:\/\/www.youtube.com\/channel\/UCxwdyhNFV-rjanyqj7JIFow\"]},{\"@type\":\"Person\",\"@id\":\"https:\/\/nea.rs\/#\/schema\/person\/daf5180476fd224bc67bb42ea6d87925\",\"name\":\"admin\",\"image\":{\"@type\":\"ImageObject\",\"inLanguage\":\"sr-RS\",\"@id\":\"https:\/\/nea.rs\/#\/schema\/person\/image\/\",\"url\":\"https:\/\/secure.gravatar.com\/avatar\/208ddce103f55aec8415cbae6044df1aa912c6d56bb8e74d76628d5d221bad04?s=96&d=mm&r=g\",\"contentUrl\":\"https:\/\/secure.gravatar.com\/avatar\/208ddce103f55aec8415cbae6044df1aa912c6d56bb8e74d76628d5d221bad04?s=96&d=mm&r=g\",\"caption\":\"admin\"},\"sameAs\":[\"https:\/\/nea.rs\"],\"url\":\"https:\/\/nea.rs\/index.php\/author\/admin_5kpl02hl\/\"}]}<\/script>\n<!-- \/ Yoast SEO plugin. -->","yoast_head_json":{"title":"Agencija za \u017eivotnu sredinu PRIZNALA gre\u0161ku. NEA tra\u017ei odgovornost nadle\u017enih - Nacionalna ekolo\u0161ka asocijacija","robots":{"index":"index","follow":"follow","max-snippet":"max-snippet:-1","max-image-preview":"max-image-preview:large","max-video-preview":"max-video-preview:-1"},"canonical":"https:\/\/nea.rs\/index.php\/2021\/12\/18\/agencija-za-zivotnu-sredinu-priznala-gresku-nea-trazi-odgovornost-nadleznih\/","og_locale":"sr_RS","og_type":"article","og_title":"Agencija za \u017eivotnu sredinu PRIZNALA gre\u0161ku. NEA tra\u017ei odgovornost nadle\u017enih - Nacionalna ekolo\u0161ka asocijacija","og_description":"NEA sa zadovoljstom ali i iskernim \u017ealjenjem obave\u0161tava javnost da je na\u0161 zahtev za primenu Evropskog indeksa kvaliteta vazduha &#8222;izgleda&#8220; prihva\u0107en ali na na\u010din koji&hellip;","og_url":"https:\/\/nea.rs\/index.php\/2021\/12\/18\/agencija-za-zivotnu-sredinu-priznala-gresku-nea-trazi-odgovornost-nadleznih\/","og_site_name":"Nacionalna ekolo\u0161ka asocijacija","article_publisher":"https:\/\/www.facebook.com\/NEASrbija","article_published_time":"2021-12-18T08:33:23+00:00","article_modified_time":"2021-12-20T14:42:37+00:00","author":"admin","twitter_card":"summary_large_image","twitter_creator":"@NEASrbija","twitter_site":"@NEASrbija","twitter_misc":{"Napisano od":"admin","Procenjeno vreme \u010ditanja":"2 minuta"},"schema":{"@context":"https:\/\/schema.org","@graph":[{"@type":"Article","@id":"https:\/\/nea.rs\/index.php\/2021\/12\/18\/agencija-za-zivotnu-sredinu-priznala-gresku-nea-trazi-odgovornost-nadleznih\/#article","isPartOf":{"@id":"https:\/\/nea.rs\/index.php\/2021\/12\/18\/agencija-za-zivotnu-sredinu-priznala-gresku-nea-trazi-odgovornost-nadleznih\/"},"author":{"name":"admin","@id":"https:\/\/nea.rs\/#\/schema\/person\/daf5180476fd224bc67bb42ea6d87925"},"headline":"Agencija za \u017eivotnu sredinu PRIZNALA gre\u0161ku. NEA tra\u017ei odgovornost nadle\u017enih","datePublished":"2021-12-18T08:33:23+00:00","dateModified":"2021-12-20T14:42:37+00:00","mainEntityOfPage":{"@id":"https:\/\/nea.rs\/index.php\/2021\/12\/18\/agencija-za-zivotnu-sredinu-priznala-gresku-nea-trazi-odgovornost-nadleznih\/"},"wordCount":392,"publisher":{"@id":"https:\/\/nea.rs\/#organization"},"articleSection":["Aktivnosti","Saop\u0161tenja"],"inLanguage":"sr-RS"},{"@type":"WebPage","@id":"https:\/\/nea.rs\/index.php\/2021\/12\/18\/agencija-za-zivotnu-sredinu-priznala-gresku-nea-trazi-odgovornost-nadleznih\/","url":"https:\/\/nea.rs\/index.php\/2021\/12\/18\/agencija-za-zivotnu-sredinu-priznala-gresku-nea-trazi-odgovornost-nadleznih\/","name":"Agencija za \u017eivotnu sredinu PRIZNALA gre\u0161ku. NEA tra\u017ei odgovornost nadle\u017enih - Nacionalna ekolo\u0161ka asocijacija","isPartOf":{"@id":"https:\/\/nea.rs\/#website"},"datePublished":"2021-12-18T08:33:23+00:00","dateModified":"2021-12-20T14:42:37+00:00","breadcrumb":{"@id":"https:\/\/nea.rs\/index.php\/2021\/12\/18\/agencija-za-zivotnu-sredinu-priznala-gresku-nea-trazi-odgovornost-nadleznih\/#breadcrumb"},"inLanguage":"sr-RS","potentialAction":[{"@type":"ReadAction","target":["https:\/\/nea.rs\/index.php\/2021\/12\/18\/agencija-za-zivotnu-sredinu-priznala-gresku-nea-trazi-odgovornost-nadleznih\/"]}]},{"@type":"BreadcrumbList","@id":"https:\/\/nea.rs\/index.php\/2021\/12\/18\/agencija-za-zivotnu-sredinu-priznala-gresku-nea-trazi-odgovornost-nadleznih\/#breadcrumb","itemListElement":[{"@type":"ListItem","position":1,"name":"Po\u010detna","item":"https:\/\/nea.rs\/"},{"@type":"ListItem","position":2,"name":"Agencija za \u017eivotnu sredinu PRIZNALA gre\u0161ku. NEA tra\u017ei odgovornost nadle\u017enih"}]},{"@type":"WebSite","@id":"https:\/\/nea.rs\/#website","url":"https:\/\/nea.rs\/","name":"Nacionalna ekolo\u0161ka asocijacija","description":"","publisher":{"@id":"https:\/\/nea.rs\/#organization"},"potentialAction":[{"@type":"SearchAction","target":{"@type":"EntryPoint","urlTemplate":"https:\/\/nea.rs\/?s={search_term_string}"},"query-input":{"@type":"PropertyValueSpecification","valueRequired":true,"valueName":"search_term_string"}}],"inLanguage":"sr-RS"},{"@type":"Organization","@id":"https:\/\/nea.rs\/#organization","name":"Nacionalna ekolo\u0161ka asocijacija","url":"https:\/\/nea.rs\/","logo":{"@type":"ImageObject","inLanguage":"sr-RS","@id":"https:\/\/nea.rs\/#\/schema\/logo\/image\/","url":"https:\/\/nea.rs\/wp-content\/uploads\/2021\/05\/cropped-logoNEA_crop_180_nowhite.jpg","contentUrl":"https:\/\/nea.rs\/wp-content\/uploads\/2021\/05\/cropped-logoNEA_crop_180_nowhite.jpg","width":276,"height":154,"caption":"Nacionalna ekolo\u0161ka asocijacija"},"image":{"@id":"https:\/\/nea.rs\/#\/schema\/logo\/image\/"},"sameAs":["https:\/\/www.facebook.com\/NEASrbija","https:\/\/x.com\/NEASrbija","https:\/\/www.instagram.com\/neasrbija\/","https:\/\/www.youtube.com\/channel\/UCxwdyhNFV-rjanyqj7JIFow"]},{"@type":"Person","@id":"https:\/\/nea.rs\/#\/schema\/person\/daf5180476fd224bc67bb42ea6d87925","name":"admin","image":{"@type":"ImageObject","inLanguage":"sr-RS","@id":"https:\/\/nea.rs\/#\/schema\/person\/image\/","url":"https:\/\/secure.gravatar.com\/avatar\/208ddce103f55aec8415cbae6044df1aa912c6d56bb8e74d76628d5d221bad04?s=96&d=mm&r=g","contentUrl":"https:\/\/secure.gravatar.com\/avatar\/208ddce103f55aec8415cbae6044df1aa912c6d56bb8e74d76628d5d221bad04?s=96&d=mm&r=g","caption":"admin"},"sameAs":["https:\/\/nea.rs"],"url":"https:\/\/nea.rs\/index.php\/author\/admin_5kpl02hl\/"}]}},"jetpack_sharing_enabled":true,"jetpack_featured_media_url":"","_links":{"self":[{"href":"https:\/\/nea.rs\/index.php\/wp-json\/wp\/v2\/posts\/919","targetHints":{"allow":["GET"]}}],"collection":[{"href":"https:\/\/nea.rs\/index.php\/wp-json\/wp\/v2\/posts"}],"about":[{"href":"https:\/\/nea.rs\/index.php\/wp-json\/wp\/v2\/types\/post"}],"author":[{"embeddable":true,"href":"https:\/\/nea.rs\/index.php\/wp-json\/wp\/v2\/users\/1"}],"replies":[{"embeddable":true,"href":"https:\/\/nea.rs\/index.php\/wp-json\/wp\/v2\/comments?post=919"}],"version-history":[{"count":2,"href":"https:\/\/nea.rs\/index.php\/wp-json\/wp\/v2\/posts\/919\/revisions"}],"predecessor-version":[{"id":926,"href":"https:\/\/nea.rs\/index.php\/wp-json\/wp\/v2\/posts\/919\/revisions\/926"}],"wp:attachment":[{"href":"https:\/\/nea.rs\/index.php\/wp-json\/wp\/v2\/media?parent=919"}],"wp:term":[{"taxonomy":"category","embeddable":true,"href":"https:\/\/nea.rs\/index.php\/wp-json\/wp\/v2\/categories?post=919"},{"taxonomy":"post_tag","embeddable":true,"href":"https:\/\/nea.rs\/index.php\/wp-json\/wp\/v2\/tags?post=919"}],"curies":[{"name":"wp","href":"https:\/\/api.w.org\/{rel}","templated":true}]}}