{"id":849,"date":"2021-11-25T16:21:32","date_gmt":"2021-11-25T16:21:32","guid":{"rendered":"https:\/\/nea.rs\/?p=849"},"modified":"2021-11-25T16:21:35","modified_gmt":"2021-11-25T16:21:35","slug":"osnivac-nea-o-kvalitetu-vazduha-na-skupu-u-organizaciji-cls","status":"publish","type":"post","link":"https:\/\/nea.rs\/index.php\/2021\/11\/25\/osnivac-nea-o-kvalitetu-vazduha-na-skupu-u-organizaciji-cls\/","title":{"rendered":"Osniva\u010d NEA o kvalitetu vazduha na skupu u organizaciji CLS"},"content":{"rendered":"\n<p>Centar za lokalnu samoupravu (CLS) je identifikovao pet najva\u017enijih problema sa aerozaga\u0111anjem i od decembra \u0107e na mese\u010dnom nivou izve\u0161tavati javnost o pomacima koje je dr\u017eava na\u010dinila na tom polju, saop\u0161teno je na dana\u0161njoj konferenciji za novinare u Beogradu. Jedan od u\u010desnika je bio i Milenko Jovanovi\u0107, osniva\u010d NEA, a vest sa skupa su preneli:<\/p>\n\n\n\n<ul class=\"wp-block-list\"><li>Danas: https:\/\/www.danas.rs\/vesti\/drustvo\/cls-predlozio-pet-mera-u-borbi-protiv-aerozagadjenja-u-beogradu\/<\/li><li>Glas javnosti: https:\/\/www.glas-javnosti.rs\/vesti\/drustvo\/gori-smo-od-najzagadjenijih-u-mnogim-gradovima-zagadjenost-se-i-ne-meri&#8211;a-srbija-broji-2500-prerane-smrti-od-ovog-faktora<\/li><li>Energetski portal: https:\/\/www.energetskiportal.rs\/cls-predstavio-pet-mera-za-smanjenje-zagadjenja-u-beogradu\/<\/li><li>N1: https:\/\/rs.n1info.com\/vesti\/cls-pet-mera-za-smanjenje-zagadjenja-vazduha-u-beogradu\/<\/li><\/ul>\n\n\n\n<figure class=\"wp-block-embed is-type-wp-embed is-provider-n-1 wp-block-embed-n-1\"><div class=\"wp-block-embed__wrapper\">\n<blockquote class=\"wp-embedded-content\" data-secret=\"PoVOGT4ive\"><a href=\"https:\/\/rs.n1info.com\/vesti\/cls-pet-mera-za-smanjenje-zagadjenja-vazduha-u-beogradu\/\">CLS: Pet mera za smanjenje zaga\u0111enja vazduha u Beogradu<\/a><\/blockquote><iframe loading=\"lazy\" class=\"wp-embedded-content\" sandbox=\"allow-scripts\" security=\"restricted\" style=\"position: absolute; clip: rect(1px, 1px, 1px, 1px);\" title=\"&#132;CLS: Pet mera za smanjenje zaga\u0111enja vazduha u Beogradu&#147; &#8212; N1\" src=\"https:\/\/rs.n1info.com\/vesti\/cls-pet-mera-za-smanjenje-zagadjenja-vazduha-u-beogradu\/embed\/#?secret=PoVOGT4ive\" data-secret=\"PoVOGT4ive\" width=\"600\" height=\"338\" frameborder=\"0\" marginwidth=\"0\" marginheight=\"0\" scrolling=\"no\"><\/iframe>\n<\/div><\/figure>\n","protected":false},"excerpt":{"rendered":"<p>Centar za lokalnu samoupravu (CLS) je identifikovao pet najva\u017enijih problema sa aerozaga\u0111anjem i od decembra \u0107e na mese\u010dnom nivou izve\u0161tavati javnost o pomacima koje je&hellip;<\/p>\n","protected":false},"author":1,"featured_media":0,"comment_status":"closed","ping_status":"open","sticky":false,"template":"","format":"standard","meta":{"footnotes":""},"categories":[5,11],"tags":[],"class_list":["post-849","post","type-post","status-publish","format-standard","hentry","category-aktivnosti","category-saopstenja"],"yoast_head":"<!-- This site is optimized with the Yoast SEO plugin v24.9 - https:\/\/yoast.com\/wordpress\/plugins\/seo\/ -->\n<title>Osniva\u010d NEA o kvalitetu vazduha na skupu u organizaciji CLS - Nacionalna ekolo\u0161ka asocijacija<\/title>\n<meta name=\"robots\" content=\"index, follow, max-snippet:-1, max-image-preview:large, max-video-preview:-1\" \/>\n<link rel=\"canonical\" href=\"https:\/\/nea.rs\/index.php\/2021\/11\/25\/osnivac-nea-o-kvalitetu-vazduha-na-skupu-u-organizaciji-cls\/\" \/>\n<meta property=\"og:locale\" content=\"sr_RS\" \/>\n<meta property=\"og:type\" content=\"article\" \/>\n<meta property=\"og:title\" content=\"Osniva\u010d NEA o kvalitetu vazduha na skupu u organizaciji CLS - Nacionalna ekolo\u0161ka asocijacija\" \/>\n<meta property=\"og:description\" content=\"Centar za lokalnu samoupravu (CLS) je identifikovao pet najva\u017enijih problema sa aerozaga\u0111anjem i od decembra \u0107e na mese\u010dnom nivou izve\u0161tavati javnost o pomacima koje je&hellip;\" \/>\n<meta property=\"og:url\" content=\"https:\/\/nea.rs\/index.php\/2021\/11\/25\/osnivac-nea-o-kvalitetu-vazduha-na-skupu-u-organizaciji-cls\/\" \/>\n<meta property=\"og:site_name\" content=\"Nacionalna ekolo\u0161ka asocijacija\" \/>\n<meta property=\"article:publisher\" content=\"https:\/\/www.facebook.com\/NEASrbija\" \/>\n<meta property=\"article:published_time\" content=\"2021-11-25T16:21:32+00:00\" \/>\n<meta property=\"article:modified_time\" content=\"2021-11-25T16:21:35+00:00\" \/>\n<meta name=\"author\" content=\"admin\" \/>\n<meta name=\"twitter:card\" content=\"summary_large_image\" \/>\n<meta name=\"twitter:creator\" content=\"@NEASrbija\" \/>\n<meta name=\"twitter:site\" content=\"@NEASrbija\" \/>\n<meta name=\"twitter:label1\" content=\"Napisano od\" \/>\n\t<meta name=\"twitter:data1\" content=\"admin\" \/>\n\t<meta name=\"twitter:label2\" content=\"Procenjeno vreme \u010ditanja\" \/>\n\t<meta name=\"twitter:data2\" content=\"1 minut\" \/>\n<script type=\"application\/ld+json\" class=\"yoast-schema-graph\">{\"@context\":\"https:\/\/schema.org\",\"@graph\":[{\"@type\":\"Article\",\"@id\":\"https:\/\/nea.rs\/index.php\/2021\/11\/25\/osnivac-nea-o-kvalitetu-vazduha-na-skupu-u-organizaciji-cls\/#article\",\"isPartOf\":{\"@id\":\"https:\/\/nea.rs\/index.php\/2021\/11\/25\/osnivac-nea-o-kvalitetu-vazduha-na-skupu-u-organizaciji-cls\/\"},\"author\":{\"name\":\"admin\",\"@id\":\"https:\/\/nea.rs\/#\/schema\/person\/daf5180476fd224bc67bb42ea6d87925\"},\"headline\":\"Osniva\u010d NEA o kvalitetu vazduha na skupu u organizaciji CLS\",\"datePublished\":\"2021-11-25T16:21:32+00:00\",\"dateModified\":\"2021-11-25T16:21:35+00:00\",\"mainEntityOfPage\":{\"@id\":\"https:\/\/nea.rs\/index.php\/2021\/11\/25\/osnivac-nea-o-kvalitetu-vazduha-na-skupu-u-organizaciji-cls\/\"},\"wordCount\":114,\"publisher\":{\"@id\":\"https:\/\/nea.rs\/#organization\"},\"articleSection\":[\"Aktivnosti\",\"Saop\u0161tenja\"],\"inLanguage\":\"sr-RS\"},{\"@type\":\"WebPage\",\"@id\":\"https:\/\/nea.rs\/index.php\/2021\/11\/25\/osnivac-nea-o-kvalitetu-vazduha-na-skupu-u-organizaciji-cls\/\",\"url\":\"https:\/\/nea.rs\/index.php\/2021\/11\/25\/osnivac-nea-o-kvalitetu-vazduha-na-skupu-u-organizaciji-cls\/\",\"name\":\"Osniva\u010d NEA o kvalitetu vazduha na skupu u organizaciji CLS - Nacionalna ekolo\u0161ka asocijacija\",\"isPartOf\":{\"@id\":\"https:\/\/nea.rs\/#website\"},\"datePublished\":\"2021-11-25T16:21:32+00:00\",\"dateModified\":\"2021-11-25T16:21:35+00:00\",\"breadcrumb\":{\"@id\":\"https:\/\/nea.rs\/index.php\/2021\/11\/25\/osnivac-nea-o-kvalitetu-vazduha-na-skupu-u-organizaciji-cls\/#breadcrumb\"},\"inLanguage\":\"sr-RS\",\"potentialAction\":[{\"@type\":\"ReadAction\",\"target\":[\"https:\/\/nea.rs\/index.php\/2021\/11\/25\/osnivac-nea-o-kvalitetu-vazduha-na-skupu-u-organizaciji-cls\/\"]}]},{\"@type\":\"BreadcrumbList\",\"@id\":\"https:\/\/nea.rs\/index.php\/2021\/11\/25\/osnivac-nea-o-kvalitetu-vazduha-na-skupu-u-organizaciji-cls\/#breadcrumb\",\"itemListElement\":[{\"@type\":\"ListItem\",\"position\":1,\"name\":\"Po\u010detna\",\"item\":\"https:\/\/nea.rs\/\"},{\"@type\":\"ListItem\",\"position\":2,\"name\":\"Osniva\u010d NEA o kvalitetu vazduha na skupu u organizaciji CLS\"}]},{\"@type\":\"WebSite\",\"@id\":\"https:\/\/nea.rs\/#website\",\"url\":\"https:\/\/nea.rs\/\",\"name\":\"Nacionalna ekolo\u0161ka asocijacija\",\"description\":\"\",\"publisher\":{\"@id\":\"https:\/\/nea.rs\/#organization\"},\"potentialAction\":[{\"@type\":\"SearchAction\",\"target\":{\"@type\":\"EntryPoint\",\"urlTemplate\":\"https:\/\/nea.rs\/?s={search_term_string}\"},\"query-input\":{\"@type\":\"PropertyValueSpecification\",\"valueRequired\":true,\"valueName\":\"search_term_string\"}}],\"inLanguage\":\"sr-RS\"},{\"@type\":\"Organization\",\"@id\":\"https:\/\/nea.rs\/#organization\",\"name\":\"Nacionalna ekolo\u0161ka asocijacija\",\"url\":\"https:\/\/nea.rs\/\",\"logo\":{\"@type\":\"ImageObject\",\"inLanguage\":\"sr-RS\",\"@id\":\"https:\/\/nea.rs\/#\/schema\/logo\/image\/\",\"url\":\"https:\/\/nea.rs\/wp-content\/uploads\/2021\/05\/cropped-logoNEA_crop_180_nowhite.jpg\",\"contentUrl\":\"https:\/\/nea.rs\/wp-content\/uploads\/2021\/05\/cropped-logoNEA_crop_180_nowhite.jpg\",\"width\":276,\"height\":154,\"caption\":\"Nacionalna ekolo\u0161ka asocijacija\"},\"image\":{\"@id\":\"https:\/\/nea.rs\/#\/schema\/logo\/image\/\"},\"sameAs\":[\"https:\/\/www.facebook.com\/NEASrbija\",\"https:\/\/x.com\/NEASrbija\",\"https:\/\/www.instagram.com\/neasrbija\/\",\"https:\/\/www.youtube.com\/channel\/UCxwdyhNFV-rjanyqj7JIFow\"]},{\"@type\":\"Person\",\"@id\":\"https:\/\/nea.rs\/#\/schema\/person\/daf5180476fd224bc67bb42ea6d87925\",\"name\":\"admin\",\"image\":{\"@type\":\"ImageObject\",\"inLanguage\":\"sr-RS\",\"@id\":\"https:\/\/nea.rs\/#\/schema\/person\/image\/\",\"url\":\"https:\/\/secure.gravatar.com\/avatar\/208ddce103f55aec8415cbae6044df1aa912c6d56bb8e74d76628d5d221bad04?s=96&d=mm&r=g\",\"contentUrl\":\"https:\/\/secure.gravatar.com\/avatar\/208ddce103f55aec8415cbae6044df1aa912c6d56bb8e74d76628d5d221bad04?s=96&d=mm&r=g\",\"caption\":\"admin\"},\"sameAs\":[\"https:\/\/nea.rs\"],\"url\":\"https:\/\/nea.rs\/index.php\/author\/admin_5kpl02hl\/\"}]}<\/script>\n<!-- \/ Yoast SEO plugin. -->","yoast_head_json":{"title":"Osniva\u010d NEA o kvalitetu vazduha na skupu u organizaciji CLS - Nacionalna ekolo\u0161ka asocijacija","robots":{"index":"index","follow":"follow","max-snippet":"max-snippet:-1","max-image-preview":"max-image-preview:large","max-video-preview":"max-video-preview:-1"},"canonical":"https:\/\/nea.rs\/index.php\/2021\/11\/25\/osnivac-nea-o-kvalitetu-vazduha-na-skupu-u-organizaciji-cls\/","og_locale":"sr_RS","og_type":"article","og_title":"Osniva\u010d NEA o kvalitetu vazduha na skupu u organizaciji CLS - Nacionalna ekolo\u0161ka asocijacija","og_description":"Centar za lokalnu samoupravu (CLS) je identifikovao pet najva\u017enijih problema sa aerozaga\u0111anjem i od decembra \u0107e na mese\u010dnom nivou izve\u0161tavati javnost o pomacima koje je&hellip;","og_url":"https:\/\/nea.rs\/index.php\/2021\/11\/25\/osnivac-nea-o-kvalitetu-vazduha-na-skupu-u-organizaciji-cls\/","og_site_name":"Nacionalna ekolo\u0161ka asocijacija","article_publisher":"https:\/\/www.facebook.com\/NEASrbija","article_published_time":"2021-11-25T16:21:32+00:00","article_modified_time":"2021-11-25T16:21:35+00:00","author":"admin","twitter_card":"summary_large_image","twitter_creator":"@NEASrbija","twitter_site":"@NEASrbija","twitter_misc":{"Napisano od":"admin","Procenjeno vreme \u010ditanja":"1 minut"},"schema":{"@context":"https:\/\/schema.org","@graph":[{"@type":"Article","@id":"https:\/\/nea.rs\/index.php\/2021\/11\/25\/osnivac-nea-o-kvalitetu-vazduha-na-skupu-u-organizaciji-cls\/#article","isPartOf":{"@id":"https:\/\/nea.rs\/index.php\/2021\/11\/25\/osnivac-nea-o-kvalitetu-vazduha-na-skupu-u-organizaciji-cls\/"},"author":{"name":"admin","@id":"https:\/\/nea.rs\/#\/schema\/person\/daf5180476fd224bc67bb42ea6d87925"},"headline":"Osniva\u010d NEA o kvalitetu vazduha na skupu u organizaciji CLS","datePublished":"2021-11-25T16:21:32+00:00","dateModified":"2021-11-25T16:21:35+00:00","mainEntityOfPage":{"@id":"https:\/\/nea.rs\/index.php\/2021\/11\/25\/osnivac-nea-o-kvalitetu-vazduha-na-skupu-u-organizaciji-cls\/"},"wordCount":114,"publisher":{"@id":"https:\/\/nea.rs\/#organization"},"articleSection":["Aktivnosti","Saop\u0161tenja"],"inLanguage":"sr-RS"},{"@type":"WebPage","@id":"https:\/\/nea.rs\/index.php\/2021\/11\/25\/osnivac-nea-o-kvalitetu-vazduha-na-skupu-u-organizaciji-cls\/","url":"https:\/\/nea.rs\/index.php\/2021\/11\/25\/osnivac-nea-o-kvalitetu-vazduha-na-skupu-u-organizaciji-cls\/","name":"Osniva\u010d NEA o kvalitetu vazduha na skupu u organizaciji CLS - Nacionalna ekolo\u0161ka asocijacija","isPartOf":{"@id":"https:\/\/nea.rs\/#website"},"datePublished":"2021-11-25T16:21:32+00:00","dateModified":"2021-11-25T16:21:35+00:00","breadcrumb":{"@id":"https:\/\/nea.rs\/index.php\/2021\/11\/25\/osnivac-nea-o-kvalitetu-vazduha-na-skupu-u-organizaciji-cls\/#breadcrumb"},"inLanguage":"sr-RS","potentialAction":[{"@type":"ReadAction","target":["https:\/\/nea.rs\/index.php\/2021\/11\/25\/osnivac-nea-o-kvalitetu-vazduha-na-skupu-u-organizaciji-cls\/"]}]},{"@type":"BreadcrumbList","@id":"https:\/\/nea.rs\/index.php\/2021\/11\/25\/osnivac-nea-o-kvalitetu-vazduha-na-skupu-u-organizaciji-cls\/#breadcrumb","itemListElement":[{"@type":"ListItem","position":1,"name":"Po\u010detna","item":"https:\/\/nea.rs\/"},{"@type":"ListItem","position":2,"name":"Osniva\u010d NEA o kvalitetu vazduha na skupu u organizaciji CLS"}]},{"@type":"WebSite","@id":"https:\/\/nea.rs\/#website","url":"https:\/\/nea.rs\/","name":"Nacionalna ekolo\u0161ka asocijacija","description":"","publisher":{"@id":"https:\/\/nea.rs\/#organization"},"potentialAction":[{"@type":"SearchAction","target":{"@type":"EntryPoint","urlTemplate":"https:\/\/nea.rs\/?s={search_term_string}"},"query-input":{"@type":"PropertyValueSpecification","valueRequired":true,"valueName":"search_term_string"}}],"inLanguage":"sr-RS"},{"@type":"Organization","@id":"https:\/\/nea.rs\/#organization","name":"Nacionalna ekolo\u0161ka asocijacija","url":"https:\/\/nea.rs\/","logo":{"@type":"ImageObject","inLanguage":"sr-RS","@id":"https:\/\/nea.rs\/#\/schema\/logo\/image\/","url":"https:\/\/nea.rs\/wp-content\/uploads\/2021\/05\/cropped-logoNEA_crop_180_nowhite.jpg","contentUrl":"https:\/\/nea.rs\/wp-content\/uploads\/2021\/05\/cropped-logoNEA_crop_180_nowhite.jpg","width":276,"height":154,"caption":"Nacionalna ekolo\u0161ka asocijacija"},"image":{"@id":"https:\/\/nea.rs\/#\/schema\/logo\/image\/"},"sameAs":["https:\/\/www.facebook.com\/NEASrbija","https:\/\/x.com\/NEASrbija","https:\/\/www.instagram.com\/neasrbija\/","https:\/\/www.youtube.com\/channel\/UCxwdyhNFV-rjanyqj7JIFow"]},{"@type":"Person","@id":"https:\/\/nea.rs\/#\/schema\/person\/daf5180476fd224bc67bb42ea6d87925","name":"admin","image":{"@type":"ImageObject","inLanguage":"sr-RS","@id":"https:\/\/nea.rs\/#\/schema\/person\/image\/","url":"https:\/\/secure.gravatar.com\/avatar\/208ddce103f55aec8415cbae6044df1aa912c6d56bb8e74d76628d5d221bad04?s=96&d=mm&r=g","contentUrl":"https:\/\/secure.gravatar.com\/avatar\/208ddce103f55aec8415cbae6044df1aa912c6d56bb8e74d76628d5d221bad04?s=96&d=mm&r=g","caption":"admin"},"sameAs":["https:\/\/nea.rs"],"url":"https:\/\/nea.rs\/index.php\/author\/admin_5kpl02hl\/"}]}},"jetpack_sharing_enabled":true,"jetpack_featured_media_url":"","_links":{"self":[{"href":"https:\/\/nea.rs\/index.php\/wp-json\/wp\/v2\/posts\/849","targetHints":{"allow":["GET"]}}],"collection":[{"href":"https:\/\/nea.rs\/index.php\/wp-json\/wp\/v2\/posts"}],"about":[{"href":"https:\/\/nea.rs\/index.php\/wp-json\/wp\/v2\/types\/post"}],"author":[{"embeddable":true,"href":"https:\/\/nea.rs\/index.php\/wp-json\/wp\/v2\/users\/1"}],"replies":[{"embeddable":true,"href":"https:\/\/nea.rs\/index.php\/wp-json\/wp\/v2\/comments?post=849"}],"version-history":[{"count":1,"href":"https:\/\/nea.rs\/index.php\/wp-json\/wp\/v2\/posts\/849\/revisions"}],"predecessor-version":[{"id":850,"href":"https:\/\/nea.rs\/index.php\/wp-json\/wp\/v2\/posts\/849\/revisions\/850"}],"wp:attachment":[{"href":"https:\/\/nea.rs\/index.php\/wp-json\/wp\/v2\/media?parent=849"}],"wp:term":[{"taxonomy":"category","embeddable":true,"href":"https:\/\/nea.rs\/index.php\/wp-json\/wp\/v2\/categories?post=849"},{"taxonomy":"post_tag","embeddable":true,"href":"https:\/\/nea.rs\/index.php\/wp-json\/wp\/v2\/tags?post=849"}],"curies":[{"name":"wp","href":"https:\/\/api.w.org\/{rel}","templated":true}]}}