{"id":814,"date":"2021-11-15T08:53:33","date_gmt":"2021-11-15T08:53:33","guid":{"rendered":"https:\/\/nea.rs\/?p=814"},"modified":"2021-11-17T16:41:31","modified_gmt":"2021-11-17T16:41:31","slug":"prof-dr-dragana-jovanovic-clan-strusnog-saveta-nea-za-al-jazeera-o-zagadjenju-vazduha","status":"publish","type":"post","link":"https:\/\/nea.rs\/index.php\/2021\/11\/15\/prof-dr-dragana-jovanovic-clan-strusnog-saveta-nea-za-al-jazeera-o-zagadjenju-vazduha\/","title":{"rendered":"Prof. dr Dragana Jovanovi\u0107, \u010dlan stru\u0161nog saveta NEA za Al Jazeera o zaga\u0111enju vazduha"},"content":{"rendered":"\n<p>U \u010dlanku pod naslovom &#8222;Povratak Balkana u vrh regija sa najzaga\u0111enijim zrakom&#8220; prof. dr Dragana Jovanovi\u0107 dala je za Al Jazeera-u svoje vi\u0111enje uticaja visokih koncentracija zaga\u0111uju\u0107ih materija u vazduhu na zdravlje ljudi.<\/p>\n\n\n\n<p><a href=\"https:\/\/balkans.aljazeera.net\/teme\/2021\/11\/13\/povratak-regije-u-vrh-regija-sa-najzagadjenijim-zrakom\">https:\/\/balkans.aljazeera.net\/teme\/2021\/11\/13\/povratak-regije-u-vrh-regija-sa-najzagadjenijim-zrakom<\/a><\/p>\n","protected":false},"excerpt":{"rendered":"<p>U \u010dlanku pod naslovom &#8222;Povratak Balkana u vrh regija sa najzaga\u0111enijim zrakom&#8220; prof. dr Dragana Jovanovi\u0107 dala je za Al Jazeera-u svoje vi\u0111enje uticaja visokih&hellip;<\/p>\n","protected":false},"author":1,"featured_media":0,"comment_status":"closed","ping_status":"open","sticky":false,"template":"","format":"standard","meta":{"footnotes":""},"categories":[5,11],"tags":[],"class_list":["post-814","post","type-post","status-publish","format-standard","hentry","category-aktivnosti","category-saopstenja"],"yoast_head":"<!-- This site is optimized with the Yoast SEO plugin v24.9 - https:\/\/yoast.com\/wordpress\/plugins\/seo\/ -->\n<title>Prof. dr Dragana Jovanovi\u0107, \u010dlan stru\u0161nog saveta NEA za Al Jazeera o zaga\u0111enju vazduha - Nacionalna ekolo\u0161ka asocijacija<\/title>\n<meta name=\"robots\" content=\"index, follow, max-snippet:-1, max-image-preview:large, max-video-preview:-1\" \/>\n<link rel=\"canonical\" href=\"https:\/\/nea.rs\/index.php\/2021\/11\/15\/prof-dr-dragana-jovanovic-clan-strusnog-saveta-nea-za-al-jazeera-o-zagadjenju-vazduha\/\" \/>\n<meta property=\"og:locale\" content=\"sr_RS\" \/>\n<meta property=\"og:type\" content=\"article\" \/>\n<meta property=\"og:title\" content=\"Prof. dr Dragana Jovanovi\u0107, \u010dlan stru\u0161nog saveta NEA za Al Jazeera o zaga\u0111enju vazduha - Nacionalna ekolo\u0161ka asocijacija\" \/>\n<meta property=\"og:description\" content=\"U \u010dlanku pod naslovom &#8222;Povratak Balkana u vrh regija sa najzaga\u0111enijim zrakom&#8220; prof. dr Dragana Jovanovi\u0107 dala je za Al Jazeera-u svoje vi\u0111enje uticaja visokih&hellip;\" \/>\n<meta property=\"og:url\" content=\"https:\/\/nea.rs\/index.php\/2021\/11\/15\/prof-dr-dragana-jovanovic-clan-strusnog-saveta-nea-za-al-jazeera-o-zagadjenju-vazduha\/\" \/>\n<meta property=\"og:site_name\" content=\"Nacionalna ekolo\u0161ka asocijacija\" \/>\n<meta property=\"article:publisher\" content=\"https:\/\/www.facebook.com\/NEASrbija\" \/>\n<meta property=\"article:published_time\" content=\"2021-11-15T08:53:33+00:00\" \/>\n<meta property=\"article:modified_time\" content=\"2021-11-17T16:41:31+00:00\" \/>\n<meta name=\"author\" content=\"admin\" \/>\n<meta name=\"twitter:card\" content=\"summary_large_image\" \/>\n<meta name=\"twitter:creator\" content=\"@NEASrbija\" \/>\n<meta name=\"twitter:site\" content=\"@NEASrbija\" \/>\n<meta name=\"twitter:label1\" content=\"Napisano od\" \/>\n\t<meta name=\"twitter:data1\" content=\"admin\" \/>\n\t<meta name=\"twitter:label2\" content=\"Procenjeno vreme \u010ditanja\" \/>\n\t<meta name=\"twitter:data2\" content=\"1 minut\" \/>\n<script type=\"application\/ld+json\" class=\"yoast-schema-graph\">{\"@context\":\"https:\/\/schema.org\",\"@graph\":[{\"@type\":\"Article\",\"@id\":\"https:\/\/nea.rs\/index.php\/2021\/11\/15\/prof-dr-dragana-jovanovic-clan-strusnog-saveta-nea-za-al-jazeera-o-zagadjenju-vazduha\/#article\",\"isPartOf\":{\"@id\":\"https:\/\/nea.rs\/index.php\/2021\/11\/15\/prof-dr-dragana-jovanovic-clan-strusnog-saveta-nea-za-al-jazeera-o-zagadjenju-vazduha\/\"},\"author\":{\"name\":\"admin\",\"@id\":\"https:\/\/nea.rs\/#\/schema\/person\/daf5180476fd224bc67bb42ea6d87925\"},\"headline\":\"Prof. dr Dragana Jovanovi\u0107, \u010dlan stru\u0161nog saveta NEA za Al Jazeera o zaga\u0111enju vazduha\",\"datePublished\":\"2021-11-15T08:53:33+00:00\",\"dateModified\":\"2021-11-17T16:41:31+00:00\",\"mainEntityOfPage\":{\"@id\":\"https:\/\/nea.rs\/index.php\/2021\/11\/15\/prof-dr-dragana-jovanovic-clan-strusnog-saveta-nea-za-al-jazeera-o-zagadjenju-vazduha\/\"},\"wordCount\":59,\"publisher\":{\"@id\":\"https:\/\/nea.rs\/#organization\"},\"articleSection\":[\"Aktivnosti\",\"Saop\u0161tenja\"],\"inLanguage\":\"sr-RS\"},{\"@type\":\"WebPage\",\"@id\":\"https:\/\/nea.rs\/index.php\/2021\/11\/15\/prof-dr-dragana-jovanovic-clan-strusnog-saveta-nea-za-al-jazeera-o-zagadjenju-vazduha\/\",\"url\":\"https:\/\/nea.rs\/index.php\/2021\/11\/15\/prof-dr-dragana-jovanovic-clan-strusnog-saveta-nea-za-al-jazeera-o-zagadjenju-vazduha\/\",\"name\":\"Prof. dr Dragana Jovanovi\u0107, \u010dlan stru\u0161nog saveta NEA za Al Jazeera o zaga\u0111enju vazduha - Nacionalna ekolo\u0161ka asocijacija\",\"isPartOf\":{\"@id\":\"https:\/\/nea.rs\/#website\"},\"datePublished\":\"2021-11-15T08:53:33+00:00\",\"dateModified\":\"2021-11-17T16:41:31+00:00\",\"breadcrumb\":{\"@id\":\"https:\/\/nea.rs\/index.php\/2021\/11\/15\/prof-dr-dragana-jovanovic-clan-strusnog-saveta-nea-za-al-jazeera-o-zagadjenju-vazduha\/#breadcrumb\"},\"inLanguage\":\"sr-RS\",\"potentialAction\":[{\"@type\":\"ReadAction\",\"target\":[\"https:\/\/nea.rs\/index.php\/2021\/11\/15\/prof-dr-dragana-jovanovic-clan-strusnog-saveta-nea-za-al-jazeera-o-zagadjenju-vazduha\/\"]}]},{\"@type\":\"BreadcrumbList\",\"@id\":\"https:\/\/nea.rs\/index.php\/2021\/11\/15\/prof-dr-dragana-jovanovic-clan-strusnog-saveta-nea-za-al-jazeera-o-zagadjenju-vazduha\/#breadcrumb\",\"itemListElement\":[{\"@type\":\"ListItem\",\"position\":1,\"name\":\"Po\u010detna\",\"item\":\"https:\/\/nea.rs\/\"},{\"@type\":\"ListItem\",\"position\":2,\"name\":\"Prof. dr Dragana Jovanovi\u0107, \u010dlan stru\u0161nog saveta NEA za Al Jazeera o zaga\u0111enju vazduha\"}]},{\"@type\":\"WebSite\",\"@id\":\"https:\/\/nea.rs\/#website\",\"url\":\"https:\/\/nea.rs\/\",\"name\":\"Nacionalna ekolo\u0161ka asocijacija\",\"description\":\"\",\"publisher\":{\"@id\":\"https:\/\/nea.rs\/#organization\"},\"potentialAction\":[{\"@type\":\"SearchAction\",\"target\":{\"@type\":\"EntryPoint\",\"urlTemplate\":\"https:\/\/nea.rs\/?s={search_term_string}\"},\"query-input\":{\"@type\":\"PropertyValueSpecification\",\"valueRequired\":true,\"valueName\":\"search_term_string\"}}],\"inLanguage\":\"sr-RS\"},{\"@type\":\"Organization\",\"@id\":\"https:\/\/nea.rs\/#organization\",\"name\":\"Nacionalna ekolo\u0161ka asocijacija\",\"url\":\"https:\/\/nea.rs\/\",\"logo\":{\"@type\":\"ImageObject\",\"inLanguage\":\"sr-RS\",\"@id\":\"https:\/\/nea.rs\/#\/schema\/logo\/image\/\",\"url\":\"https:\/\/nea.rs\/wp-content\/uploads\/2021\/05\/cropped-logoNEA_crop_180_nowhite.jpg\",\"contentUrl\":\"https:\/\/nea.rs\/wp-content\/uploads\/2021\/05\/cropped-logoNEA_crop_180_nowhite.jpg\",\"width\":276,\"height\":154,\"caption\":\"Nacionalna ekolo\u0161ka asocijacija\"},\"image\":{\"@id\":\"https:\/\/nea.rs\/#\/schema\/logo\/image\/\"},\"sameAs\":[\"https:\/\/www.facebook.com\/NEASrbija\",\"https:\/\/x.com\/NEASrbija\",\"https:\/\/www.instagram.com\/neasrbija\/\",\"https:\/\/www.youtube.com\/channel\/UCxwdyhNFV-rjanyqj7JIFow\"]},{\"@type\":\"Person\",\"@id\":\"https:\/\/nea.rs\/#\/schema\/person\/daf5180476fd224bc67bb42ea6d87925\",\"name\":\"admin\",\"image\":{\"@type\":\"ImageObject\",\"inLanguage\":\"sr-RS\",\"@id\":\"https:\/\/nea.rs\/#\/schema\/person\/image\/\",\"url\":\"https:\/\/secure.gravatar.com\/avatar\/208ddce103f55aec8415cbae6044df1aa912c6d56bb8e74d76628d5d221bad04?s=96&d=mm&r=g\",\"contentUrl\":\"https:\/\/secure.gravatar.com\/avatar\/208ddce103f55aec8415cbae6044df1aa912c6d56bb8e74d76628d5d221bad04?s=96&d=mm&r=g\",\"caption\":\"admin\"},\"sameAs\":[\"https:\/\/nea.rs\"],\"url\":\"https:\/\/nea.rs\/index.php\/author\/admin_5kpl02hl\/\"}]}<\/script>\n<!-- \/ Yoast SEO plugin. -->","yoast_head_json":{"title":"Prof. dr Dragana Jovanovi\u0107, \u010dlan stru\u0161nog saveta NEA za Al Jazeera o zaga\u0111enju vazduha - Nacionalna ekolo\u0161ka asocijacija","robots":{"index":"index","follow":"follow","max-snippet":"max-snippet:-1","max-image-preview":"max-image-preview:large","max-video-preview":"max-video-preview:-1"},"canonical":"https:\/\/nea.rs\/index.php\/2021\/11\/15\/prof-dr-dragana-jovanovic-clan-strusnog-saveta-nea-za-al-jazeera-o-zagadjenju-vazduha\/","og_locale":"sr_RS","og_type":"article","og_title":"Prof. dr Dragana Jovanovi\u0107, \u010dlan stru\u0161nog saveta NEA za Al Jazeera o zaga\u0111enju vazduha - Nacionalna ekolo\u0161ka asocijacija","og_description":"U \u010dlanku pod naslovom &#8222;Povratak Balkana u vrh regija sa najzaga\u0111enijim zrakom&#8220; prof. dr Dragana Jovanovi\u0107 dala je za Al Jazeera-u svoje vi\u0111enje uticaja visokih&hellip;","og_url":"https:\/\/nea.rs\/index.php\/2021\/11\/15\/prof-dr-dragana-jovanovic-clan-strusnog-saveta-nea-za-al-jazeera-o-zagadjenju-vazduha\/","og_site_name":"Nacionalna ekolo\u0161ka asocijacija","article_publisher":"https:\/\/www.facebook.com\/NEASrbija","article_published_time":"2021-11-15T08:53:33+00:00","article_modified_time":"2021-11-17T16:41:31+00:00","author":"admin","twitter_card":"summary_large_image","twitter_creator":"@NEASrbija","twitter_site":"@NEASrbija","twitter_misc":{"Napisano od":"admin","Procenjeno vreme \u010ditanja":"1 minut"},"schema":{"@context":"https:\/\/schema.org","@graph":[{"@type":"Article","@id":"https:\/\/nea.rs\/index.php\/2021\/11\/15\/prof-dr-dragana-jovanovic-clan-strusnog-saveta-nea-za-al-jazeera-o-zagadjenju-vazduha\/#article","isPartOf":{"@id":"https:\/\/nea.rs\/index.php\/2021\/11\/15\/prof-dr-dragana-jovanovic-clan-strusnog-saveta-nea-za-al-jazeera-o-zagadjenju-vazduha\/"},"author":{"name":"admin","@id":"https:\/\/nea.rs\/#\/schema\/person\/daf5180476fd224bc67bb42ea6d87925"},"headline":"Prof. dr Dragana Jovanovi\u0107, \u010dlan stru\u0161nog saveta NEA za Al Jazeera o zaga\u0111enju vazduha","datePublished":"2021-11-15T08:53:33+00:00","dateModified":"2021-11-17T16:41:31+00:00","mainEntityOfPage":{"@id":"https:\/\/nea.rs\/index.php\/2021\/11\/15\/prof-dr-dragana-jovanovic-clan-strusnog-saveta-nea-za-al-jazeera-o-zagadjenju-vazduha\/"},"wordCount":59,"publisher":{"@id":"https:\/\/nea.rs\/#organization"},"articleSection":["Aktivnosti","Saop\u0161tenja"],"inLanguage":"sr-RS"},{"@type":"WebPage","@id":"https:\/\/nea.rs\/index.php\/2021\/11\/15\/prof-dr-dragana-jovanovic-clan-strusnog-saveta-nea-za-al-jazeera-o-zagadjenju-vazduha\/","url":"https:\/\/nea.rs\/index.php\/2021\/11\/15\/prof-dr-dragana-jovanovic-clan-strusnog-saveta-nea-za-al-jazeera-o-zagadjenju-vazduha\/","name":"Prof. dr Dragana Jovanovi\u0107, \u010dlan stru\u0161nog saveta NEA za Al Jazeera o zaga\u0111enju vazduha - Nacionalna ekolo\u0161ka asocijacija","isPartOf":{"@id":"https:\/\/nea.rs\/#website"},"datePublished":"2021-11-15T08:53:33+00:00","dateModified":"2021-11-17T16:41:31+00:00","breadcrumb":{"@id":"https:\/\/nea.rs\/index.php\/2021\/11\/15\/prof-dr-dragana-jovanovic-clan-strusnog-saveta-nea-za-al-jazeera-o-zagadjenju-vazduha\/#breadcrumb"},"inLanguage":"sr-RS","potentialAction":[{"@type":"ReadAction","target":["https:\/\/nea.rs\/index.php\/2021\/11\/15\/prof-dr-dragana-jovanovic-clan-strusnog-saveta-nea-za-al-jazeera-o-zagadjenju-vazduha\/"]}]},{"@type":"BreadcrumbList","@id":"https:\/\/nea.rs\/index.php\/2021\/11\/15\/prof-dr-dragana-jovanovic-clan-strusnog-saveta-nea-za-al-jazeera-o-zagadjenju-vazduha\/#breadcrumb","itemListElement":[{"@type":"ListItem","position":1,"name":"Po\u010detna","item":"https:\/\/nea.rs\/"},{"@type":"ListItem","position":2,"name":"Prof. dr Dragana Jovanovi\u0107, \u010dlan stru\u0161nog saveta NEA za Al Jazeera o zaga\u0111enju vazduha"}]},{"@type":"WebSite","@id":"https:\/\/nea.rs\/#website","url":"https:\/\/nea.rs\/","name":"Nacionalna ekolo\u0161ka asocijacija","description":"","publisher":{"@id":"https:\/\/nea.rs\/#organization"},"potentialAction":[{"@type":"SearchAction","target":{"@type":"EntryPoint","urlTemplate":"https:\/\/nea.rs\/?s={search_term_string}"},"query-input":{"@type":"PropertyValueSpecification","valueRequired":true,"valueName":"search_term_string"}}],"inLanguage":"sr-RS"},{"@type":"Organization","@id":"https:\/\/nea.rs\/#organization","name":"Nacionalna ekolo\u0161ka asocijacija","url":"https:\/\/nea.rs\/","logo":{"@type":"ImageObject","inLanguage":"sr-RS","@id":"https:\/\/nea.rs\/#\/schema\/logo\/image\/","url":"https:\/\/nea.rs\/wp-content\/uploads\/2021\/05\/cropped-logoNEA_crop_180_nowhite.jpg","contentUrl":"https:\/\/nea.rs\/wp-content\/uploads\/2021\/05\/cropped-logoNEA_crop_180_nowhite.jpg","width":276,"height":154,"caption":"Nacionalna ekolo\u0161ka asocijacija"},"image":{"@id":"https:\/\/nea.rs\/#\/schema\/logo\/image\/"},"sameAs":["https:\/\/www.facebook.com\/NEASrbija","https:\/\/x.com\/NEASrbija","https:\/\/www.instagram.com\/neasrbija\/","https:\/\/www.youtube.com\/channel\/UCxwdyhNFV-rjanyqj7JIFow"]},{"@type":"Person","@id":"https:\/\/nea.rs\/#\/schema\/person\/daf5180476fd224bc67bb42ea6d87925","name":"admin","image":{"@type":"ImageObject","inLanguage":"sr-RS","@id":"https:\/\/nea.rs\/#\/schema\/person\/image\/","url":"https:\/\/secure.gravatar.com\/avatar\/208ddce103f55aec8415cbae6044df1aa912c6d56bb8e74d76628d5d221bad04?s=96&d=mm&r=g","contentUrl":"https:\/\/secure.gravatar.com\/avatar\/208ddce103f55aec8415cbae6044df1aa912c6d56bb8e74d76628d5d221bad04?s=96&d=mm&r=g","caption":"admin"},"sameAs":["https:\/\/nea.rs"],"url":"https:\/\/nea.rs\/index.php\/author\/admin_5kpl02hl\/"}]}},"jetpack_sharing_enabled":true,"jetpack_featured_media_url":"","_links":{"self":[{"href":"https:\/\/nea.rs\/index.php\/wp-json\/wp\/v2\/posts\/814","targetHints":{"allow":["GET"]}}],"collection":[{"href":"https:\/\/nea.rs\/index.php\/wp-json\/wp\/v2\/posts"}],"about":[{"href":"https:\/\/nea.rs\/index.php\/wp-json\/wp\/v2\/types\/post"}],"author":[{"embeddable":true,"href":"https:\/\/nea.rs\/index.php\/wp-json\/wp\/v2\/users\/1"}],"replies":[{"embeddable":true,"href":"https:\/\/nea.rs\/index.php\/wp-json\/wp\/v2\/comments?post=814"}],"version-history":[{"count":2,"href":"https:\/\/nea.rs\/index.php\/wp-json\/wp\/v2\/posts\/814\/revisions"}],"predecessor-version":[{"id":817,"href":"https:\/\/nea.rs\/index.php\/wp-json\/wp\/v2\/posts\/814\/revisions\/817"}],"wp:attachment":[{"href":"https:\/\/nea.rs\/index.php\/wp-json\/wp\/v2\/media?parent=814"}],"wp:term":[{"taxonomy":"category","embeddable":true,"href":"https:\/\/nea.rs\/index.php\/wp-json\/wp\/v2\/categories?post=814"},{"taxonomy":"post_tag","embeddable":true,"href":"https:\/\/nea.rs\/index.php\/wp-json\/wp\/v2\/tags?post=814"}],"curies":[{"name":"wp","href":"https:\/\/api.w.org\/{rel}","templated":true}]}}