{"id":741,"date":"2021-10-04T17:51:06","date_gmt":"2021-10-04T17:51:06","guid":{"rendered":"https:\/\/nea.rs\/?p=741"},"modified":"2021-10-04T17:51:10","modified_gmt":"2021-10-04T17:51:10","slug":"u-organizaciji-nea-odrzan-okrugli-sto-u-susret-novoj-sezoni-trovanja","status":"publish","type":"post","link":"https:\/\/nea.rs\/index.php\/2021\/10\/04\/u-organizaciji-nea-odrzan-okrugli-sto-u-susret-novoj-sezoni-trovanja\/","title":{"rendered":"U organizaciji NEA odr\u017ean okrugli sto &#8222;U susret novoj sezoni trovanja&#8220;"},"content":{"rendered":"\n<p>Danas je u organizaciji Nacionalne ekolo\u0161ke asocijacije (NEA) u prostorijama Gra\u0111anskih inicijativa odr\u017ean okrugli sto &#8222;U susret novoj sezoni trovanja&#8220;. Tema okruglog stola je bila sveobuhvatna stru\u010dna analiza novog godi\u0161njeg Izve\u0161taja o kvalitetu vazduha za 2020. godinu, koji je nedavno objavila Agencija za za\u0161titu \u017eivotne sredine Srbije.&nbsp; Na panelu su u\u010destvovali: dr Dragana \u0110or\u0111evi\u0107 \u2013 IHTM, dr Vladimir \u0110ur\u0111evi\u0107 &#8211; Meteorolo\u0161ki institut, Ognjan Panti\u0107 &#8211; Beogradska otvorena \u0161kola, Bojan Simi\u0161i\u0107 &#8211; Ekostra\u017ea Beograd, Nikola Kolja Krsti\u0107 &#8211; Pokret Tvr\u0111ava Smederevo, dr Dragana Jovanovi\u0107, dr Vi\u0161a Tasi\u0107, Milenko Jovanovi\u0107 i mr Dejan Leki\u0107 \u2013 NEA.<\/p>\n\n\n\n<p>Diskusija je bila fokusirana kako na nalaze u navedenom Izve\u0161taju tako i na preporuke odnosno predloge re\u0161enja nekih od goru\u0107ih problema u oblasti za\u0161tite kvaliteta vazduha:<\/p>\n\n\n\n<ol class=\"wp-block-list\"><li>Izve\u0161taj o stanju kvaliteta vazduha u Republici Srbiji 2020. godine pokazao je isto ono \u0161to znamo ve\u0107 godinama, visok nivo zaga\u0111enja suspendovanim \u010desticama na prakti\u010dno svim lokacijama na kojima se meri koncentracija PM2.5 i PM10, kako u smislu prose\u010dnih vrednosti tako i u kontekstu trajanja prekora\u010denja.<\/li><li>Zaga\u0111enje koje dolazi iz elektrana Nikola Tesla (TENT) i Kostolac uzrokuje skoro dve hiljade preranih smrti u EU, zapadnom Balkanu i \u0161ire, vi\u0161e od pet hiljada slu\u010dajeva bronhitisa kod dece i odraslih, 1.500 bolni\u010dkih prijema pacijenata zbog respiratornih ili kardiovaskularnih simptoma i godi\u0161nje zdravstvene tro\u0161kove do 4,4 milijarde EUR.<\/li><li>Specifi\u010dna situacija sa visokim koncentracijama sumpor-dioksida je zabele\u017eena u Boru i predstavlja paradigmu situacije u oblasti kvaliteta vazduha. Prakti\u010dno svakodnevna, namerna prekora\u010denja pokazuju da dr\u017eavni organi jednostavni ne \u017eele da sprovode zakonsku regulativu. Pove\u0107anje rizika za urgentne preglede i hospitalizacije zbog respiratornih uzroka je bilo i do 26 puta ve\u0107e jer su vrednosti koncentracija SO<sub>2<\/sub>\u00a0bile povremeno vi\u0161e od 100 puta iznad dozvoljenih.<\/li><li>Ekstremni nivoi zaga\u0111enja, na primer arsenom i kadmijumom u Boru, koji se u izve\u0161taju navode kao uobi\u010dajena, ni po \u010demu posebna pojava, moraju biti momentalno istra\u017eeni a po\u010dinioci adekvatno preocesuirani.<\/li><li>Podaci o stvarnom zaga\u0111enju vazduha (PAH, dioksini, furani, itd.) tokom po\u017eara ne deponiji u Vin\u010di moraju biti stavljeni na uvid javnosti a nadle\u017ena lica koja su obmanjivala desetine hiljada gra\u0111ana moraju biti procesuirana i sankcionisana.<\/li><li>U najkra\u0107em roko potrebno je obezbediti uzorkovanje i hemijsku analizu PM2.5 \u010destica kako bi se utvrdilo njihovo poreklo kao i obezbediti mogu\u0107nost merenja\u00a0dioksina i di-benzo furana u slu\u010daju akcidentnih situacija poput po\u017eara na deponijama i sli\u010dno.<\/li><li>Podzakonski akti koji propisuju aktivnosti i mere na nivou lokalnih samouprava u cilju smanjenja zaga\u0111enja vazduha su zastareli, neadekvatni i neprimenjivi, posebno imaju\u0107i u vidu potpuni nedostatak implementacije i verifikacije mera te sankcionisanja jasno definisanih zaga\u0111iva\u010da.<\/li><li>Strategija za\u0161tite vazduha, \u010dije je rok za dono\u0161enje bila 2015. godina (!?!?),\u00a0mora biti doneta u \u0161to kra\u0107em roku sa posebnim naglaskom na implementaciju mera za hitno smanjenje svih oblika zaga\u0111enja vazduha, naro\u010dito merama za smanjenje emisija PM \u010destica odnosno fokusiranje na zamenu individualnih lo\u017ei\u0161ta te smanjenje emisija iz malih izvora ispod 50 MW. Tako\u0111e Strategija mora sadr\u017eati precizno definisane rokove i metode za evaluaciju i verifikaciju rezultata.<\/li><li>Primena standarda koje propisuje Evropska unija, odnosno Evropska agencija za \u017eivotnu sredinu kao i obave\u0161tavanje javnosti u odnosu na novousvojene standarde Svetske zdravstvene organizacije moraju biti momentalna obaveza svih nadle\u017enih instuticija na svim nivoima.<\/li><\/ol>\n\n\n\n<p>Sve prezentacije mo\u017eete preuzeti sa: <a href=\"https:\/\/nea.rs\/download\/NEA_4.10.2021.zip\" target=\"_blank\" rel=\"noreferrer noopener\">https:\/\/nea.rs\/download\/NEA_4.10.2021.zip<\/a><\/p>\n\n\n\n<p>Dok je nemontirani video zapis dostupan ovde:<\/p>\n\n\n\n<figure class=\"wp-block-embed is-type-video is-provider-youtube wp-block-embed-youtube wp-embed-aspect-16-9 wp-has-aspect-ratio\"><div class=\"wp-block-embed__wrapper\">\n<iframe loading=\"lazy\" title=\"U susret novoj sezoni trovanja\" width=\"843\" height=\"474\" src=\"https:\/\/www.youtube.com\/embed\/UFfbEHJmHP8?feature=oembed\" frameborder=\"0\" allow=\"accelerometer; autoplay; clipboard-write; encrypted-media; gyroscope; picture-in-picture\" allowfullscreen><\/iframe>\n<\/div><\/figure>\n","protected":false},"excerpt":{"rendered":"<p>Danas je u organizaciji Nacionalne ekolo\u0161ke asocijacije (NEA) u prostorijama Gra\u0111anskih inicijativa odr\u017ean okrugli sto &#8222;U susret novoj sezoni trovanja&#8220;. Tema okruglog stola je bila&hellip;<\/p>\n","protected":false},"author":1,"featured_media":0,"comment_status":"closed","ping_status":"open","sticky":false,"template":"","format":"standard","meta":{"footnotes":""},"categories":[5,11],"tags":[],"class_list":["post-741","post","type-post","status-publish","format-standard","hentry","category-aktivnosti","category-saopstenja"],"yoast_head":"<!-- This site is optimized with the Yoast SEO plugin v24.9 - https:\/\/yoast.com\/wordpress\/plugins\/seo\/ -->\n<title>U organizaciji NEA odr\u017ean okrugli sto &quot;U susret novoj sezoni trovanja&quot; - Nacionalna ekolo\u0161ka asocijacija<\/title>\n<meta name=\"robots\" content=\"index, follow, max-snippet:-1, max-image-preview:large, max-video-preview:-1\" \/>\n<link rel=\"canonical\" href=\"https:\/\/nea.rs\/index.php\/2021\/10\/04\/u-organizaciji-nea-odrzan-okrugli-sto-u-susret-novoj-sezoni-trovanja\/\" \/>\n<meta property=\"og:locale\" content=\"sr_RS\" \/>\n<meta property=\"og:type\" content=\"article\" \/>\n<meta property=\"og:title\" content=\"U organizaciji NEA odr\u017ean okrugli sto &quot;U susret novoj sezoni trovanja&quot; - Nacionalna ekolo\u0161ka asocijacija\" \/>\n<meta property=\"og:description\" content=\"Danas je u organizaciji Nacionalne ekolo\u0161ke asocijacije (NEA) u prostorijama Gra\u0111anskih inicijativa odr\u017ean okrugli sto &#8222;U susret novoj sezoni trovanja&#8220;. Tema okruglog stola je bila&hellip;\" \/>\n<meta property=\"og:url\" content=\"https:\/\/nea.rs\/index.php\/2021\/10\/04\/u-organizaciji-nea-odrzan-okrugli-sto-u-susret-novoj-sezoni-trovanja\/\" \/>\n<meta property=\"og:site_name\" content=\"Nacionalna ekolo\u0161ka asocijacija\" \/>\n<meta property=\"article:publisher\" content=\"https:\/\/www.facebook.com\/NEASrbija\" \/>\n<meta property=\"article:published_time\" content=\"2021-10-04T17:51:06+00:00\" \/>\n<meta property=\"article:modified_time\" content=\"2021-10-04T17:51:10+00:00\" \/>\n<meta name=\"author\" content=\"admin\" \/>\n<meta name=\"twitter:card\" content=\"summary_large_image\" \/>\n<meta name=\"twitter:creator\" content=\"@NEASrbija\" \/>\n<meta name=\"twitter:site\" content=\"@NEASrbija\" \/>\n<meta name=\"twitter:label1\" content=\"Napisano od\" \/>\n\t<meta name=\"twitter:data1\" content=\"admin\" \/>\n\t<meta name=\"twitter:label2\" content=\"Procenjeno vreme \u010ditanja\" \/>\n\t<meta name=\"twitter:data2\" content=\"3 minuta\" \/>\n<script type=\"application\/ld+json\" class=\"yoast-schema-graph\">{\"@context\":\"https:\/\/schema.org\",\"@graph\":[{\"@type\":\"Article\",\"@id\":\"https:\/\/nea.rs\/index.php\/2021\/10\/04\/u-organizaciji-nea-odrzan-okrugli-sto-u-susret-novoj-sezoni-trovanja\/#article\",\"isPartOf\":{\"@id\":\"https:\/\/nea.rs\/index.php\/2021\/10\/04\/u-organizaciji-nea-odrzan-okrugli-sto-u-susret-novoj-sezoni-trovanja\/\"},\"author\":{\"name\":\"admin\",\"@id\":\"https:\/\/nea.rs\/#\/schema\/person\/daf5180476fd224bc67bb42ea6d87925\"},\"headline\":\"U organizaciji NEA odr\u017ean okrugli sto &#8222;U susret novoj sezoni trovanja&#8220;\",\"datePublished\":\"2021-10-04T17:51:06+00:00\",\"dateModified\":\"2021-10-04T17:51:10+00:00\",\"mainEntityOfPage\":{\"@id\":\"https:\/\/nea.rs\/index.php\/2021\/10\/04\/u-organizaciji-nea-odrzan-okrugli-sto-u-susret-novoj-sezoni-trovanja\/\"},\"wordCount\":611,\"publisher\":{\"@id\":\"https:\/\/nea.rs\/#organization\"},\"articleSection\":[\"Aktivnosti\",\"Saop\u0161tenja\"],\"inLanguage\":\"sr-RS\"},{\"@type\":\"WebPage\",\"@id\":\"https:\/\/nea.rs\/index.php\/2021\/10\/04\/u-organizaciji-nea-odrzan-okrugli-sto-u-susret-novoj-sezoni-trovanja\/\",\"url\":\"https:\/\/nea.rs\/index.php\/2021\/10\/04\/u-organizaciji-nea-odrzan-okrugli-sto-u-susret-novoj-sezoni-trovanja\/\",\"name\":\"U organizaciji NEA odr\u017ean okrugli sto \\\"U susret novoj sezoni trovanja\\\" - Nacionalna ekolo\u0161ka asocijacija\",\"isPartOf\":{\"@id\":\"https:\/\/nea.rs\/#website\"},\"datePublished\":\"2021-10-04T17:51:06+00:00\",\"dateModified\":\"2021-10-04T17:51:10+00:00\",\"breadcrumb\":{\"@id\":\"https:\/\/nea.rs\/index.php\/2021\/10\/04\/u-organizaciji-nea-odrzan-okrugli-sto-u-susret-novoj-sezoni-trovanja\/#breadcrumb\"},\"inLanguage\":\"sr-RS\",\"potentialAction\":[{\"@type\":\"ReadAction\",\"target\":[\"https:\/\/nea.rs\/index.php\/2021\/10\/04\/u-organizaciji-nea-odrzan-okrugli-sto-u-susret-novoj-sezoni-trovanja\/\"]}]},{\"@type\":\"BreadcrumbList\",\"@id\":\"https:\/\/nea.rs\/index.php\/2021\/10\/04\/u-organizaciji-nea-odrzan-okrugli-sto-u-susret-novoj-sezoni-trovanja\/#breadcrumb\",\"itemListElement\":[{\"@type\":\"ListItem\",\"position\":1,\"name\":\"Po\u010detna\",\"item\":\"https:\/\/nea.rs\/\"},{\"@type\":\"ListItem\",\"position\":2,\"name\":\"U organizaciji NEA odr\u017ean okrugli sto &#8222;U susret novoj sezoni trovanja&#8220;\"}]},{\"@type\":\"WebSite\",\"@id\":\"https:\/\/nea.rs\/#website\",\"url\":\"https:\/\/nea.rs\/\",\"name\":\"Nacionalna ekolo\u0161ka asocijacija\",\"description\":\"\",\"publisher\":{\"@id\":\"https:\/\/nea.rs\/#organization\"},\"potentialAction\":[{\"@type\":\"SearchAction\",\"target\":{\"@type\":\"EntryPoint\",\"urlTemplate\":\"https:\/\/nea.rs\/?s={search_term_string}\"},\"query-input\":{\"@type\":\"PropertyValueSpecification\",\"valueRequired\":true,\"valueName\":\"search_term_string\"}}],\"inLanguage\":\"sr-RS\"},{\"@type\":\"Organization\",\"@id\":\"https:\/\/nea.rs\/#organization\",\"name\":\"Nacionalna ekolo\u0161ka asocijacija\",\"url\":\"https:\/\/nea.rs\/\",\"logo\":{\"@type\":\"ImageObject\",\"inLanguage\":\"sr-RS\",\"@id\":\"https:\/\/nea.rs\/#\/schema\/logo\/image\/\",\"url\":\"https:\/\/nea.rs\/wp-content\/uploads\/2021\/05\/cropped-logoNEA_crop_180_nowhite.jpg\",\"contentUrl\":\"https:\/\/nea.rs\/wp-content\/uploads\/2021\/05\/cropped-logoNEA_crop_180_nowhite.jpg\",\"width\":276,\"height\":154,\"caption\":\"Nacionalna ekolo\u0161ka asocijacija\"},\"image\":{\"@id\":\"https:\/\/nea.rs\/#\/schema\/logo\/image\/\"},\"sameAs\":[\"https:\/\/www.facebook.com\/NEASrbija\",\"https:\/\/x.com\/NEASrbija\",\"https:\/\/www.instagram.com\/neasrbija\/\",\"https:\/\/www.youtube.com\/channel\/UCxwdyhNFV-rjanyqj7JIFow\"]},{\"@type\":\"Person\",\"@id\":\"https:\/\/nea.rs\/#\/schema\/person\/daf5180476fd224bc67bb42ea6d87925\",\"name\":\"admin\",\"image\":{\"@type\":\"ImageObject\",\"inLanguage\":\"sr-RS\",\"@id\":\"https:\/\/nea.rs\/#\/schema\/person\/image\/\",\"url\":\"https:\/\/secure.gravatar.com\/avatar\/208ddce103f55aec8415cbae6044df1aa912c6d56bb8e74d76628d5d221bad04?s=96&d=mm&r=g\",\"contentUrl\":\"https:\/\/secure.gravatar.com\/avatar\/208ddce103f55aec8415cbae6044df1aa912c6d56bb8e74d76628d5d221bad04?s=96&d=mm&r=g\",\"caption\":\"admin\"},\"sameAs\":[\"https:\/\/nea.rs\"],\"url\":\"https:\/\/nea.rs\/index.php\/author\/admin_5kpl02hl\/\"}]}<\/script>\n<!-- \/ Yoast SEO plugin. -->","yoast_head_json":{"title":"U organizaciji NEA odr\u017ean okrugli sto \"U susret novoj sezoni trovanja\" - Nacionalna ekolo\u0161ka asocijacija","robots":{"index":"index","follow":"follow","max-snippet":"max-snippet:-1","max-image-preview":"max-image-preview:large","max-video-preview":"max-video-preview:-1"},"canonical":"https:\/\/nea.rs\/index.php\/2021\/10\/04\/u-organizaciji-nea-odrzan-okrugli-sto-u-susret-novoj-sezoni-trovanja\/","og_locale":"sr_RS","og_type":"article","og_title":"U organizaciji NEA odr\u017ean okrugli sto \"U susret novoj sezoni trovanja\" - Nacionalna ekolo\u0161ka asocijacija","og_description":"Danas je u organizaciji Nacionalne ekolo\u0161ke asocijacije (NEA) u prostorijama Gra\u0111anskih inicijativa odr\u017ean okrugli sto &#8222;U susret novoj sezoni trovanja&#8220;. Tema okruglog stola je bila&hellip;","og_url":"https:\/\/nea.rs\/index.php\/2021\/10\/04\/u-organizaciji-nea-odrzan-okrugli-sto-u-susret-novoj-sezoni-trovanja\/","og_site_name":"Nacionalna ekolo\u0161ka asocijacija","article_publisher":"https:\/\/www.facebook.com\/NEASrbija","article_published_time":"2021-10-04T17:51:06+00:00","article_modified_time":"2021-10-04T17:51:10+00:00","author":"admin","twitter_card":"summary_large_image","twitter_creator":"@NEASrbija","twitter_site":"@NEASrbija","twitter_misc":{"Napisano od":"admin","Procenjeno vreme \u010ditanja":"3 minuta"},"schema":{"@context":"https:\/\/schema.org","@graph":[{"@type":"Article","@id":"https:\/\/nea.rs\/index.php\/2021\/10\/04\/u-organizaciji-nea-odrzan-okrugli-sto-u-susret-novoj-sezoni-trovanja\/#article","isPartOf":{"@id":"https:\/\/nea.rs\/index.php\/2021\/10\/04\/u-organizaciji-nea-odrzan-okrugli-sto-u-susret-novoj-sezoni-trovanja\/"},"author":{"name":"admin","@id":"https:\/\/nea.rs\/#\/schema\/person\/daf5180476fd224bc67bb42ea6d87925"},"headline":"U organizaciji NEA odr\u017ean okrugli sto &#8222;U susret novoj sezoni trovanja&#8220;","datePublished":"2021-10-04T17:51:06+00:00","dateModified":"2021-10-04T17:51:10+00:00","mainEntityOfPage":{"@id":"https:\/\/nea.rs\/index.php\/2021\/10\/04\/u-organizaciji-nea-odrzan-okrugli-sto-u-susret-novoj-sezoni-trovanja\/"},"wordCount":611,"publisher":{"@id":"https:\/\/nea.rs\/#organization"},"articleSection":["Aktivnosti","Saop\u0161tenja"],"inLanguage":"sr-RS"},{"@type":"WebPage","@id":"https:\/\/nea.rs\/index.php\/2021\/10\/04\/u-organizaciji-nea-odrzan-okrugli-sto-u-susret-novoj-sezoni-trovanja\/","url":"https:\/\/nea.rs\/index.php\/2021\/10\/04\/u-organizaciji-nea-odrzan-okrugli-sto-u-susret-novoj-sezoni-trovanja\/","name":"U organizaciji NEA odr\u017ean okrugli sto \"U susret novoj sezoni trovanja\" - Nacionalna ekolo\u0161ka asocijacija","isPartOf":{"@id":"https:\/\/nea.rs\/#website"},"datePublished":"2021-10-04T17:51:06+00:00","dateModified":"2021-10-04T17:51:10+00:00","breadcrumb":{"@id":"https:\/\/nea.rs\/index.php\/2021\/10\/04\/u-organizaciji-nea-odrzan-okrugli-sto-u-susret-novoj-sezoni-trovanja\/#breadcrumb"},"inLanguage":"sr-RS","potentialAction":[{"@type":"ReadAction","target":["https:\/\/nea.rs\/index.php\/2021\/10\/04\/u-organizaciji-nea-odrzan-okrugli-sto-u-susret-novoj-sezoni-trovanja\/"]}]},{"@type":"BreadcrumbList","@id":"https:\/\/nea.rs\/index.php\/2021\/10\/04\/u-organizaciji-nea-odrzan-okrugli-sto-u-susret-novoj-sezoni-trovanja\/#breadcrumb","itemListElement":[{"@type":"ListItem","position":1,"name":"Po\u010detna","item":"https:\/\/nea.rs\/"},{"@type":"ListItem","position":2,"name":"U organizaciji NEA odr\u017ean okrugli sto &#8222;U susret novoj sezoni trovanja&#8220;"}]},{"@type":"WebSite","@id":"https:\/\/nea.rs\/#website","url":"https:\/\/nea.rs\/","name":"Nacionalna ekolo\u0161ka asocijacija","description":"","publisher":{"@id":"https:\/\/nea.rs\/#organization"},"potentialAction":[{"@type":"SearchAction","target":{"@type":"EntryPoint","urlTemplate":"https:\/\/nea.rs\/?s={search_term_string}"},"query-input":{"@type":"PropertyValueSpecification","valueRequired":true,"valueName":"search_term_string"}}],"inLanguage":"sr-RS"},{"@type":"Organization","@id":"https:\/\/nea.rs\/#organization","name":"Nacionalna ekolo\u0161ka asocijacija","url":"https:\/\/nea.rs\/","logo":{"@type":"ImageObject","inLanguage":"sr-RS","@id":"https:\/\/nea.rs\/#\/schema\/logo\/image\/","url":"https:\/\/nea.rs\/wp-content\/uploads\/2021\/05\/cropped-logoNEA_crop_180_nowhite.jpg","contentUrl":"https:\/\/nea.rs\/wp-content\/uploads\/2021\/05\/cropped-logoNEA_crop_180_nowhite.jpg","width":276,"height":154,"caption":"Nacionalna ekolo\u0161ka asocijacija"},"image":{"@id":"https:\/\/nea.rs\/#\/schema\/logo\/image\/"},"sameAs":["https:\/\/www.facebook.com\/NEASrbija","https:\/\/x.com\/NEASrbija","https:\/\/www.instagram.com\/neasrbija\/","https:\/\/www.youtube.com\/channel\/UCxwdyhNFV-rjanyqj7JIFow"]},{"@type":"Person","@id":"https:\/\/nea.rs\/#\/schema\/person\/daf5180476fd224bc67bb42ea6d87925","name":"admin","image":{"@type":"ImageObject","inLanguage":"sr-RS","@id":"https:\/\/nea.rs\/#\/schema\/person\/image\/","url":"https:\/\/secure.gravatar.com\/avatar\/208ddce103f55aec8415cbae6044df1aa912c6d56bb8e74d76628d5d221bad04?s=96&d=mm&r=g","contentUrl":"https:\/\/secure.gravatar.com\/avatar\/208ddce103f55aec8415cbae6044df1aa912c6d56bb8e74d76628d5d221bad04?s=96&d=mm&r=g","caption":"admin"},"sameAs":["https:\/\/nea.rs"],"url":"https:\/\/nea.rs\/index.php\/author\/admin_5kpl02hl\/"}]}},"jetpack_sharing_enabled":true,"jetpack_featured_media_url":"","_links":{"self":[{"href":"https:\/\/nea.rs\/index.php\/wp-json\/wp\/v2\/posts\/741","targetHints":{"allow":["GET"]}}],"collection":[{"href":"https:\/\/nea.rs\/index.php\/wp-json\/wp\/v2\/posts"}],"about":[{"href":"https:\/\/nea.rs\/index.php\/wp-json\/wp\/v2\/types\/post"}],"author":[{"embeddable":true,"href":"https:\/\/nea.rs\/index.php\/wp-json\/wp\/v2\/users\/1"}],"replies":[{"embeddable":true,"href":"https:\/\/nea.rs\/index.php\/wp-json\/wp\/v2\/comments?post=741"}],"version-history":[{"count":1,"href":"https:\/\/nea.rs\/index.php\/wp-json\/wp\/v2\/posts\/741\/revisions"}],"predecessor-version":[{"id":742,"href":"https:\/\/nea.rs\/index.php\/wp-json\/wp\/v2\/posts\/741\/revisions\/742"}],"wp:attachment":[{"href":"https:\/\/nea.rs\/index.php\/wp-json\/wp\/v2\/media?parent=741"}],"wp:term":[{"taxonomy":"category","embeddable":true,"href":"https:\/\/nea.rs\/index.php\/wp-json\/wp\/v2\/categories?post=741"},{"taxonomy":"post_tag","embeddable":true,"href":"https:\/\/nea.rs\/index.php\/wp-json\/wp\/v2\/tags?post=741"}],"curies":[{"name":"wp","href":"https:\/\/api.w.org\/{rel}","templated":true}]}}