{"id":714,"date":"2021-09-10T16:58:02","date_gmt":"2021-09-10T16:58:02","guid":{"rendered":"https:\/\/nea.rs\/?p=714"},"modified":"2021-09-10T16:58:05","modified_gmt":"2021-09-10T16:58:05","slug":"sta-nas-gusi-a-ne-truje-intervju-za-eko-nec","status":"publish","type":"post","link":"https:\/\/nea.rs\/index.php\/2021\/09\/10\/sta-nas-gusi-a-ne-truje-intervju-za-eko-nec\/","title":{"rendered":"&#8222;\u0160ta nas gu\u0161i a ne truje&#8220; &#8211; intervju za Eko-NEC"},"content":{"rendered":"\n<p>U intevjuu za Eko-NEC, Dejan Leki\u0107, \u010dlan stru\u010dnog saveta NEA postavlja ovo pitanje i daje odgovore na nekoliko aktuelnih tema.<\/p>\n\n\n\n<figure class=\"wp-block-embed is-type-link is-provider-eko-nec-milisav-pajevic wp-block-embed-eko-nec-milisav-pajevic\"><div class=\"wp-block-embed__wrapper\">\n<a href=\"https:\/\/ekonec.wordpress.com\/2021\/09\/10\/ekoloski-intervjui-u-doba-korone-dejan-lekic-diplomirani-gradevinski-inzenjer-magistar-vestacke-inteligencije-strucnjak-un-u-oblasti-zastite-zivotne-sredine-sta-nas-gusi-ako-nas-ne-truj\">Ekolo\u0161ki intervjui u doba korone\/ Dejan Leki\u0107, diplomirani gra\u0111evinski in\u017eenjer, magistar ve\u0161ta\u010dke inteligencije, stru\u010dnjak UN u oblasti za\u0161tite \u017eivotne sredine : \u201e\u0160ta nas gu\u0161i ako nas ne&nbsp;truje?\u201c<\/a>\n<\/div><\/figure>\n","protected":false},"excerpt":{"rendered":"<p>U intevjuu za Eko-NEC, Dejan Leki\u0107, \u010dlan stru\u010dnog saveta NEA postavlja ovo pitanje i daje odgovore na nekoliko aktuelnih tema.<\/p>\n","protected":false},"author":1,"featured_media":0,"comment_status":"closed","ping_status":"open","sticky":false,"template":"","format":"standard","meta":{"footnotes":""},"categories":[11],"tags":[],"class_list":["post-714","post","type-post","status-publish","format-standard","hentry","category-saopstenja"],"yoast_head":"<!-- This site is optimized with the Yoast SEO plugin v24.9 - https:\/\/yoast.com\/wordpress\/plugins\/seo\/ -->\n<title>&quot;\u0160ta nas gu\u0161i a ne truje&quot; - intervju za Eko-NEC - Nacionalna ekolo\u0161ka asocijacija<\/title>\n<meta name=\"robots\" content=\"index, follow, max-snippet:-1, max-image-preview:large, max-video-preview:-1\" \/>\n<link rel=\"canonical\" href=\"https:\/\/nea.rs\/index.php\/2021\/09\/10\/sta-nas-gusi-a-ne-truje-intervju-za-eko-nec\/\" \/>\n<meta property=\"og:locale\" content=\"sr_RS\" \/>\n<meta property=\"og:type\" content=\"article\" \/>\n<meta property=\"og:title\" content=\"&quot;\u0160ta nas gu\u0161i a ne truje&quot; - intervju za Eko-NEC - Nacionalna ekolo\u0161ka asocijacija\" \/>\n<meta property=\"og:description\" content=\"U intevjuu za Eko-NEC, Dejan Leki\u0107, \u010dlan stru\u010dnog saveta NEA postavlja ovo pitanje i daje odgovore na nekoliko aktuelnih tema.\" \/>\n<meta property=\"og:url\" content=\"https:\/\/nea.rs\/index.php\/2021\/09\/10\/sta-nas-gusi-a-ne-truje-intervju-za-eko-nec\/\" \/>\n<meta property=\"og:site_name\" content=\"Nacionalna ekolo\u0161ka asocijacija\" \/>\n<meta property=\"article:publisher\" content=\"https:\/\/www.facebook.com\/NEASrbija\" \/>\n<meta property=\"article:published_time\" content=\"2021-09-10T16:58:02+00:00\" \/>\n<meta property=\"article:modified_time\" content=\"2021-09-10T16:58:05+00:00\" \/>\n<meta name=\"author\" content=\"admin\" \/>\n<meta name=\"twitter:card\" content=\"summary_large_image\" \/>\n<meta name=\"twitter:creator\" content=\"@NEASrbija\" \/>\n<meta name=\"twitter:site\" content=\"@NEASrbija\" \/>\n<meta name=\"twitter:label1\" content=\"Napisano od\" \/>\n\t<meta name=\"twitter:data1\" content=\"admin\" \/>\n\t<meta name=\"twitter:label2\" content=\"Procenjeno vreme \u010ditanja\" \/>\n\t<meta name=\"twitter:data2\" content=\"1 minut\" \/>\n<script type=\"application\/ld+json\" class=\"yoast-schema-graph\">{\"@context\":\"https:\/\/schema.org\",\"@graph\":[{\"@type\":\"Article\",\"@id\":\"https:\/\/nea.rs\/index.php\/2021\/09\/10\/sta-nas-gusi-a-ne-truje-intervju-za-eko-nec\/#article\",\"isPartOf\":{\"@id\":\"https:\/\/nea.rs\/index.php\/2021\/09\/10\/sta-nas-gusi-a-ne-truje-intervju-za-eko-nec\/\"},\"author\":{\"name\":\"admin\",\"@id\":\"https:\/\/nea.rs\/#\/schema\/person\/daf5180476fd224bc67bb42ea6d87925\"},\"headline\":\"&#8222;\u0160ta nas gu\u0161i a ne truje&#8220; &#8211; intervju za Eko-NEC\",\"datePublished\":\"2021-09-10T16:58:02+00:00\",\"dateModified\":\"2021-09-10T16:58:05+00:00\",\"mainEntityOfPage\":{\"@id\":\"https:\/\/nea.rs\/index.php\/2021\/09\/10\/sta-nas-gusi-a-ne-truje-intervju-za-eko-nec\/\"},\"wordCount\":37,\"publisher\":{\"@id\":\"https:\/\/nea.rs\/#organization\"},\"articleSection\":[\"Saop\u0161tenja\"],\"inLanguage\":\"sr-RS\"},{\"@type\":\"WebPage\",\"@id\":\"https:\/\/nea.rs\/index.php\/2021\/09\/10\/sta-nas-gusi-a-ne-truje-intervju-za-eko-nec\/\",\"url\":\"https:\/\/nea.rs\/index.php\/2021\/09\/10\/sta-nas-gusi-a-ne-truje-intervju-za-eko-nec\/\",\"name\":\"\\\"\u0160ta nas gu\u0161i a ne truje\\\" - intervju za Eko-NEC - Nacionalna ekolo\u0161ka asocijacija\",\"isPartOf\":{\"@id\":\"https:\/\/nea.rs\/#website\"},\"datePublished\":\"2021-09-10T16:58:02+00:00\",\"dateModified\":\"2021-09-10T16:58:05+00:00\",\"breadcrumb\":{\"@id\":\"https:\/\/nea.rs\/index.php\/2021\/09\/10\/sta-nas-gusi-a-ne-truje-intervju-za-eko-nec\/#breadcrumb\"},\"inLanguage\":\"sr-RS\",\"potentialAction\":[{\"@type\":\"ReadAction\",\"target\":[\"https:\/\/nea.rs\/index.php\/2021\/09\/10\/sta-nas-gusi-a-ne-truje-intervju-za-eko-nec\/\"]}]},{\"@type\":\"BreadcrumbList\",\"@id\":\"https:\/\/nea.rs\/index.php\/2021\/09\/10\/sta-nas-gusi-a-ne-truje-intervju-za-eko-nec\/#breadcrumb\",\"itemListElement\":[{\"@type\":\"ListItem\",\"position\":1,\"name\":\"Po\u010detna\",\"item\":\"https:\/\/nea.rs\/\"},{\"@type\":\"ListItem\",\"position\":2,\"name\":\"&#8222;\u0160ta nas gu\u0161i a ne truje&#8220; &#8211; intervju za Eko-NEC\"}]},{\"@type\":\"WebSite\",\"@id\":\"https:\/\/nea.rs\/#website\",\"url\":\"https:\/\/nea.rs\/\",\"name\":\"Nacionalna ekolo\u0161ka asocijacija\",\"description\":\"\",\"publisher\":{\"@id\":\"https:\/\/nea.rs\/#organization\"},\"potentialAction\":[{\"@type\":\"SearchAction\",\"target\":{\"@type\":\"EntryPoint\",\"urlTemplate\":\"https:\/\/nea.rs\/?s={search_term_string}\"},\"query-input\":{\"@type\":\"PropertyValueSpecification\",\"valueRequired\":true,\"valueName\":\"search_term_string\"}}],\"inLanguage\":\"sr-RS\"},{\"@type\":\"Organization\",\"@id\":\"https:\/\/nea.rs\/#organization\",\"name\":\"Nacionalna ekolo\u0161ka asocijacija\",\"url\":\"https:\/\/nea.rs\/\",\"logo\":{\"@type\":\"ImageObject\",\"inLanguage\":\"sr-RS\",\"@id\":\"https:\/\/nea.rs\/#\/schema\/logo\/image\/\",\"url\":\"https:\/\/nea.rs\/wp-content\/uploads\/2021\/05\/cropped-logoNEA_crop_180_nowhite.jpg\",\"contentUrl\":\"https:\/\/nea.rs\/wp-content\/uploads\/2021\/05\/cropped-logoNEA_crop_180_nowhite.jpg\",\"width\":276,\"height\":154,\"caption\":\"Nacionalna ekolo\u0161ka asocijacija\"},\"image\":{\"@id\":\"https:\/\/nea.rs\/#\/schema\/logo\/image\/\"},\"sameAs\":[\"https:\/\/www.facebook.com\/NEASrbija\",\"https:\/\/x.com\/NEASrbija\",\"https:\/\/www.instagram.com\/neasrbija\/\",\"https:\/\/www.youtube.com\/channel\/UCxwdyhNFV-rjanyqj7JIFow\"]},{\"@type\":\"Person\",\"@id\":\"https:\/\/nea.rs\/#\/schema\/person\/daf5180476fd224bc67bb42ea6d87925\",\"name\":\"admin\",\"image\":{\"@type\":\"ImageObject\",\"inLanguage\":\"sr-RS\",\"@id\":\"https:\/\/nea.rs\/#\/schema\/person\/image\/\",\"url\":\"https:\/\/secure.gravatar.com\/avatar\/208ddce103f55aec8415cbae6044df1aa912c6d56bb8e74d76628d5d221bad04?s=96&d=mm&r=g\",\"contentUrl\":\"https:\/\/secure.gravatar.com\/avatar\/208ddce103f55aec8415cbae6044df1aa912c6d56bb8e74d76628d5d221bad04?s=96&d=mm&r=g\",\"caption\":\"admin\"},\"sameAs\":[\"https:\/\/nea.rs\"],\"url\":\"https:\/\/nea.rs\/index.php\/author\/admin_5kpl02hl\/\"}]}<\/script>\n<!-- \/ Yoast SEO plugin. -->","yoast_head_json":{"title":"\"\u0160ta nas gu\u0161i a ne truje\" - intervju za Eko-NEC - Nacionalna ekolo\u0161ka asocijacija","robots":{"index":"index","follow":"follow","max-snippet":"max-snippet:-1","max-image-preview":"max-image-preview:large","max-video-preview":"max-video-preview:-1"},"canonical":"https:\/\/nea.rs\/index.php\/2021\/09\/10\/sta-nas-gusi-a-ne-truje-intervju-za-eko-nec\/","og_locale":"sr_RS","og_type":"article","og_title":"\"\u0160ta nas gu\u0161i a ne truje\" - intervju za Eko-NEC - Nacionalna ekolo\u0161ka asocijacija","og_description":"U intevjuu za Eko-NEC, Dejan Leki\u0107, \u010dlan stru\u010dnog saveta NEA postavlja ovo pitanje i daje odgovore na nekoliko aktuelnih tema.","og_url":"https:\/\/nea.rs\/index.php\/2021\/09\/10\/sta-nas-gusi-a-ne-truje-intervju-za-eko-nec\/","og_site_name":"Nacionalna ekolo\u0161ka asocijacija","article_publisher":"https:\/\/www.facebook.com\/NEASrbija","article_published_time":"2021-09-10T16:58:02+00:00","article_modified_time":"2021-09-10T16:58:05+00:00","author":"admin","twitter_card":"summary_large_image","twitter_creator":"@NEASrbija","twitter_site":"@NEASrbija","twitter_misc":{"Napisano od":"admin","Procenjeno vreme \u010ditanja":"1 minut"},"schema":{"@context":"https:\/\/schema.org","@graph":[{"@type":"Article","@id":"https:\/\/nea.rs\/index.php\/2021\/09\/10\/sta-nas-gusi-a-ne-truje-intervju-za-eko-nec\/#article","isPartOf":{"@id":"https:\/\/nea.rs\/index.php\/2021\/09\/10\/sta-nas-gusi-a-ne-truje-intervju-za-eko-nec\/"},"author":{"name":"admin","@id":"https:\/\/nea.rs\/#\/schema\/person\/daf5180476fd224bc67bb42ea6d87925"},"headline":"&#8222;\u0160ta nas gu\u0161i a ne truje&#8220; &#8211; intervju za Eko-NEC","datePublished":"2021-09-10T16:58:02+00:00","dateModified":"2021-09-10T16:58:05+00:00","mainEntityOfPage":{"@id":"https:\/\/nea.rs\/index.php\/2021\/09\/10\/sta-nas-gusi-a-ne-truje-intervju-za-eko-nec\/"},"wordCount":37,"publisher":{"@id":"https:\/\/nea.rs\/#organization"},"articleSection":["Saop\u0161tenja"],"inLanguage":"sr-RS"},{"@type":"WebPage","@id":"https:\/\/nea.rs\/index.php\/2021\/09\/10\/sta-nas-gusi-a-ne-truje-intervju-za-eko-nec\/","url":"https:\/\/nea.rs\/index.php\/2021\/09\/10\/sta-nas-gusi-a-ne-truje-intervju-za-eko-nec\/","name":"\"\u0160ta nas gu\u0161i a ne truje\" - intervju za Eko-NEC - Nacionalna ekolo\u0161ka asocijacija","isPartOf":{"@id":"https:\/\/nea.rs\/#website"},"datePublished":"2021-09-10T16:58:02+00:00","dateModified":"2021-09-10T16:58:05+00:00","breadcrumb":{"@id":"https:\/\/nea.rs\/index.php\/2021\/09\/10\/sta-nas-gusi-a-ne-truje-intervju-za-eko-nec\/#breadcrumb"},"inLanguage":"sr-RS","potentialAction":[{"@type":"ReadAction","target":["https:\/\/nea.rs\/index.php\/2021\/09\/10\/sta-nas-gusi-a-ne-truje-intervju-za-eko-nec\/"]}]},{"@type":"BreadcrumbList","@id":"https:\/\/nea.rs\/index.php\/2021\/09\/10\/sta-nas-gusi-a-ne-truje-intervju-za-eko-nec\/#breadcrumb","itemListElement":[{"@type":"ListItem","position":1,"name":"Po\u010detna","item":"https:\/\/nea.rs\/"},{"@type":"ListItem","position":2,"name":"&#8222;\u0160ta nas gu\u0161i a ne truje&#8220; &#8211; intervju za Eko-NEC"}]},{"@type":"WebSite","@id":"https:\/\/nea.rs\/#website","url":"https:\/\/nea.rs\/","name":"Nacionalna ekolo\u0161ka asocijacija","description":"","publisher":{"@id":"https:\/\/nea.rs\/#organization"},"potentialAction":[{"@type":"SearchAction","target":{"@type":"EntryPoint","urlTemplate":"https:\/\/nea.rs\/?s={search_term_string}"},"query-input":{"@type":"PropertyValueSpecification","valueRequired":true,"valueName":"search_term_string"}}],"inLanguage":"sr-RS"},{"@type":"Organization","@id":"https:\/\/nea.rs\/#organization","name":"Nacionalna ekolo\u0161ka asocijacija","url":"https:\/\/nea.rs\/","logo":{"@type":"ImageObject","inLanguage":"sr-RS","@id":"https:\/\/nea.rs\/#\/schema\/logo\/image\/","url":"https:\/\/nea.rs\/wp-content\/uploads\/2021\/05\/cropped-logoNEA_crop_180_nowhite.jpg","contentUrl":"https:\/\/nea.rs\/wp-content\/uploads\/2021\/05\/cropped-logoNEA_crop_180_nowhite.jpg","width":276,"height":154,"caption":"Nacionalna ekolo\u0161ka asocijacija"},"image":{"@id":"https:\/\/nea.rs\/#\/schema\/logo\/image\/"},"sameAs":["https:\/\/www.facebook.com\/NEASrbija","https:\/\/x.com\/NEASrbija","https:\/\/www.instagram.com\/neasrbija\/","https:\/\/www.youtube.com\/channel\/UCxwdyhNFV-rjanyqj7JIFow"]},{"@type":"Person","@id":"https:\/\/nea.rs\/#\/schema\/person\/daf5180476fd224bc67bb42ea6d87925","name":"admin","image":{"@type":"ImageObject","inLanguage":"sr-RS","@id":"https:\/\/nea.rs\/#\/schema\/person\/image\/","url":"https:\/\/secure.gravatar.com\/avatar\/208ddce103f55aec8415cbae6044df1aa912c6d56bb8e74d76628d5d221bad04?s=96&d=mm&r=g","contentUrl":"https:\/\/secure.gravatar.com\/avatar\/208ddce103f55aec8415cbae6044df1aa912c6d56bb8e74d76628d5d221bad04?s=96&d=mm&r=g","caption":"admin"},"sameAs":["https:\/\/nea.rs"],"url":"https:\/\/nea.rs\/index.php\/author\/admin_5kpl02hl\/"}]}},"jetpack_sharing_enabled":true,"jetpack_featured_media_url":"","_links":{"self":[{"href":"https:\/\/nea.rs\/index.php\/wp-json\/wp\/v2\/posts\/714","targetHints":{"allow":["GET"]}}],"collection":[{"href":"https:\/\/nea.rs\/index.php\/wp-json\/wp\/v2\/posts"}],"about":[{"href":"https:\/\/nea.rs\/index.php\/wp-json\/wp\/v2\/types\/post"}],"author":[{"embeddable":true,"href":"https:\/\/nea.rs\/index.php\/wp-json\/wp\/v2\/users\/1"}],"replies":[{"embeddable":true,"href":"https:\/\/nea.rs\/index.php\/wp-json\/wp\/v2\/comments?post=714"}],"version-history":[{"count":1,"href":"https:\/\/nea.rs\/index.php\/wp-json\/wp\/v2\/posts\/714\/revisions"}],"predecessor-version":[{"id":715,"href":"https:\/\/nea.rs\/index.php\/wp-json\/wp\/v2\/posts\/714\/revisions\/715"}],"wp:attachment":[{"href":"https:\/\/nea.rs\/index.php\/wp-json\/wp\/v2\/media?parent=714"}],"wp:term":[{"taxonomy":"category","embeddable":true,"href":"https:\/\/nea.rs\/index.php\/wp-json\/wp\/v2\/categories?post=714"},{"taxonomy":"post_tag","embeddable":true,"href":"https:\/\/nea.rs\/index.php\/wp-json\/wp\/v2\/tags?post=714"}],"curies":[{"name":"wp","href":"https:\/\/api.w.org\/{rel}","templated":true}]}}