{"id":698,"date":"2021-09-05T18:08:41","date_gmt":"2021-09-05T18:08:41","guid":{"rendered":"https:\/\/nea.rs\/?p=698"},"modified":"2021-09-06T12:27:21","modified_gmt":"2021-09-06T12:27:21","slug":"7-semptembar-svetski-dan-cistog-vazduha","status":"publish","type":"post","link":"https:\/\/nea.rs\/index.php\/2021\/09\/05\/7-semptembar-svetski-dan-cistog-vazduha\/","title":{"rendered":"7. semptembar &#8211; Me\u0111unarodni dan \u010distog vazduha"},"content":{"rendered":"\n<p>Dan koji bi trebalo da predstavlja simboli\u010dki praznik \u017eivotne sredine, gra\u0111ani Srbije do\u010dekuju okru\u017eeni stravi\u010dnim zaga\u0111enjem svih medija \u017eivotne sredine. Ni 7500 umrlih u Srbiji od prekomernog zaga\u0111enja vazduha, nije dovoljno dr\u017eavnim institucijama da deluju kako bi re\u0161ile problem i posledi\u010dno za\u0161titile zdravlje gra\u0111ana i gra\u0111anki Srbije.<\/p>\n\n\n\n<p>Analiza nivoa aerozaga\u0111enja u EU i Srbiji je dovoljan dokaz da su veoma neodgovorne izjave da je Beograd na samom vrhu po kvalitetu vazduha u Evropi. Zvani\u010dna rang lista 324 grada u EU (izvor: Evropska Agencija za \u017eivotnu sredinu) prema koncentracijama PM 2.5 \u010destica, koje su najodgovornije za nivo kvaliteta vazduha i najopasnije za ugro\u017eavanje zdravlja, pokazuje da je \u201e\u010disti\u201c Beograd podjednako zaga\u0111en kao i poslednji gradovi na toj listi. U pore\u0111enju sa gradovima sa preko milion stanovnika dolazimo do jo\u0161 frapantnijih zaklju\u010daka. Beograd se nalazi na prvom mestu po zaga\u0111enosti vazduha u Evropi!<\/p>\n\n\n\n<p>Vazduh se ne\u0107e pobolj\u0161ati parolama, negacijama \u010dinjenica i ne\u010dinjenjem, ve\u0107 intenzivnim dono\u0161enjem i sprovo\u0111enjem adekvatnih mera od strane dr\u017eave, \u010diju volju po tom pitanju ne vidimo.<\/p>\n\n\n\n<div class=\"wp-block-image\"><figure class=\"aligncenter size-full\"><img loading=\"lazy\" decoding=\"async\" width=\"1145\" height=\"825\" src=\"https:\/\/nea.rs\/wp-content\/uploads\/2021\/09\/beograd321_xeco_nea.png\" alt=\"\" class=\"wp-image-701\" srcset=\"https:\/\/nea.rs\/wp-content\/uploads\/2021\/09\/beograd321_xeco_nea.png 1145w, https:\/\/nea.rs\/wp-content\/uploads\/2021\/09\/beograd321_xeco_nea-768x553.png 768w\" sizes=\"auto, (max-width: 1145px) 100vw, 1145px\" \/><figcaption>Gde je Beograd po zaga\u0111enju vazduha u odnosu na evropske metropole?<\/figcaption><\/figure><\/div>\n","protected":false},"excerpt":{"rendered":"<p>Dan koji bi trebalo da predstavlja simboli\u010dki praznik \u017eivotne sredine, gra\u0111ani Srbije do\u010dekuju okru\u017eeni stravi\u010dnim zaga\u0111enjem svih medija \u017eivotne sredine. Ni 7500 umrlih u Srbiji&hellip;<\/p>\n","protected":false},"author":1,"featured_media":0,"comment_status":"closed","ping_status":"open","sticky":false,"template":"","format":"standard","meta":{"footnotes":""},"categories":[5,11],"tags":[],"class_list":["post-698","post","type-post","status-publish","format-standard","hentry","category-aktivnosti","category-saopstenja"],"yoast_head":"<!-- This site is optimized with the Yoast SEO plugin v24.9 - https:\/\/yoast.com\/wordpress\/plugins\/seo\/ -->\n<title>7. semptembar - Me\u0111unarodni dan \u010distog vazduha - Nacionalna ekolo\u0161ka asocijacija<\/title>\n<meta name=\"robots\" content=\"index, follow, max-snippet:-1, max-image-preview:large, max-video-preview:-1\" \/>\n<link rel=\"canonical\" href=\"https:\/\/nea.rs\/index.php\/2021\/09\/05\/7-semptembar-svetski-dan-cistog-vazduha\/\" \/>\n<meta property=\"og:locale\" content=\"sr_RS\" \/>\n<meta property=\"og:type\" content=\"article\" \/>\n<meta property=\"og:title\" content=\"7. semptembar - Me\u0111unarodni dan \u010distog vazduha - Nacionalna ekolo\u0161ka asocijacija\" \/>\n<meta property=\"og:description\" content=\"Dan koji bi trebalo da predstavlja simboli\u010dki praznik \u017eivotne sredine, gra\u0111ani Srbije do\u010dekuju okru\u017eeni stravi\u010dnim zaga\u0111enjem svih medija \u017eivotne sredine. Ni 7500 umrlih u Srbiji&hellip;\" \/>\n<meta property=\"og:url\" content=\"https:\/\/nea.rs\/index.php\/2021\/09\/05\/7-semptembar-svetski-dan-cistog-vazduha\/\" \/>\n<meta property=\"og:site_name\" content=\"Nacionalna ekolo\u0161ka asocijacija\" \/>\n<meta property=\"article:publisher\" content=\"https:\/\/www.facebook.com\/NEASrbija\" \/>\n<meta property=\"article:published_time\" content=\"2021-09-05T18:08:41+00:00\" \/>\n<meta property=\"article:modified_time\" content=\"2021-09-06T12:27:21+00:00\" \/>\n<meta property=\"og:image\" content=\"https:\/\/nea.rs\/wp-content\/uploads\/2021\/09\/beograd321_xeco_nea.png\" \/>\n<meta name=\"author\" content=\"admin\" \/>\n<meta name=\"twitter:card\" content=\"summary_large_image\" \/>\n<meta name=\"twitter:creator\" content=\"@NEASrbija\" \/>\n<meta name=\"twitter:site\" content=\"@NEASrbija\" \/>\n<meta name=\"twitter:label1\" content=\"Napisano od\" \/>\n\t<meta name=\"twitter:data1\" content=\"admin\" \/>\n\t<meta name=\"twitter:label2\" content=\"Procenjeno vreme \u010ditanja\" \/>\n\t<meta name=\"twitter:data2\" content=\"1 minut\" \/>\n<script type=\"application\/ld+json\" class=\"yoast-schema-graph\">{\"@context\":\"https:\/\/schema.org\",\"@graph\":[{\"@type\":\"Article\",\"@id\":\"https:\/\/nea.rs\/index.php\/2021\/09\/05\/7-semptembar-svetski-dan-cistog-vazduha\/#article\",\"isPartOf\":{\"@id\":\"https:\/\/nea.rs\/index.php\/2021\/09\/05\/7-semptembar-svetski-dan-cistog-vazduha\/\"},\"author\":{\"name\":\"admin\",\"@id\":\"https:\/\/nea.rs\/#\/schema\/person\/daf5180476fd224bc67bb42ea6d87925\"},\"headline\":\"7. semptembar &#8211; Me\u0111unarodni dan \u010distog vazduha\",\"datePublished\":\"2021-09-05T18:08:41+00:00\",\"dateModified\":\"2021-09-06T12:27:21+00:00\",\"mainEntityOfPage\":{\"@id\":\"https:\/\/nea.rs\/index.php\/2021\/09\/05\/7-semptembar-svetski-dan-cistog-vazduha\/\"},\"wordCount\":209,\"publisher\":{\"@id\":\"https:\/\/nea.rs\/#organization\"},\"image\":{\"@id\":\"https:\/\/nea.rs\/index.php\/2021\/09\/05\/7-semptembar-svetski-dan-cistog-vazduha\/#primaryimage\"},\"thumbnailUrl\":\"https:\/\/nea.rs\/wp-content\/uploads\/2021\/09\/beograd321_xeco_nea.png\",\"articleSection\":[\"Aktivnosti\",\"Saop\u0161tenja\"],\"inLanguage\":\"sr-RS\"},{\"@type\":\"WebPage\",\"@id\":\"https:\/\/nea.rs\/index.php\/2021\/09\/05\/7-semptembar-svetski-dan-cistog-vazduha\/\",\"url\":\"https:\/\/nea.rs\/index.php\/2021\/09\/05\/7-semptembar-svetski-dan-cistog-vazduha\/\",\"name\":\"7. semptembar - Me\u0111unarodni dan \u010distog vazduha - Nacionalna ekolo\u0161ka asocijacija\",\"isPartOf\":{\"@id\":\"https:\/\/nea.rs\/#website\"},\"primaryImageOfPage\":{\"@id\":\"https:\/\/nea.rs\/index.php\/2021\/09\/05\/7-semptembar-svetski-dan-cistog-vazduha\/#primaryimage\"},\"image\":{\"@id\":\"https:\/\/nea.rs\/index.php\/2021\/09\/05\/7-semptembar-svetski-dan-cistog-vazduha\/#primaryimage\"},\"thumbnailUrl\":\"https:\/\/nea.rs\/wp-content\/uploads\/2021\/09\/beograd321_xeco_nea.png\",\"datePublished\":\"2021-09-05T18:08:41+00:00\",\"dateModified\":\"2021-09-06T12:27:21+00:00\",\"breadcrumb\":{\"@id\":\"https:\/\/nea.rs\/index.php\/2021\/09\/05\/7-semptembar-svetski-dan-cistog-vazduha\/#breadcrumb\"},\"inLanguage\":\"sr-RS\",\"potentialAction\":[{\"@type\":\"ReadAction\",\"target\":[\"https:\/\/nea.rs\/index.php\/2021\/09\/05\/7-semptembar-svetski-dan-cistog-vazduha\/\"]}]},{\"@type\":\"ImageObject\",\"inLanguage\":\"sr-RS\",\"@id\":\"https:\/\/nea.rs\/index.php\/2021\/09\/05\/7-semptembar-svetski-dan-cistog-vazduha\/#primaryimage\",\"url\":\"https:\/\/nea.rs\/wp-content\/uploads\/2021\/09\/beograd321_xeco_nea.png\",\"contentUrl\":\"https:\/\/nea.rs\/wp-content\/uploads\/2021\/09\/beograd321_xeco_nea.png\",\"width\":1145,\"height\":825},{\"@type\":\"BreadcrumbList\",\"@id\":\"https:\/\/nea.rs\/index.php\/2021\/09\/05\/7-semptembar-svetski-dan-cistog-vazduha\/#breadcrumb\",\"itemListElement\":[{\"@type\":\"ListItem\",\"position\":1,\"name\":\"Po\u010detna\",\"item\":\"https:\/\/nea.rs\/\"},{\"@type\":\"ListItem\",\"position\":2,\"name\":\"7. semptembar &#8211; Me\u0111unarodni dan \u010distog vazduha\"}]},{\"@type\":\"WebSite\",\"@id\":\"https:\/\/nea.rs\/#website\",\"url\":\"https:\/\/nea.rs\/\",\"name\":\"Nacionalna ekolo\u0161ka asocijacija\",\"description\":\"\",\"publisher\":{\"@id\":\"https:\/\/nea.rs\/#organization\"},\"potentialAction\":[{\"@type\":\"SearchAction\",\"target\":{\"@type\":\"EntryPoint\",\"urlTemplate\":\"https:\/\/nea.rs\/?s={search_term_string}\"},\"query-input\":{\"@type\":\"PropertyValueSpecification\",\"valueRequired\":true,\"valueName\":\"search_term_string\"}}],\"inLanguage\":\"sr-RS\"},{\"@type\":\"Organization\",\"@id\":\"https:\/\/nea.rs\/#organization\",\"name\":\"Nacionalna ekolo\u0161ka asocijacija\",\"url\":\"https:\/\/nea.rs\/\",\"logo\":{\"@type\":\"ImageObject\",\"inLanguage\":\"sr-RS\",\"@id\":\"https:\/\/nea.rs\/#\/schema\/logo\/image\/\",\"url\":\"https:\/\/nea.rs\/wp-content\/uploads\/2021\/05\/cropped-logoNEA_crop_180_nowhite.jpg\",\"contentUrl\":\"https:\/\/nea.rs\/wp-content\/uploads\/2021\/05\/cropped-logoNEA_crop_180_nowhite.jpg\",\"width\":276,\"height\":154,\"caption\":\"Nacionalna ekolo\u0161ka asocijacija\"},\"image\":{\"@id\":\"https:\/\/nea.rs\/#\/schema\/logo\/image\/\"},\"sameAs\":[\"https:\/\/www.facebook.com\/NEASrbija\",\"https:\/\/x.com\/NEASrbija\",\"https:\/\/www.instagram.com\/neasrbija\/\",\"https:\/\/www.youtube.com\/channel\/UCxwdyhNFV-rjanyqj7JIFow\"]},{\"@type\":\"Person\",\"@id\":\"https:\/\/nea.rs\/#\/schema\/person\/daf5180476fd224bc67bb42ea6d87925\",\"name\":\"admin\",\"image\":{\"@type\":\"ImageObject\",\"inLanguage\":\"sr-RS\",\"@id\":\"https:\/\/nea.rs\/#\/schema\/person\/image\/\",\"url\":\"https:\/\/secure.gravatar.com\/avatar\/208ddce103f55aec8415cbae6044df1aa912c6d56bb8e74d76628d5d221bad04?s=96&d=mm&r=g\",\"contentUrl\":\"https:\/\/secure.gravatar.com\/avatar\/208ddce103f55aec8415cbae6044df1aa912c6d56bb8e74d76628d5d221bad04?s=96&d=mm&r=g\",\"caption\":\"admin\"},\"sameAs\":[\"https:\/\/nea.rs\"],\"url\":\"https:\/\/nea.rs\/index.php\/author\/admin_5kpl02hl\/\"}]}<\/script>\n<!-- \/ Yoast SEO plugin. -->","yoast_head_json":{"title":"7. semptembar - Me\u0111unarodni dan \u010distog vazduha - Nacionalna ekolo\u0161ka asocijacija","robots":{"index":"index","follow":"follow","max-snippet":"max-snippet:-1","max-image-preview":"max-image-preview:large","max-video-preview":"max-video-preview:-1"},"canonical":"https:\/\/nea.rs\/index.php\/2021\/09\/05\/7-semptembar-svetski-dan-cistog-vazduha\/","og_locale":"sr_RS","og_type":"article","og_title":"7. semptembar - Me\u0111unarodni dan \u010distog vazduha - Nacionalna ekolo\u0161ka asocijacija","og_description":"Dan koji bi trebalo da predstavlja simboli\u010dki praznik \u017eivotne sredine, gra\u0111ani Srbije do\u010dekuju okru\u017eeni stravi\u010dnim zaga\u0111enjem svih medija \u017eivotne sredine. Ni 7500 umrlih u Srbiji&hellip;","og_url":"https:\/\/nea.rs\/index.php\/2021\/09\/05\/7-semptembar-svetski-dan-cistog-vazduha\/","og_site_name":"Nacionalna ekolo\u0161ka asocijacija","article_publisher":"https:\/\/www.facebook.com\/NEASrbija","article_published_time":"2021-09-05T18:08:41+00:00","article_modified_time":"2021-09-06T12:27:21+00:00","og_image":[{"url":"https:\/\/nea.rs\/wp-content\/uploads\/2021\/09\/beograd321_xeco_nea.png","type":"","width":"","height":""}],"author":"admin","twitter_card":"summary_large_image","twitter_creator":"@NEASrbija","twitter_site":"@NEASrbija","twitter_misc":{"Napisano od":"admin","Procenjeno vreme \u010ditanja":"1 minut"},"schema":{"@context":"https:\/\/schema.org","@graph":[{"@type":"Article","@id":"https:\/\/nea.rs\/index.php\/2021\/09\/05\/7-semptembar-svetski-dan-cistog-vazduha\/#article","isPartOf":{"@id":"https:\/\/nea.rs\/index.php\/2021\/09\/05\/7-semptembar-svetski-dan-cistog-vazduha\/"},"author":{"name":"admin","@id":"https:\/\/nea.rs\/#\/schema\/person\/daf5180476fd224bc67bb42ea6d87925"},"headline":"7. semptembar &#8211; Me\u0111unarodni dan \u010distog vazduha","datePublished":"2021-09-05T18:08:41+00:00","dateModified":"2021-09-06T12:27:21+00:00","mainEntityOfPage":{"@id":"https:\/\/nea.rs\/index.php\/2021\/09\/05\/7-semptembar-svetski-dan-cistog-vazduha\/"},"wordCount":209,"publisher":{"@id":"https:\/\/nea.rs\/#organization"},"image":{"@id":"https:\/\/nea.rs\/index.php\/2021\/09\/05\/7-semptembar-svetski-dan-cistog-vazduha\/#primaryimage"},"thumbnailUrl":"https:\/\/nea.rs\/wp-content\/uploads\/2021\/09\/beograd321_xeco_nea.png","articleSection":["Aktivnosti","Saop\u0161tenja"],"inLanguage":"sr-RS"},{"@type":"WebPage","@id":"https:\/\/nea.rs\/index.php\/2021\/09\/05\/7-semptembar-svetski-dan-cistog-vazduha\/","url":"https:\/\/nea.rs\/index.php\/2021\/09\/05\/7-semptembar-svetski-dan-cistog-vazduha\/","name":"7. semptembar - Me\u0111unarodni dan \u010distog vazduha - Nacionalna ekolo\u0161ka asocijacija","isPartOf":{"@id":"https:\/\/nea.rs\/#website"},"primaryImageOfPage":{"@id":"https:\/\/nea.rs\/index.php\/2021\/09\/05\/7-semptembar-svetski-dan-cistog-vazduha\/#primaryimage"},"image":{"@id":"https:\/\/nea.rs\/index.php\/2021\/09\/05\/7-semptembar-svetski-dan-cistog-vazduha\/#primaryimage"},"thumbnailUrl":"https:\/\/nea.rs\/wp-content\/uploads\/2021\/09\/beograd321_xeco_nea.png","datePublished":"2021-09-05T18:08:41+00:00","dateModified":"2021-09-06T12:27:21+00:00","breadcrumb":{"@id":"https:\/\/nea.rs\/index.php\/2021\/09\/05\/7-semptembar-svetski-dan-cistog-vazduha\/#breadcrumb"},"inLanguage":"sr-RS","potentialAction":[{"@type":"ReadAction","target":["https:\/\/nea.rs\/index.php\/2021\/09\/05\/7-semptembar-svetski-dan-cistog-vazduha\/"]}]},{"@type":"ImageObject","inLanguage":"sr-RS","@id":"https:\/\/nea.rs\/index.php\/2021\/09\/05\/7-semptembar-svetski-dan-cistog-vazduha\/#primaryimage","url":"https:\/\/nea.rs\/wp-content\/uploads\/2021\/09\/beograd321_xeco_nea.png","contentUrl":"https:\/\/nea.rs\/wp-content\/uploads\/2021\/09\/beograd321_xeco_nea.png","width":1145,"height":825},{"@type":"BreadcrumbList","@id":"https:\/\/nea.rs\/index.php\/2021\/09\/05\/7-semptembar-svetski-dan-cistog-vazduha\/#breadcrumb","itemListElement":[{"@type":"ListItem","position":1,"name":"Po\u010detna","item":"https:\/\/nea.rs\/"},{"@type":"ListItem","position":2,"name":"7. semptembar &#8211; Me\u0111unarodni dan \u010distog vazduha"}]},{"@type":"WebSite","@id":"https:\/\/nea.rs\/#website","url":"https:\/\/nea.rs\/","name":"Nacionalna ekolo\u0161ka asocijacija","description":"","publisher":{"@id":"https:\/\/nea.rs\/#organization"},"potentialAction":[{"@type":"SearchAction","target":{"@type":"EntryPoint","urlTemplate":"https:\/\/nea.rs\/?s={search_term_string}"},"query-input":{"@type":"PropertyValueSpecification","valueRequired":true,"valueName":"search_term_string"}}],"inLanguage":"sr-RS"},{"@type":"Organization","@id":"https:\/\/nea.rs\/#organization","name":"Nacionalna ekolo\u0161ka asocijacija","url":"https:\/\/nea.rs\/","logo":{"@type":"ImageObject","inLanguage":"sr-RS","@id":"https:\/\/nea.rs\/#\/schema\/logo\/image\/","url":"https:\/\/nea.rs\/wp-content\/uploads\/2021\/05\/cropped-logoNEA_crop_180_nowhite.jpg","contentUrl":"https:\/\/nea.rs\/wp-content\/uploads\/2021\/05\/cropped-logoNEA_crop_180_nowhite.jpg","width":276,"height":154,"caption":"Nacionalna ekolo\u0161ka asocijacija"},"image":{"@id":"https:\/\/nea.rs\/#\/schema\/logo\/image\/"},"sameAs":["https:\/\/www.facebook.com\/NEASrbija","https:\/\/x.com\/NEASrbija","https:\/\/www.instagram.com\/neasrbija\/","https:\/\/www.youtube.com\/channel\/UCxwdyhNFV-rjanyqj7JIFow"]},{"@type":"Person","@id":"https:\/\/nea.rs\/#\/schema\/person\/daf5180476fd224bc67bb42ea6d87925","name":"admin","image":{"@type":"ImageObject","inLanguage":"sr-RS","@id":"https:\/\/nea.rs\/#\/schema\/person\/image\/","url":"https:\/\/secure.gravatar.com\/avatar\/208ddce103f55aec8415cbae6044df1aa912c6d56bb8e74d76628d5d221bad04?s=96&d=mm&r=g","contentUrl":"https:\/\/secure.gravatar.com\/avatar\/208ddce103f55aec8415cbae6044df1aa912c6d56bb8e74d76628d5d221bad04?s=96&d=mm&r=g","caption":"admin"},"sameAs":["https:\/\/nea.rs"],"url":"https:\/\/nea.rs\/index.php\/author\/admin_5kpl02hl\/"}]}},"jetpack_sharing_enabled":true,"jetpack_featured_media_url":"","_links":{"self":[{"href":"https:\/\/nea.rs\/index.php\/wp-json\/wp\/v2\/posts\/698","targetHints":{"allow":["GET"]}}],"collection":[{"href":"https:\/\/nea.rs\/index.php\/wp-json\/wp\/v2\/posts"}],"about":[{"href":"https:\/\/nea.rs\/index.php\/wp-json\/wp\/v2\/types\/post"}],"author":[{"embeddable":true,"href":"https:\/\/nea.rs\/index.php\/wp-json\/wp\/v2\/users\/1"}],"replies":[{"embeddable":true,"href":"https:\/\/nea.rs\/index.php\/wp-json\/wp\/v2\/comments?post=698"}],"version-history":[{"count":4,"href":"https:\/\/nea.rs\/index.php\/wp-json\/wp\/v2\/posts\/698\/revisions"}],"predecessor-version":[{"id":706,"href":"https:\/\/nea.rs\/index.php\/wp-json\/wp\/v2\/posts\/698\/revisions\/706"}],"wp:attachment":[{"href":"https:\/\/nea.rs\/index.php\/wp-json\/wp\/v2\/media?parent=698"}],"wp:term":[{"taxonomy":"category","embeddable":true,"href":"https:\/\/nea.rs\/index.php\/wp-json\/wp\/v2\/categories?post=698"},{"taxonomy":"post_tag","embeddable":true,"href":"https:\/\/nea.rs\/index.php\/wp-json\/wp\/v2\/tags?post=698"}],"curies":[{"name":"wp","href":"https:\/\/api.w.org\/{rel}","templated":true}]}}