{"id":658,"date":"2021-08-09T21:22:17","date_gmt":"2021-08-09T21:22:17","guid":{"rendered":"https:\/\/nea.rs\/?p=658"},"modified":"2021-08-09T21:22:21","modified_gmt":"2021-08-09T21:22:21","slug":"do-sada-nezabelezene-koncentracije-pm-cestica","status":"publish","type":"post","link":"https:\/\/nea.rs\/index.php\/2021\/08\/09\/do-sada-nezabelezene-koncentracije-pm-cestica\/","title":{"rendered":"Do sada nezabele\u017eene koncentracije PM \u010destica"},"content":{"rendered":"\n<p>Na stanici u Vin\u010di ve\u010deras su izmerene do sada nezabele\u017eene vrednosti PM \u010destica. Na delu je dakle jo\u0161 jedan dokaz ve\u0107 promovisane neuspe\u0161ne kontrole po\u017eara na Vin\u010danskoj deponiji od strane nadle\u017enih Institucija. Naravno da gra\u0111ani ne mogu da veruju da je ovaj incident bezopasan po njihovo zdravlje. A odgovornost za propuste?<\/p>\n\n\n\n<figure class=\"wp-block-image size-full\"><img loading=\"lazy\" decoding=\"async\" width=\"953\" height=\"760\" src=\"https:\/\/nea.rs\/wp-content\/uploads\/2021\/08\/vincaPM.png\" alt=\"\" class=\"wp-image-659\" srcset=\"https:\/\/nea.rs\/wp-content\/uploads\/2021\/08\/vincaPM.png 953w, https:\/\/nea.rs\/wp-content\/uploads\/2021\/08\/vincaPM-768x612.png 768w\" sizes=\"auto, (max-width: 953px) 100vw, 953px\" \/><\/figure>\n","protected":false},"excerpt":{"rendered":"<p>Na stanici u Vin\u010di ve\u010deras su izmerene do sada nezabele\u017eene vrednosti PM \u010destica. Na delu je dakle jo\u0161 jedan dokaz ve\u0107 promovisane neuspe\u0161ne kontrole po\u017eara&hellip;<\/p>\n","protected":false},"author":1,"featured_media":0,"comment_status":"closed","ping_status":"open","sticky":false,"template":"","format":"standard","meta":{"footnotes":""},"categories":[11],"tags":[],"class_list":["post-658","post","type-post","status-publish","format-standard","hentry","category-saopstenja"],"yoast_head":"<!-- This site is optimized with the Yoast SEO plugin v24.9 - https:\/\/yoast.com\/wordpress\/plugins\/seo\/ -->\n<title>Do sada nezabele\u017eene koncentracije PM \u010destica - Nacionalna ekolo\u0161ka asocijacija<\/title>\n<meta name=\"robots\" content=\"index, follow, max-snippet:-1, max-image-preview:large, max-video-preview:-1\" \/>\n<link rel=\"canonical\" href=\"https:\/\/nea.rs\/index.php\/2021\/08\/09\/do-sada-nezabelezene-koncentracije-pm-cestica\/\" \/>\n<meta property=\"og:locale\" content=\"sr_RS\" \/>\n<meta property=\"og:type\" content=\"article\" \/>\n<meta property=\"og:title\" content=\"Do sada nezabele\u017eene koncentracije PM \u010destica - Nacionalna ekolo\u0161ka asocijacija\" \/>\n<meta property=\"og:description\" content=\"Na stanici u Vin\u010di ve\u010deras su izmerene do sada nezabele\u017eene vrednosti PM \u010destica. Na delu je dakle jo\u0161 jedan dokaz ve\u0107 promovisane neuspe\u0161ne kontrole po\u017eara&hellip;\" \/>\n<meta property=\"og:url\" content=\"https:\/\/nea.rs\/index.php\/2021\/08\/09\/do-sada-nezabelezene-koncentracije-pm-cestica\/\" \/>\n<meta property=\"og:site_name\" content=\"Nacionalna ekolo\u0161ka asocijacija\" \/>\n<meta property=\"article:publisher\" content=\"https:\/\/www.facebook.com\/NEASrbija\" \/>\n<meta property=\"article:published_time\" content=\"2021-08-09T21:22:17+00:00\" \/>\n<meta property=\"article:modified_time\" content=\"2021-08-09T21:22:21+00:00\" \/>\n<meta property=\"og:image\" content=\"https:\/\/nea.rs\/wp-content\/uploads\/2021\/08\/vincaPM.png\" \/>\n<meta name=\"author\" content=\"admin\" \/>\n<meta name=\"twitter:card\" content=\"summary_large_image\" \/>\n<meta name=\"twitter:creator\" content=\"@NEASrbija\" \/>\n<meta name=\"twitter:site\" content=\"@NEASrbija\" \/>\n<meta name=\"twitter:label1\" content=\"Napisano od\" \/>\n\t<meta name=\"twitter:data1\" content=\"admin\" \/>\n\t<meta name=\"twitter:label2\" content=\"Procenjeno vreme \u010ditanja\" \/>\n\t<meta name=\"twitter:data2\" content=\"1 minut\" \/>\n<script type=\"application\/ld+json\" class=\"yoast-schema-graph\">{\"@context\":\"https:\/\/schema.org\",\"@graph\":[{\"@type\":\"Article\",\"@id\":\"https:\/\/nea.rs\/index.php\/2021\/08\/09\/do-sada-nezabelezene-koncentracije-pm-cestica\/#article\",\"isPartOf\":{\"@id\":\"https:\/\/nea.rs\/index.php\/2021\/08\/09\/do-sada-nezabelezene-koncentracije-pm-cestica\/\"},\"author\":{\"name\":\"admin\",\"@id\":\"https:\/\/nea.rs\/#\/schema\/person\/daf5180476fd224bc67bb42ea6d87925\"},\"headline\":\"Do sada nezabele\u017eene koncentracije PM \u010destica\",\"datePublished\":\"2021-08-09T21:22:17+00:00\",\"dateModified\":\"2021-08-09T21:22:21+00:00\",\"mainEntityOfPage\":{\"@id\":\"https:\/\/nea.rs\/index.php\/2021\/08\/09\/do-sada-nezabelezene-koncentracije-pm-cestica\/\"},\"wordCount\":66,\"publisher\":{\"@id\":\"https:\/\/nea.rs\/#organization\"},\"image\":{\"@id\":\"https:\/\/nea.rs\/index.php\/2021\/08\/09\/do-sada-nezabelezene-koncentracije-pm-cestica\/#primaryimage\"},\"thumbnailUrl\":\"https:\/\/nea.rs\/wp-content\/uploads\/2021\/08\/vincaPM.png\",\"articleSection\":[\"Saop\u0161tenja\"],\"inLanguage\":\"sr-RS\"},{\"@type\":\"WebPage\",\"@id\":\"https:\/\/nea.rs\/index.php\/2021\/08\/09\/do-sada-nezabelezene-koncentracije-pm-cestica\/\",\"url\":\"https:\/\/nea.rs\/index.php\/2021\/08\/09\/do-sada-nezabelezene-koncentracije-pm-cestica\/\",\"name\":\"Do sada nezabele\u017eene koncentracije PM \u010destica - Nacionalna ekolo\u0161ka asocijacija\",\"isPartOf\":{\"@id\":\"https:\/\/nea.rs\/#website\"},\"primaryImageOfPage\":{\"@id\":\"https:\/\/nea.rs\/index.php\/2021\/08\/09\/do-sada-nezabelezene-koncentracije-pm-cestica\/#primaryimage\"},\"image\":{\"@id\":\"https:\/\/nea.rs\/index.php\/2021\/08\/09\/do-sada-nezabelezene-koncentracije-pm-cestica\/#primaryimage\"},\"thumbnailUrl\":\"https:\/\/nea.rs\/wp-content\/uploads\/2021\/08\/vincaPM.png\",\"datePublished\":\"2021-08-09T21:22:17+00:00\",\"dateModified\":\"2021-08-09T21:22:21+00:00\",\"breadcrumb\":{\"@id\":\"https:\/\/nea.rs\/index.php\/2021\/08\/09\/do-sada-nezabelezene-koncentracije-pm-cestica\/#breadcrumb\"},\"inLanguage\":\"sr-RS\",\"potentialAction\":[{\"@type\":\"ReadAction\",\"target\":[\"https:\/\/nea.rs\/index.php\/2021\/08\/09\/do-sada-nezabelezene-koncentracije-pm-cestica\/\"]}]},{\"@type\":\"ImageObject\",\"inLanguage\":\"sr-RS\",\"@id\":\"https:\/\/nea.rs\/index.php\/2021\/08\/09\/do-sada-nezabelezene-koncentracije-pm-cestica\/#primaryimage\",\"url\":\"https:\/\/nea.rs\/wp-content\/uploads\/2021\/08\/vincaPM.png\",\"contentUrl\":\"https:\/\/nea.rs\/wp-content\/uploads\/2021\/08\/vincaPM.png\",\"width\":953,\"height\":760},{\"@type\":\"BreadcrumbList\",\"@id\":\"https:\/\/nea.rs\/index.php\/2021\/08\/09\/do-sada-nezabelezene-koncentracije-pm-cestica\/#breadcrumb\",\"itemListElement\":[{\"@type\":\"ListItem\",\"position\":1,\"name\":\"Po\u010detna\",\"item\":\"https:\/\/nea.rs\/\"},{\"@type\":\"ListItem\",\"position\":2,\"name\":\"Do sada nezabele\u017eene koncentracije PM \u010destica\"}]},{\"@type\":\"WebSite\",\"@id\":\"https:\/\/nea.rs\/#website\",\"url\":\"https:\/\/nea.rs\/\",\"name\":\"Nacionalna ekolo\u0161ka asocijacija\",\"description\":\"\",\"publisher\":{\"@id\":\"https:\/\/nea.rs\/#organization\"},\"potentialAction\":[{\"@type\":\"SearchAction\",\"target\":{\"@type\":\"EntryPoint\",\"urlTemplate\":\"https:\/\/nea.rs\/?s={search_term_string}\"},\"query-input\":{\"@type\":\"PropertyValueSpecification\",\"valueRequired\":true,\"valueName\":\"search_term_string\"}}],\"inLanguage\":\"sr-RS\"},{\"@type\":\"Organization\",\"@id\":\"https:\/\/nea.rs\/#organization\",\"name\":\"Nacionalna ekolo\u0161ka asocijacija\",\"url\":\"https:\/\/nea.rs\/\",\"logo\":{\"@type\":\"ImageObject\",\"inLanguage\":\"sr-RS\",\"@id\":\"https:\/\/nea.rs\/#\/schema\/logo\/image\/\",\"url\":\"https:\/\/nea.rs\/wp-content\/uploads\/2021\/05\/cropped-logoNEA_crop_180_nowhite.jpg\",\"contentUrl\":\"https:\/\/nea.rs\/wp-content\/uploads\/2021\/05\/cropped-logoNEA_crop_180_nowhite.jpg\",\"width\":276,\"height\":154,\"caption\":\"Nacionalna ekolo\u0161ka asocijacija\"},\"image\":{\"@id\":\"https:\/\/nea.rs\/#\/schema\/logo\/image\/\"},\"sameAs\":[\"https:\/\/www.facebook.com\/NEASrbija\",\"https:\/\/x.com\/NEASrbija\",\"https:\/\/www.instagram.com\/neasrbija\/\",\"https:\/\/www.youtube.com\/channel\/UCxwdyhNFV-rjanyqj7JIFow\"]},{\"@type\":\"Person\",\"@id\":\"https:\/\/nea.rs\/#\/schema\/person\/daf5180476fd224bc67bb42ea6d87925\",\"name\":\"admin\",\"image\":{\"@type\":\"ImageObject\",\"inLanguage\":\"sr-RS\",\"@id\":\"https:\/\/nea.rs\/#\/schema\/person\/image\/\",\"url\":\"https:\/\/secure.gravatar.com\/avatar\/208ddce103f55aec8415cbae6044df1aa912c6d56bb8e74d76628d5d221bad04?s=96&d=mm&r=g\",\"contentUrl\":\"https:\/\/secure.gravatar.com\/avatar\/208ddce103f55aec8415cbae6044df1aa912c6d56bb8e74d76628d5d221bad04?s=96&d=mm&r=g\",\"caption\":\"admin\"},\"sameAs\":[\"https:\/\/nea.rs\"],\"url\":\"https:\/\/nea.rs\/index.php\/author\/admin_5kpl02hl\/\"}]}<\/script>\n<!-- \/ Yoast SEO plugin. -->","yoast_head_json":{"title":"Do sada nezabele\u017eene koncentracije PM \u010destica - Nacionalna ekolo\u0161ka asocijacija","robots":{"index":"index","follow":"follow","max-snippet":"max-snippet:-1","max-image-preview":"max-image-preview:large","max-video-preview":"max-video-preview:-1"},"canonical":"https:\/\/nea.rs\/index.php\/2021\/08\/09\/do-sada-nezabelezene-koncentracije-pm-cestica\/","og_locale":"sr_RS","og_type":"article","og_title":"Do sada nezabele\u017eene koncentracije PM \u010destica - Nacionalna ekolo\u0161ka asocijacija","og_description":"Na stanici u Vin\u010di ve\u010deras su izmerene do sada nezabele\u017eene vrednosti PM \u010destica. Na delu je dakle jo\u0161 jedan dokaz ve\u0107 promovisane neuspe\u0161ne kontrole po\u017eara&hellip;","og_url":"https:\/\/nea.rs\/index.php\/2021\/08\/09\/do-sada-nezabelezene-koncentracije-pm-cestica\/","og_site_name":"Nacionalna ekolo\u0161ka asocijacija","article_publisher":"https:\/\/www.facebook.com\/NEASrbija","article_published_time":"2021-08-09T21:22:17+00:00","article_modified_time":"2021-08-09T21:22:21+00:00","og_image":[{"url":"https:\/\/nea.rs\/wp-content\/uploads\/2021\/08\/vincaPM.png","type":"","width":"","height":""}],"author":"admin","twitter_card":"summary_large_image","twitter_creator":"@NEASrbija","twitter_site":"@NEASrbija","twitter_misc":{"Napisano od":"admin","Procenjeno vreme \u010ditanja":"1 minut"},"schema":{"@context":"https:\/\/schema.org","@graph":[{"@type":"Article","@id":"https:\/\/nea.rs\/index.php\/2021\/08\/09\/do-sada-nezabelezene-koncentracije-pm-cestica\/#article","isPartOf":{"@id":"https:\/\/nea.rs\/index.php\/2021\/08\/09\/do-sada-nezabelezene-koncentracije-pm-cestica\/"},"author":{"name":"admin","@id":"https:\/\/nea.rs\/#\/schema\/person\/daf5180476fd224bc67bb42ea6d87925"},"headline":"Do sada nezabele\u017eene koncentracije PM \u010destica","datePublished":"2021-08-09T21:22:17+00:00","dateModified":"2021-08-09T21:22:21+00:00","mainEntityOfPage":{"@id":"https:\/\/nea.rs\/index.php\/2021\/08\/09\/do-sada-nezabelezene-koncentracije-pm-cestica\/"},"wordCount":66,"publisher":{"@id":"https:\/\/nea.rs\/#organization"},"image":{"@id":"https:\/\/nea.rs\/index.php\/2021\/08\/09\/do-sada-nezabelezene-koncentracije-pm-cestica\/#primaryimage"},"thumbnailUrl":"https:\/\/nea.rs\/wp-content\/uploads\/2021\/08\/vincaPM.png","articleSection":["Saop\u0161tenja"],"inLanguage":"sr-RS"},{"@type":"WebPage","@id":"https:\/\/nea.rs\/index.php\/2021\/08\/09\/do-sada-nezabelezene-koncentracije-pm-cestica\/","url":"https:\/\/nea.rs\/index.php\/2021\/08\/09\/do-sada-nezabelezene-koncentracije-pm-cestica\/","name":"Do sada nezabele\u017eene koncentracije PM \u010destica - Nacionalna ekolo\u0161ka asocijacija","isPartOf":{"@id":"https:\/\/nea.rs\/#website"},"primaryImageOfPage":{"@id":"https:\/\/nea.rs\/index.php\/2021\/08\/09\/do-sada-nezabelezene-koncentracije-pm-cestica\/#primaryimage"},"image":{"@id":"https:\/\/nea.rs\/index.php\/2021\/08\/09\/do-sada-nezabelezene-koncentracije-pm-cestica\/#primaryimage"},"thumbnailUrl":"https:\/\/nea.rs\/wp-content\/uploads\/2021\/08\/vincaPM.png","datePublished":"2021-08-09T21:22:17+00:00","dateModified":"2021-08-09T21:22:21+00:00","breadcrumb":{"@id":"https:\/\/nea.rs\/index.php\/2021\/08\/09\/do-sada-nezabelezene-koncentracije-pm-cestica\/#breadcrumb"},"inLanguage":"sr-RS","potentialAction":[{"@type":"ReadAction","target":["https:\/\/nea.rs\/index.php\/2021\/08\/09\/do-sada-nezabelezene-koncentracije-pm-cestica\/"]}]},{"@type":"ImageObject","inLanguage":"sr-RS","@id":"https:\/\/nea.rs\/index.php\/2021\/08\/09\/do-sada-nezabelezene-koncentracije-pm-cestica\/#primaryimage","url":"https:\/\/nea.rs\/wp-content\/uploads\/2021\/08\/vincaPM.png","contentUrl":"https:\/\/nea.rs\/wp-content\/uploads\/2021\/08\/vincaPM.png","width":953,"height":760},{"@type":"BreadcrumbList","@id":"https:\/\/nea.rs\/index.php\/2021\/08\/09\/do-sada-nezabelezene-koncentracije-pm-cestica\/#breadcrumb","itemListElement":[{"@type":"ListItem","position":1,"name":"Po\u010detna","item":"https:\/\/nea.rs\/"},{"@type":"ListItem","position":2,"name":"Do sada nezabele\u017eene koncentracije PM \u010destica"}]},{"@type":"WebSite","@id":"https:\/\/nea.rs\/#website","url":"https:\/\/nea.rs\/","name":"Nacionalna ekolo\u0161ka asocijacija","description":"","publisher":{"@id":"https:\/\/nea.rs\/#organization"},"potentialAction":[{"@type":"SearchAction","target":{"@type":"EntryPoint","urlTemplate":"https:\/\/nea.rs\/?s={search_term_string}"},"query-input":{"@type":"PropertyValueSpecification","valueRequired":true,"valueName":"search_term_string"}}],"inLanguage":"sr-RS"},{"@type":"Organization","@id":"https:\/\/nea.rs\/#organization","name":"Nacionalna ekolo\u0161ka asocijacija","url":"https:\/\/nea.rs\/","logo":{"@type":"ImageObject","inLanguage":"sr-RS","@id":"https:\/\/nea.rs\/#\/schema\/logo\/image\/","url":"https:\/\/nea.rs\/wp-content\/uploads\/2021\/05\/cropped-logoNEA_crop_180_nowhite.jpg","contentUrl":"https:\/\/nea.rs\/wp-content\/uploads\/2021\/05\/cropped-logoNEA_crop_180_nowhite.jpg","width":276,"height":154,"caption":"Nacionalna ekolo\u0161ka asocijacija"},"image":{"@id":"https:\/\/nea.rs\/#\/schema\/logo\/image\/"},"sameAs":["https:\/\/www.facebook.com\/NEASrbija","https:\/\/x.com\/NEASrbija","https:\/\/www.instagram.com\/neasrbija\/","https:\/\/www.youtube.com\/channel\/UCxwdyhNFV-rjanyqj7JIFow"]},{"@type":"Person","@id":"https:\/\/nea.rs\/#\/schema\/person\/daf5180476fd224bc67bb42ea6d87925","name":"admin","image":{"@type":"ImageObject","inLanguage":"sr-RS","@id":"https:\/\/nea.rs\/#\/schema\/person\/image\/","url":"https:\/\/secure.gravatar.com\/avatar\/208ddce103f55aec8415cbae6044df1aa912c6d56bb8e74d76628d5d221bad04?s=96&d=mm&r=g","contentUrl":"https:\/\/secure.gravatar.com\/avatar\/208ddce103f55aec8415cbae6044df1aa912c6d56bb8e74d76628d5d221bad04?s=96&d=mm&r=g","caption":"admin"},"sameAs":["https:\/\/nea.rs"],"url":"https:\/\/nea.rs\/index.php\/author\/admin_5kpl02hl\/"}]}},"jetpack_sharing_enabled":true,"jetpack_featured_media_url":"","_links":{"self":[{"href":"https:\/\/nea.rs\/index.php\/wp-json\/wp\/v2\/posts\/658","targetHints":{"allow":["GET"]}}],"collection":[{"href":"https:\/\/nea.rs\/index.php\/wp-json\/wp\/v2\/posts"}],"about":[{"href":"https:\/\/nea.rs\/index.php\/wp-json\/wp\/v2\/types\/post"}],"author":[{"embeddable":true,"href":"https:\/\/nea.rs\/index.php\/wp-json\/wp\/v2\/users\/1"}],"replies":[{"embeddable":true,"href":"https:\/\/nea.rs\/index.php\/wp-json\/wp\/v2\/comments?post=658"}],"version-history":[{"count":1,"href":"https:\/\/nea.rs\/index.php\/wp-json\/wp\/v2\/posts\/658\/revisions"}],"predecessor-version":[{"id":660,"href":"https:\/\/nea.rs\/index.php\/wp-json\/wp\/v2\/posts\/658\/revisions\/660"}],"wp:attachment":[{"href":"https:\/\/nea.rs\/index.php\/wp-json\/wp\/v2\/media?parent=658"}],"wp:term":[{"taxonomy":"category","embeddable":true,"href":"https:\/\/nea.rs\/index.php\/wp-json\/wp\/v2\/categories?post=658"},{"taxonomy":"post_tag","embeddable":true,"href":"https:\/\/nea.rs\/index.php\/wp-json\/wp\/v2\/tags?post=658"}],"curies":[{"name":"wp","href":"https:\/\/api.w.org\/{rel}","templated":true}]}}