{"id":645,"date":"2021-08-09T13:32:43","date_gmt":"2021-08-09T13:32:43","guid":{"rendered":"https:\/\/nea.rs\/?p=645"},"modified":"2021-08-09T13:36:32","modified_gmt":"2021-08-09T13:36:32","slug":"direktno-u-dnevniku-n1-o-pozaru-na-deponiji-u-vinci","status":"publish","type":"post","link":"https:\/\/nea.rs\/index.php\/2021\/08\/09\/direktno-u-dnevniku-n1-o-pozaru-na-deponiji-u-vinci\/","title":{"rendered":"Dodatne izjave Milenka Jovanovi\u0107a o po\u017earu na deponiji u Vin\u010di"},"content":{"rendered":"\n<p>Milenko Jovanovi\u0107, stru\u010dnjak za kvalitet vazduha i osniva\u010d NEA imao je direktno uklju\u010denje u dnevnik N1 (6 minuta 35 sekundi od po\u010detka) povodom po\u017eara na deponiji u Vin\u010di:<\/p>\n\n\n\n<figure class=\"wp-block-embed is-type-wp-embed is-provider-n-1 wp-block-embed-n-1\"><div class=\"wp-block-embed__wrapper\">\n<blockquote class=\"wp-embedded-content\" data-secret=\"E0iCzPZy9S\"><a href=\"https:\/\/rs.n1info.com\/video\/dnevnik\/dnevnik-u-19-8-8-2021\/\">Dnevnik u 19 (8.8.2021)<\/a><\/blockquote><iframe loading=\"lazy\" class=\"wp-embedded-content\" sandbox=\"allow-scripts\" security=\"restricted\" style=\"position: absolute; clip: rect(1px, 1px, 1px, 1px);\" title=\"&#132;Dnevnik u 19 (8.8.2021)&#147; &#8212; N1\" src=\"https:\/\/rs.n1info.com\/video\/dnevnik\/dnevnik-u-19-8-8-2021\/embed\/#?secret=E0iCzPZy9S\" data-secret=\"E0iCzPZy9S\" width=\"600\" height=\"338\" frameborder=\"0\" marginwidth=\"0\" marginheight=\"0\" scrolling=\"no\"><\/iframe>\n<\/div><\/figure>\n\n\n\n<figure class=\"wp-block-embed is-type-video is-provider-youtube wp-block-embed-youtube wp-embed-aspect-16-9 wp-has-aspect-ratio\"><div class=\"wp-block-embed__wrapper\">\n<iframe loading=\"lazy\" title=\"Dnevnik u 19\/ Beograd\/ 8.8.2021.\" width=\"843\" height=\"474\" src=\"https:\/\/www.youtube.com\/embed\/cSNPmGydHo8?feature=oembed\" frameborder=\"0\" allow=\"accelerometer; autoplay; clipboard-write; encrypted-media; gyroscope; picture-in-picture\" allowfullscreen><\/iframe>\n<\/div><\/figure>\n\n\n\n<p>Tako\u0111e, dao je i izjavu za Televizju srpske dijaspore:<\/p>\n\n\n\n<figure class=\"wp-block-embed is-type-video is-provider-youtube wp-block-embed-youtube wp-embed-aspect-16-9 wp-has-aspect-ratio\"><div class=\"wp-block-embed__wrapper\">\n<iframe loading=\"lazy\" title=\"PO\u017dAR NA DEPONIJI VIN\u010cA U BEOGRADU\" width=\"843\" height=\"474\" src=\"https:\/\/www.youtube.com\/embed\/LXlVaQ5obtg?feature=oembed\" frameborder=\"0\" allow=\"accelerometer; autoplay; clipboard-write; encrypted-media; gyroscope; picture-in-picture\" allowfullscreen><\/iframe>\n<\/div><\/figure>\n","protected":false},"excerpt":{"rendered":"<p>Milenko Jovanovi\u0107, stru\u010dnjak za kvalitet vazduha i osniva\u010d NEA imao je direktno uklju\u010denje u dnevnik N1 (6 minuta 35 sekundi od po\u010detka) povodom po\u017eara na&hellip;<\/p>\n","protected":false},"author":1,"featured_media":0,"comment_status":"closed","ping_status":"open","sticky":false,"template":"","format":"standard","meta":{"footnotes":""},"categories":[11,19],"tags":[],"class_list":["post-645","post","type-post","status-publish","format-standard","hentry","category-saopstenja","category-video"],"yoast_head":"<!-- This site is optimized with the Yoast SEO plugin v24.9 - https:\/\/yoast.com\/wordpress\/plugins\/seo\/ -->\n<title>Dodatne izjave Milenka Jovanovi\u0107a o po\u017earu na deponiji u Vin\u010di - Nacionalna ekolo\u0161ka asocijacija<\/title>\n<meta name=\"robots\" content=\"index, follow, max-snippet:-1, max-image-preview:large, max-video-preview:-1\" \/>\n<link rel=\"canonical\" href=\"https:\/\/nea.rs\/index.php\/2021\/08\/09\/direktno-u-dnevniku-n1-o-pozaru-na-deponiji-u-vinci\/\" \/>\n<meta property=\"og:locale\" content=\"sr_RS\" \/>\n<meta property=\"og:type\" content=\"article\" \/>\n<meta property=\"og:title\" content=\"Dodatne izjave Milenka Jovanovi\u0107a o po\u017earu na deponiji u Vin\u010di - Nacionalna ekolo\u0161ka asocijacija\" \/>\n<meta property=\"og:description\" content=\"Milenko Jovanovi\u0107, stru\u010dnjak za kvalitet vazduha i osniva\u010d NEA imao je direktno uklju\u010denje u dnevnik N1 (6 minuta 35 sekundi od po\u010detka) povodom po\u017eara na&hellip;\" \/>\n<meta property=\"og:url\" content=\"https:\/\/nea.rs\/index.php\/2021\/08\/09\/direktno-u-dnevniku-n1-o-pozaru-na-deponiji-u-vinci\/\" \/>\n<meta property=\"og:site_name\" content=\"Nacionalna ekolo\u0161ka asocijacija\" \/>\n<meta property=\"article:publisher\" content=\"https:\/\/www.facebook.com\/NEASrbija\" \/>\n<meta property=\"article:published_time\" content=\"2021-08-09T13:32:43+00:00\" \/>\n<meta property=\"article:modified_time\" content=\"2021-08-09T13:36:32+00:00\" \/>\n<meta name=\"author\" content=\"admin\" \/>\n<meta name=\"twitter:card\" content=\"summary_large_image\" \/>\n<meta name=\"twitter:creator\" content=\"@NEASrbija\" \/>\n<meta name=\"twitter:site\" content=\"@NEASrbija\" \/>\n<meta name=\"twitter:label1\" content=\"Napisano od\" \/>\n\t<meta name=\"twitter:data1\" content=\"admin\" \/>\n\t<meta name=\"twitter:label2\" content=\"Procenjeno vreme \u010ditanja\" \/>\n\t<meta name=\"twitter:data2\" content=\"1 minut\" \/>\n<script type=\"application\/ld+json\" class=\"yoast-schema-graph\">{\"@context\":\"https:\/\/schema.org\",\"@graph\":[{\"@type\":\"Article\",\"@id\":\"https:\/\/nea.rs\/index.php\/2021\/08\/09\/direktno-u-dnevniku-n1-o-pozaru-na-deponiji-u-vinci\/#article\",\"isPartOf\":{\"@id\":\"https:\/\/nea.rs\/index.php\/2021\/08\/09\/direktno-u-dnevniku-n1-o-pozaru-na-deponiji-u-vinci\/\"},\"author\":{\"name\":\"admin\",\"@id\":\"https:\/\/nea.rs\/#\/schema\/person\/daf5180476fd224bc67bb42ea6d87925\"},\"headline\":\"Dodatne izjave Milenka Jovanovi\u0107a o po\u017earu na deponiji u Vin\u010di\",\"datePublished\":\"2021-08-09T13:32:43+00:00\",\"dateModified\":\"2021-08-09T13:36:32+00:00\",\"mainEntityOfPage\":{\"@id\":\"https:\/\/nea.rs\/index.php\/2021\/08\/09\/direktno-u-dnevniku-n1-o-pozaru-na-deponiji-u-vinci\/\"},\"wordCount\":77,\"publisher\":{\"@id\":\"https:\/\/nea.rs\/#organization\"},\"articleSection\":[\"Saop\u0161tenja\",\"Video\"],\"inLanguage\":\"sr-RS\"},{\"@type\":\"WebPage\",\"@id\":\"https:\/\/nea.rs\/index.php\/2021\/08\/09\/direktno-u-dnevniku-n1-o-pozaru-na-deponiji-u-vinci\/\",\"url\":\"https:\/\/nea.rs\/index.php\/2021\/08\/09\/direktno-u-dnevniku-n1-o-pozaru-na-deponiji-u-vinci\/\",\"name\":\"Dodatne izjave Milenka Jovanovi\u0107a o po\u017earu na deponiji u Vin\u010di - Nacionalna ekolo\u0161ka asocijacija\",\"isPartOf\":{\"@id\":\"https:\/\/nea.rs\/#website\"},\"datePublished\":\"2021-08-09T13:32:43+00:00\",\"dateModified\":\"2021-08-09T13:36:32+00:00\",\"breadcrumb\":{\"@id\":\"https:\/\/nea.rs\/index.php\/2021\/08\/09\/direktno-u-dnevniku-n1-o-pozaru-na-deponiji-u-vinci\/#breadcrumb\"},\"inLanguage\":\"sr-RS\",\"potentialAction\":[{\"@type\":\"ReadAction\",\"target\":[\"https:\/\/nea.rs\/index.php\/2021\/08\/09\/direktno-u-dnevniku-n1-o-pozaru-na-deponiji-u-vinci\/\"]}]},{\"@type\":\"BreadcrumbList\",\"@id\":\"https:\/\/nea.rs\/index.php\/2021\/08\/09\/direktno-u-dnevniku-n1-o-pozaru-na-deponiji-u-vinci\/#breadcrumb\",\"itemListElement\":[{\"@type\":\"ListItem\",\"position\":1,\"name\":\"Po\u010detna\",\"item\":\"https:\/\/nea.rs\/\"},{\"@type\":\"ListItem\",\"position\":2,\"name\":\"Dodatne izjave Milenka Jovanovi\u0107a o po\u017earu na deponiji u Vin\u010di\"}]},{\"@type\":\"WebSite\",\"@id\":\"https:\/\/nea.rs\/#website\",\"url\":\"https:\/\/nea.rs\/\",\"name\":\"Nacionalna ekolo\u0161ka asocijacija\",\"description\":\"\",\"publisher\":{\"@id\":\"https:\/\/nea.rs\/#organization\"},\"potentialAction\":[{\"@type\":\"SearchAction\",\"target\":{\"@type\":\"EntryPoint\",\"urlTemplate\":\"https:\/\/nea.rs\/?s={search_term_string}\"},\"query-input\":{\"@type\":\"PropertyValueSpecification\",\"valueRequired\":true,\"valueName\":\"search_term_string\"}}],\"inLanguage\":\"sr-RS\"},{\"@type\":\"Organization\",\"@id\":\"https:\/\/nea.rs\/#organization\",\"name\":\"Nacionalna ekolo\u0161ka asocijacija\",\"url\":\"https:\/\/nea.rs\/\",\"logo\":{\"@type\":\"ImageObject\",\"inLanguage\":\"sr-RS\",\"@id\":\"https:\/\/nea.rs\/#\/schema\/logo\/image\/\",\"url\":\"https:\/\/nea.rs\/wp-content\/uploads\/2021\/05\/cropped-logoNEA_crop_180_nowhite.jpg\",\"contentUrl\":\"https:\/\/nea.rs\/wp-content\/uploads\/2021\/05\/cropped-logoNEA_crop_180_nowhite.jpg\",\"width\":276,\"height\":154,\"caption\":\"Nacionalna ekolo\u0161ka asocijacija\"},\"image\":{\"@id\":\"https:\/\/nea.rs\/#\/schema\/logo\/image\/\"},\"sameAs\":[\"https:\/\/www.facebook.com\/NEASrbija\",\"https:\/\/x.com\/NEASrbija\",\"https:\/\/www.instagram.com\/neasrbija\/\",\"https:\/\/www.youtube.com\/channel\/UCxwdyhNFV-rjanyqj7JIFow\"]},{\"@type\":\"Person\",\"@id\":\"https:\/\/nea.rs\/#\/schema\/person\/daf5180476fd224bc67bb42ea6d87925\",\"name\":\"admin\",\"image\":{\"@type\":\"ImageObject\",\"inLanguage\":\"sr-RS\",\"@id\":\"https:\/\/nea.rs\/#\/schema\/person\/image\/\",\"url\":\"https:\/\/secure.gravatar.com\/avatar\/208ddce103f55aec8415cbae6044df1aa912c6d56bb8e74d76628d5d221bad04?s=96&d=mm&r=g\",\"contentUrl\":\"https:\/\/secure.gravatar.com\/avatar\/208ddce103f55aec8415cbae6044df1aa912c6d56bb8e74d76628d5d221bad04?s=96&d=mm&r=g\",\"caption\":\"admin\"},\"sameAs\":[\"https:\/\/nea.rs\"],\"url\":\"https:\/\/nea.rs\/index.php\/author\/admin_5kpl02hl\/\"}]}<\/script>\n<!-- \/ Yoast SEO plugin. -->","yoast_head_json":{"title":"Dodatne izjave Milenka Jovanovi\u0107a o po\u017earu na deponiji u Vin\u010di - Nacionalna ekolo\u0161ka asocijacija","robots":{"index":"index","follow":"follow","max-snippet":"max-snippet:-1","max-image-preview":"max-image-preview:large","max-video-preview":"max-video-preview:-1"},"canonical":"https:\/\/nea.rs\/index.php\/2021\/08\/09\/direktno-u-dnevniku-n1-o-pozaru-na-deponiji-u-vinci\/","og_locale":"sr_RS","og_type":"article","og_title":"Dodatne izjave Milenka Jovanovi\u0107a o po\u017earu na deponiji u Vin\u010di - Nacionalna ekolo\u0161ka asocijacija","og_description":"Milenko Jovanovi\u0107, stru\u010dnjak za kvalitet vazduha i osniva\u010d NEA imao je direktno uklju\u010denje u dnevnik N1 (6 minuta 35 sekundi od po\u010detka) povodom po\u017eara na&hellip;","og_url":"https:\/\/nea.rs\/index.php\/2021\/08\/09\/direktno-u-dnevniku-n1-o-pozaru-na-deponiji-u-vinci\/","og_site_name":"Nacionalna ekolo\u0161ka asocijacija","article_publisher":"https:\/\/www.facebook.com\/NEASrbija","article_published_time":"2021-08-09T13:32:43+00:00","article_modified_time":"2021-08-09T13:36:32+00:00","author":"admin","twitter_card":"summary_large_image","twitter_creator":"@NEASrbija","twitter_site":"@NEASrbija","twitter_misc":{"Napisano od":"admin","Procenjeno vreme \u010ditanja":"1 minut"},"schema":{"@context":"https:\/\/schema.org","@graph":[{"@type":"Article","@id":"https:\/\/nea.rs\/index.php\/2021\/08\/09\/direktno-u-dnevniku-n1-o-pozaru-na-deponiji-u-vinci\/#article","isPartOf":{"@id":"https:\/\/nea.rs\/index.php\/2021\/08\/09\/direktno-u-dnevniku-n1-o-pozaru-na-deponiji-u-vinci\/"},"author":{"name":"admin","@id":"https:\/\/nea.rs\/#\/schema\/person\/daf5180476fd224bc67bb42ea6d87925"},"headline":"Dodatne izjave Milenka Jovanovi\u0107a o po\u017earu na deponiji u Vin\u010di","datePublished":"2021-08-09T13:32:43+00:00","dateModified":"2021-08-09T13:36:32+00:00","mainEntityOfPage":{"@id":"https:\/\/nea.rs\/index.php\/2021\/08\/09\/direktno-u-dnevniku-n1-o-pozaru-na-deponiji-u-vinci\/"},"wordCount":77,"publisher":{"@id":"https:\/\/nea.rs\/#organization"},"articleSection":["Saop\u0161tenja","Video"],"inLanguage":"sr-RS"},{"@type":"WebPage","@id":"https:\/\/nea.rs\/index.php\/2021\/08\/09\/direktno-u-dnevniku-n1-o-pozaru-na-deponiji-u-vinci\/","url":"https:\/\/nea.rs\/index.php\/2021\/08\/09\/direktno-u-dnevniku-n1-o-pozaru-na-deponiji-u-vinci\/","name":"Dodatne izjave Milenka Jovanovi\u0107a o po\u017earu na deponiji u Vin\u010di - Nacionalna ekolo\u0161ka asocijacija","isPartOf":{"@id":"https:\/\/nea.rs\/#website"},"datePublished":"2021-08-09T13:32:43+00:00","dateModified":"2021-08-09T13:36:32+00:00","breadcrumb":{"@id":"https:\/\/nea.rs\/index.php\/2021\/08\/09\/direktno-u-dnevniku-n1-o-pozaru-na-deponiji-u-vinci\/#breadcrumb"},"inLanguage":"sr-RS","potentialAction":[{"@type":"ReadAction","target":["https:\/\/nea.rs\/index.php\/2021\/08\/09\/direktno-u-dnevniku-n1-o-pozaru-na-deponiji-u-vinci\/"]}]},{"@type":"BreadcrumbList","@id":"https:\/\/nea.rs\/index.php\/2021\/08\/09\/direktno-u-dnevniku-n1-o-pozaru-na-deponiji-u-vinci\/#breadcrumb","itemListElement":[{"@type":"ListItem","position":1,"name":"Po\u010detna","item":"https:\/\/nea.rs\/"},{"@type":"ListItem","position":2,"name":"Dodatne izjave Milenka Jovanovi\u0107a o po\u017earu na deponiji u Vin\u010di"}]},{"@type":"WebSite","@id":"https:\/\/nea.rs\/#website","url":"https:\/\/nea.rs\/","name":"Nacionalna ekolo\u0161ka asocijacija","description":"","publisher":{"@id":"https:\/\/nea.rs\/#organization"},"potentialAction":[{"@type":"SearchAction","target":{"@type":"EntryPoint","urlTemplate":"https:\/\/nea.rs\/?s={search_term_string}"},"query-input":{"@type":"PropertyValueSpecification","valueRequired":true,"valueName":"search_term_string"}}],"inLanguage":"sr-RS"},{"@type":"Organization","@id":"https:\/\/nea.rs\/#organization","name":"Nacionalna ekolo\u0161ka asocijacija","url":"https:\/\/nea.rs\/","logo":{"@type":"ImageObject","inLanguage":"sr-RS","@id":"https:\/\/nea.rs\/#\/schema\/logo\/image\/","url":"https:\/\/nea.rs\/wp-content\/uploads\/2021\/05\/cropped-logoNEA_crop_180_nowhite.jpg","contentUrl":"https:\/\/nea.rs\/wp-content\/uploads\/2021\/05\/cropped-logoNEA_crop_180_nowhite.jpg","width":276,"height":154,"caption":"Nacionalna ekolo\u0161ka asocijacija"},"image":{"@id":"https:\/\/nea.rs\/#\/schema\/logo\/image\/"},"sameAs":["https:\/\/www.facebook.com\/NEASrbija","https:\/\/x.com\/NEASrbija","https:\/\/www.instagram.com\/neasrbija\/","https:\/\/www.youtube.com\/channel\/UCxwdyhNFV-rjanyqj7JIFow"]},{"@type":"Person","@id":"https:\/\/nea.rs\/#\/schema\/person\/daf5180476fd224bc67bb42ea6d87925","name":"admin","image":{"@type":"ImageObject","inLanguage":"sr-RS","@id":"https:\/\/nea.rs\/#\/schema\/person\/image\/","url":"https:\/\/secure.gravatar.com\/avatar\/208ddce103f55aec8415cbae6044df1aa912c6d56bb8e74d76628d5d221bad04?s=96&d=mm&r=g","contentUrl":"https:\/\/secure.gravatar.com\/avatar\/208ddce103f55aec8415cbae6044df1aa912c6d56bb8e74d76628d5d221bad04?s=96&d=mm&r=g","caption":"admin"},"sameAs":["https:\/\/nea.rs"],"url":"https:\/\/nea.rs\/index.php\/author\/admin_5kpl02hl\/"}]}},"jetpack_sharing_enabled":true,"jetpack_featured_media_url":"","_links":{"self":[{"href":"https:\/\/nea.rs\/index.php\/wp-json\/wp\/v2\/posts\/645","targetHints":{"allow":["GET"]}}],"collection":[{"href":"https:\/\/nea.rs\/index.php\/wp-json\/wp\/v2\/posts"}],"about":[{"href":"https:\/\/nea.rs\/index.php\/wp-json\/wp\/v2\/types\/post"}],"author":[{"embeddable":true,"href":"https:\/\/nea.rs\/index.php\/wp-json\/wp\/v2\/users\/1"}],"replies":[{"embeddable":true,"href":"https:\/\/nea.rs\/index.php\/wp-json\/wp\/v2\/comments?post=645"}],"version-history":[{"count":2,"href":"https:\/\/nea.rs\/index.php\/wp-json\/wp\/v2\/posts\/645\/revisions"}],"predecessor-version":[{"id":649,"href":"https:\/\/nea.rs\/index.php\/wp-json\/wp\/v2\/posts\/645\/revisions\/649"}],"wp:attachment":[{"href":"https:\/\/nea.rs\/index.php\/wp-json\/wp\/v2\/media?parent=645"}],"wp:term":[{"taxonomy":"category","embeddable":true,"href":"https:\/\/nea.rs\/index.php\/wp-json\/wp\/v2\/categories?post=645"},{"taxonomy":"post_tag","embeddable":true,"href":"https:\/\/nea.rs\/index.php\/wp-json\/wp\/v2\/tags?post=645"}],"curies":[{"name":"wp","href":"https:\/\/api.w.org\/{rel}","templated":true}]}}