{"id":639,"date":"2021-08-08T15:26:48","date_gmt":"2021-08-08T15:26:48","guid":{"rendered":"https:\/\/nea.rs\/?p=639"},"modified":"2021-08-08T15:26:52","modified_gmt":"2021-08-08T15:26:52","slug":"beograd-i-okolina-u-toksicnom-dimu","status":"publish","type":"post","link":"https:\/\/nea.rs\/index.php\/2021\/08\/08\/beograd-i-okolina-u-toksicnom-dimu\/","title":{"rendered":"Beograd i okolina u toksi\u010dnom dimu"},"content":{"rendered":"\n<p>Gra\u0111ani Beograda su izlo\u017eeni ekolo\u0161kom terorizmu koji sprovodi gradska vlast Beograda. Deponija u Vin\u010di gori ve\u0107 skoro 24h, koncentracije suspendovanih \u010destica prelaze 200 mikrograma po metru kubnom, sa Ade Huje se jedva vidi Karaburma&#8230; <\/p>\n\n\n\n<div class=\"wp-block-image\"><figure class=\"aligncenter size-full is-resized\"><img loading=\"lazy\" decoding=\"async\" src=\"https:\/\/nea.rs\/wp-content\/uploads\/2021\/08\/garsija.jpg\" alt=\"\" class=\"wp-image-641\" width=\"369\" height=\"800\" srcset=\"https:\/\/nea.rs\/wp-content\/uploads\/2021\/08\/garsija.jpg 738w, https:\/\/nea.rs\/wp-content\/uploads\/2021\/08\/garsija-709x1536.jpg 709w\" sizes=\"auto, (max-width: 369px) 100vw, 369px\" \/><\/figure><\/div>\n\n\n\n<p>Ne radi pre\u010dista\u010d vazduha u Knez Mihajlovoj? Mali propust gradske uprave? Stotine ljudi \u0107e danas u organizam uneti zaga\u0111uju\u0107e materije koje \u0107e biti pravi uzrok oboljevanja u budu\u0107nosti. Tra\u017eimo ostavke. Kompletne gradske vlade i gradona\u010delnika.<\/p>\n\n\n\n<div class=\"wp-block-image\"><figure class=\"aligncenter size-full is-resized\"><img loading=\"lazy\" decoding=\"async\" src=\"https:\/\/nea.rs\/wp-content\/uploads\/2021\/08\/karaburma.jpg\" alt=\"\" class=\"wp-image-640\" width=\"800\" height=\"599\" srcset=\"https:\/\/nea.rs\/wp-content\/uploads\/2021\/08\/karaburma.jpg 1600w, https:\/\/nea.rs\/wp-content\/uploads\/2021\/08\/karaburma-768x575.jpg 768w, https:\/\/nea.rs\/wp-content\/uploads\/2021\/08\/karaburma-1536x1149.jpg 1536w\" sizes=\"auto, (max-width: 800px) 100vw, 800px\" \/><\/figure><\/div>\n","protected":false},"excerpt":{"rendered":"<p>Gra\u0111ani Beograda su izlo\u017eeni ekolo\u0161kom terorizmu koji sprovodi gradska vlast Beograda. Deponija u Vin\u010di gori ve\u0107 skoro 24h, koncentracije suspendovanih \u010destica prelaze 200 mikrograma po&hellip;<\/p>\n","protected":false},"author":1,"featured_media":0,"comment_status":"open","ping_status":"open","sticky":false,"template":"","format":"standard","meta":{"footnotes":""},"categories":[11],"tags":[],"class_list":["post-639","post","type-post","status-publish","format-standard","hentry","category-saopstenja"],"yoast_head":"<!-- This site is optimized with the Yoast SEO plugin v24.9 - https:\/\/yoast.com\/wordpress\/plugins\/seo\/ -->\n<title>Beograd i okolina u toksi\u010dnom dimu - Nacionalna ekolo\u0161ka asocijacija<\/title>\n<meta name=\"robots\" content=\"index, follow, max-snippet:-1, max-image-preview:large, max-video-preview:-1\" \/>\n<link rel=\"canonical\" href=\"https:\/\/nea.rs\/index.php\/2021\/08\/08\/beograd-i-okolina-u-toksicnom-dimu\/\" \/>\n<meta property=\"og:locale\" content=\"sr_RS\" \/>\n<meta property=\"og:type\" content=\"article\" \/>\n<meta property=\"og:title\" content=\"Beograd i okolina u toksi\u010dnom dimu - Nacionalna ekolo\u0161ka asocijacija\" \/>\n<meta property=\"og:description\" content=\"Gra\u0111ani Beograda su izlo\u017eeni ekolo\u0161kom terorizmu koji sprovodi gradska vlast Beograda. Deponija u Vin\u010di gori ve\u0107 skoro 24h, koncentracije suspendovanih \u010destica prelaze 200 mikrograma po&hellip;\" \/>\n<meta property=\"og:url\" content=\"https:\/\/nea.rs\/index.php\/2021\/08\/08\/beograd-i-okolina-u-toksicnom-dimu\/\" \/>\n<meta property=\"og:site_name\" content=\"Nacionalna ekolo\u0161ka asocijacija\" \/>\n<meta property=\"article:publisher\" content=\"https:\/\/www.facebook.com\/NEASrbija\" \/>\n<meta property=\"article:published_time\" content=\"2021-08-08T15:26:48+00:00\" \/>\n<meta property=\"article:modified_time\" content=\"2021-08-08T15:26:52+00:00\" \/>\n<meta property=\"og:image\" content=\"https:\/\/nea.rs\/wp-content\/uploads\/2021\/08\/garsija.jpg\" \/>\n<meta name=\"author\" content=\"admin\" \/>\n<meta name=\"twitter:card\" content=\"summary_large_image\" \/>\n<meta name=\"twitter:creator\" content=\"@NEASrbija\" \/>\n<meta name=\"twitter:site\" content=\"@NEASrbija\" \/>\n<meta name=\"twitter:label1\" content=\"Napisano od\" \/>\n\t<meta name=\"twitter:data1\" content=\"admin\" \/>\n\t<meta name=\"twitter:label2\" content=\"Procenjeno vreme \u010ditanja\" \/>\n\t<meta name=\"twitter:data2\" content=\"1 minut\" \/>\n<script type=\"application\/ld+json\" class=\"yoast-schema-graph\">{\"@context\":\"https:\/\/schema.org\",\"@graph\":[{\"@type\":\"Article\",\"@id\":\"https:\/\/nea.rs\/index.php\/2021\/08\/08\/beograd-i-okolina-u-toksicnom-dimu\/#article\",\"isPartOf\":{\"@id\":\"https:\/\/nea.rs\/index.php\/2021\/08\/08\/beograd-i-okolina-u-toksicnom-dimu\/\"},\"author\":{\"name\":\"admin\",\"@id\":\"https:\/\/nea.rs\/#\/schema\/person\/daf5180476fd224bc67bb42ea6d87925\"},\"headline\":\"Beograd i okolina u toksi\u010dnom dimu\",\"datePublished\":\"2021-08-08T15:26:48+00:00\",\"dateModified\":\"2021-08-08T15:26:52+00:00\",\"mainEntityOfPage\":{\"@id\":\"https:\/\/nea.rs\/index.php\/2021\/08\/08\/beograd-i-okolina-u-toksicnom-dimu\/\"},\"wordCount\":85,\"commentCount\":0,\"publisher\":{\"@id\":\"https:\/\/nea.rs\/#organization\"},\"image\":{\"@id\":\"https:\/\/nea.rs\/index.php\/2021\/08\/08\/beograd-i-okolina-u-toksicnom-dimu\/#primaryimage\"},\"thumbnailUrl\":\"https:\/\/nea.rs\/wp-content\/uploads\/2021\/08\/garsija.jpg\",\"articleSection\":[\"Saop\u0161tenja\"],\"inLanguage\":\"sr-RS\",\"potentialAction\":[{\"@type\":\"CommentAction\",\"name\":\"Comment\",\"target\":[\"https:\/\/nea.rs\/index.php\/2021\/08\/08\/beograd-i-okolina-u-toksicnom-dimu\/#respond\"]}]},{\"@type\":\"WebPage\",\"@id\":\"https:\/\/nea.rs\/index.php\/2021\/08\/08\/beograd-i-okolina-u-toksicnom-dimu\/\",\"url\":\"https:\/\/nea.rs\/index.php\/2021\/08\/08\/beograd-i-okolina-u-toksicnom-dimu\/\",\"name\":\"Beograd i okolina u toksi\u010dnom dimu - Nacionalna ekolo\u0161ka asocijacija\",\"isPartOf\":{\"@id\":\"https:\/\/nea.rs\/#website\"},\"primaryImageOfPage\":{\"@id\":\"https:\/\/nea.rs\/index.php\/2021\/08\/08\/beograd-i-okolina-u-toksicnom-dimu\/#primaryimage\"},\"image\":{\"@id\":\"https:\/\/nea.rs\/index.php\/2021\/08\/08\/beograd-i-okolina-u-toksicnom-dimu\/#primaryimage\"},\"thumbnailUrl\":\"https:\/\/nea.rs\/wp-content\/uploads\/2021\/08\/garsija.jpg\",\"datePublished\":\"2021-08-08T15:26:48+00:00\",\"dateModified\":\"2021-08-08T15:26:52+00:00\",\"breadcrumb\":{\"@id\":\"https:\/\/nea.rs\/index.php\/2021\/08\/08\/beograd-i-okolina-u-toksicnom-dimu\/#breadcrumb\"},\"inLanguage\":\"sr-RS\",\"potentialAction\":[{\"@type\":\"ReadAction\",\"target\":[\"https:\/\/nea.rs\/index.php\/2021\/08\/08\/beograd-i-okolina-u-toksicnom-dimu\/\"]}]},{\"@type\":\"ImageObject\",\"inLanguage\":\"sr-RS\",\"@id\":\"https:\/\/nea.rs\/index.php\/2021\/08\/08\/beograd-i-okolina-u-toksicnom-dimu\/#primaryimage\",\"url\":\"https:\/\/nea.rs\/wp-content\/uploads\/2021\/08\/garsija.jpg\",\"contentUrl\":\"https:\/\/nea.rs\/wp-content\/uploads\/2021\/08\/garsija.jpg\",\"width\":738,\"height\":1599},{\"@type\":\"BreadcrumbList\",\"@id\":\"https:\/\/nea.rs\/index.php\/2021\/08\/08\/beograd-i-okolina-u-toksicnom-dimu\/#breadcrumb\",\"itemListElement\":[{\"@type\":\"ListItem\",\"position\":1,\"name\":\"Po\u010detna\",\"item\":\"https:\/\/nea.rs\/\"},{\"@type\":\"ListItem\",\"position\":2,\"name\":\"Beograd i okolina u toksi\u010dnom dimu\"}]},{\"@type\":\"WebSite\",\"@id\":\"https:\/\/nea.rs\/#website\",\"url\":\"https:\/\/nea.rs\/\",\"name\":\"Nacionalna ekolo\u0161ka asocijacija\",\"description\":\"\",\"publisher\":{\"@id\":\"https:\/\/nea.rs\/#organization\"},\"potentialAction\":[{\"@type\":\"SearchAction\",\"target\":{\"@type\":\"EntryPoint\",\"urlTemplate\":\"https:\/\/nea.rs\/?s={search_term_string}\"},\"query-input\":{\"@type\":\"PropertyValueSpecification\",\"valueRequired\":true,\"valueName\":\"search_term_string\"}}],\"inLanguage\":\"sr-RS\"},{\"@type\":\"Organization\",\"@id\":\"https:\/\/nea.rs\/#organization\",\"name\":\"Nacionalna ekolo\u0161ka asocijacija\",\"url\":\"https:\/\/nea.rs\/\",\"logo\":{\"@type\":\"ImageObject\",\"inLanguage\":\"sr-RS\",\"@id\":\"https:\/\/nea.rs\/#\/schema\/logo\/image\/\",\"url\":\"https:\/\/nea.rs\/wp-content\/uploads\/2021\/05\/cropped-logoNEA_crop_180_nowhite.jpg\",\"contentUrl\":\"https:\/\/nea.rs\/wp-content\/uploads\/2021\/05\/cropped-logoNEA_crop_180_nowhite.jpg\",\"width\":276,\"height\":154,\"caption\":\"Nacionalna ekolo\u0161ka asocijacija\"},\"image\":{\"@id\":\"https:\/\/nea.rs\/#\/schema\/logo\/image\/\"},\"sameAs\":[\"https:\/\/www.facebook.com\/NEASrbija\",\"https:\/\/x.com\/NEASrbija\",\"https:\/\/www.instagram.com\/neasrbija\/\",\"https:\/\/www.youtube.com\/channel\/UCxwdyhNFV-rjanyqj7JIFow\"]},{\"@type\":\"Person\",\"@id\":\"https:\/\/nea.rs\/#\/schema\/person\/daf5180476fd224bc67bb42ea6d87925\",\"name\":\"admin\",\"image\":{\"@type\":\"ImageObject\",\"inLanguage\":\"sr-RS\",\"@id\":\"https:\/\/nea.rs\/#\/schema\/person\/image\/\",\"url\":\"https:\/\/secure.gravatar.com\/avatar\/208ddce103f55aec8415cbae6044df1aa912c6d56bb8e74d76628d5d221bad04?s=96&d=mm&r=g\",\"contentUrl\":\"https:\/\/secure.gravatar.com\/avatar\/208ddce103f55aec8415cbae6044df1aa912c6d56bb8e74d76628d5d221bad04?s=96&d=mm&r=g\",\"caption\":\"admin\"},\"sameAs\":[\"https:\/\/nea.rs\"],\"url\":\"https:\/\/nea.rs\/index.php\/author\/admin_5kpl02hl\/\"}]}<\/script>\n<!-- \/ Yoast SEO plugin. -->","yoast_head_json":{"title":"Beograd i okolina u toksi\u010dnom dimu - Nacionalna ekolo\u0161ka asocijacija","robots":{"index":"index","follow":"follow","max-snippet":"max-snippet:-1","max-image-preview":"max-image-preview:large","max-video-preview":"max-video-preview:-1"},"canonical":"https:\/\/nea.rs\/index.php\/2021\/08\/08\/beograd-i-okolina-u-toksicnom-dimu\/","og_locale":"sr_RS","og_type":"article","og_title":"Beograd i okolina u toksi\u010dnom dimu - Nacionalna ekolo\u0161ka asocijacija","og_description":"Gra\u0111ani Beograda su izlo\u017eeni ekolo\u0161kom terorizmu koji sprovodi gradska vlast Beograda. Deponija u Vin\u010di gori ve\u0107 skoro 24h, koncentracije suspendovanih \u010destica prelaze 200 mikrograma po&hellip;","og_url":"https:\/\/nea.rs\/index.php\/2021\/08\/08\/beograd-i-okolina-u-toksicnom-dimu\/","og_site_name":"Nacionalna ekolo\u0161ka asocijacija","article_publisher":"https:\/\/www.facebook.com\/NEASrbija","article_published_time":"2021-08-08T15:26:48+00:00","article_modified_time":"2021-08-08T15:26:52+00:00","og_image":[{"url":"https:\/\/nea.rs\/wp-content\/uploads\/2021\/08\/garsija.jpg","type":"","width":"","height":""}],"author":"admin","twitter_card":"summary_large_image","twitter_creator":"@NEASrbija","twitter_site":"@NEASrbija","twitter_misc":{"Napisano od":"admin","Procenjeno vreme \u010ditanja":"1 minut"},"schema":{"@context":"https:\/\/schema.org","@graph":[{"@type":"Article","@id":"https:\/\/nea.rs\/index.php\/2021\/08\/08\/beograd-i-okolina-u-toksicnom-dimu\/#article","isPartOf":{"@id":"https:\/\/nea.rs\/index.php\/2021\/08\/08\/beograd-i-okolina-u-toksicnom-dimu\/"},"author":{"name":"admin","@id":"https:\/\/nea.rs\/#\/schema\/person\/daf5180476fd224bc67bb42ea6d87925"},"headline":"Beograd i okolina u toksi\u010dnom dimu","datePublished":"2021-08-08T15:26:48+00:00","dateModified":"2021-08-08T15:26:52+00:00","mainEntityOfPage":{"@id":"https:\/\/nea.rs\/index.php\/2021\/08\/08\/beograd-i-okolina-u-toksicnom-dimu\/"},"wordCount":85,"commentCount":0,"publisher":{"@id":"https:\/\/nea.rs\/#organization"},"image":{"@id":"https:\/\/nea.rs\/index.php\/2021\/08\/08\/beograd-i-okolina-u-toksicnom-dimu\/#primaryimage"},"thumbnailUrl":"https:\/\/nea.rs\/wp-content\/uploads\/2021\/08\/garsija.jpg","articleSection":["Saop\u0161tenja"],"inLanguage":"sr-RS","potentialAction":[{"@type":"CommentAction","name":"Comment","target":["https:\/\/nea.rs\/index.php\/2021\/08\/08\/beograd-i-okolina-u-toksicnom-dimu\/#respond"]}]},{"@type":"WebPage","@id":"https:\/\/nea.rs\/index.php\/2021\/08\/08\/beograd-i-okolina-u-toksicnom-dimu\/","url":"https:\/\/nea.rs\/index.php\/2021\/08\/08\/beograd-i-okolina-u-toksicnom-dimu\/","name":"Beograd i okolina u toksi\u010dnom dimu - Nacionalna ekolo\u0161ka asocijacija","isPartOf":{"@id":"https:\/\/nea.rs\/#website"},"primaryImageOfPage":{"@id":"https:\/\/nea.rs\/index.php\/2021\/08\/08\/beograd-i-okolina-u-toksicnom-dimu\/#primaryimage"},"image":{"@id":"https:\/\/nea.rs\/index.php\/2021\/08\/08\/beograd-i-okolina-u-toksicnom-dimu\/#primaryimage"},"thumbnailUrl":"https:\/\/nea.rs\/wp-content\/uploads\/2021\/08\/garsija.jpg","datePublished":"2021-08-08T15:26:48+00:00","dateModified":"2021-08-08T15:26:52+00:00","breadcrumb":{"@id":"https:\/\/nea.rs\/index.php\/2021\/08\/08\/beograd-i-okolina-u-toksicnom-dimu\/#breadcrumb"},"inLanguage":"sr-RS","potentialAction":[{"@type":"ReadAction","target":["https:\/\/nea.rs\/index.php\/2021\/08\/08\/beograd-i-okolina-u-toksicnom-dimu\/"]}]},{"@type":"ImageObject","inLanguage":"sr-RS","@id":"https:\/\/nea.rs\/index.php\/2021\/08\/08\/beograd-i-okolina-u-toksicnom-dimu\/#primaryimage","url":"https:\/\/nea.rs\/wp-content\/uploads\/2021\/08\/garsija.jpg","contentUrl":"https:\/\/nea.rs\/wp-content\/uploads\/2021\/08\/garsija.jpg","width":738,"height":1599},{"@type":"BreadcrumbList","@id":"https:\/\/nea.rs\/index.php\/2021\/08\/08\/beograd-i-okolina-u-toksicnom-dimu\/#breadcrumb","itemListElement":[{"@type":"ListItem","position":1,"name":"Po\u010detna","item":"https:\/\/nea.rs\/"},{"@type":"ListItem","position":2,"name":"Beograd i okolina u toksi\u010dnom dimu"}]},{"@type":"WebSite","@id":"https:\/\/nea.rs\/#website","url":"https:\/\/nea.rs\/","name":"Nacionalna ekolo\u0161ka asocijacija","description":"","publisher":{"@id":"https:\/\/nea.rs\/#organization"},"potentialAction":[{"@type":"SearchAction","target":{"@type":"EntryPoint","urlTemplate":"https:\/\/nea.rs\/?s={search_term_string}"},"query-input":{"@type":"PropertyValueSpecification","valueRequired":true,"valueName":"search_term_string"}}],"inLanguage":"sr-RS"},{"@type":"Organization","@id":"https:\/\/nea.rs\/#organization","name":"Nacionalna ekolo\u0161ka asocijacija","url":"https:\/\/nea.rs\/","logo":{"@type":"ImageObject","inLanguage":"sr-RS","@id":"https:\/\/nea.rs\/#\/schema\/logo\/image\/","url":"https:\/\/nea.rs\/wp-content\/uploads\/2021\/05\/cropped-logoNEA_crop_180_nowhite.jpg","contentUrl":"https:\/\/nea.rs\/wp-content\/uploads\/2021\/05\/cropped-logoNEA_crop_180_nowhite.jpg","width":276,"height":154,"caption":"Nacionalna ekolo\u0161ka asocijacija"},"image":{"@id":"https:\/\/nea.rs\/#\/schema\/logo\/image\/"},"sameAs":["https:\/\/www.facebook.com\/NEASrbija","https:\/\/x.com\/NEASrbija","https:\/\/www.instagram.com\/neasrbija\/","https:\/\/www.youtube.com\/channel\/UCxwdyhNFV-rjanyqj7JIFow"]},{"@type":"Person","@id":"https:\/\/nea.rs\/#\/schema\/person\/daf5180476fd224bc67bb42ea6d87925","name":"admin","image":{"@type":"ImageObject","inLanguage":"sr-RS","@id":"https:\/\/nea.rs\/#\/schema\/person\/image\/","url":"https:\/\/secure.gravatar.com\/avatar\/208ddce103f55aec8415cbae6044df1aa912c6d56bb8e74d76628d5d221bad04?s=96&d=mm&r=g","contentUrl":"https:\/\/secure.gravatar.com\/avatar\/208ddce103f55aec8415cbae6044df1aa912c6d56bb8e74d76628d5d221bad04?s=96&d=mm&r=g","caption":"admin"},"sameAs":["https:\/\/nea.rs"],"url":"https:\/\/nea.rs\/index.php\/author\/admin_5kpl02hl\/"}]}},"jetpack_sharing_enabled":true,"jetpack_featured_media_url":"","_links":{"self":[{"href":"https:\/\/nea.rs\/index.php\/wp-json\/wp\/v2\/posts\/639","targetHints":{"allow":["GET"]}}],"collection":[{"href":"https:\/\/nea.rs\/index.php\/wp-json\/wp\/v2\/posts"}],"about":[{"href":"https:\/\/nea.rs\/index.php\/wp-json\/wp\/v2\/types\/post"}],"author":[{"embeddable":true,"href":"https:\/\/nea.rs\/index.php\/wp-json\/wp\/v2\/users\/1"}],"replies":[{"embeddable":true,"href":"https:\/\/nea.rs\/index.php\/wp-json\/wp\/v2\/comments?post=639"}],"version-history":[{"count":1,"href":"https:\/\/nea.rs\/index.php\/wp-json\/wp\/v2\/posts\/639\/revisions"}],"predecessor-version":[{"id":642,"href":"https:\/\/nea.rs\/index.php\/wp-json\/wp\/v2\/posts\/639\/revisions\/642"}],"wp:attachment":[{"href":"https:\/\/nea.rs\/index.php\/wp-json\/wp\/v2\/media?parent=639"}],"wp:term":[{"taxonomy":"category","embeddable":true,"href":"https:\/\/nea.rs\/index.php\/wp-json\/wp\/v2\/categories?post=639"},{"taxonomy":"post_tag","embeddable":true,"href":"https:\/\/nea.rs\/index.php\/wp-json\/wp\/v2\/tags?post=639"}],"curies":[{"name":"wp","href":"https:\/\/api.w.org\/{rel}","templated":true}]}}