{"id":637,"date":"2021-08-07T20:28:49","date_gmt":"2021-08-07T20:28:49","guid":{"rendered":"https:\/\/nea.rs\/?p=637"},"modified":"2021-08-07T20:29:24","modified_gmt":"2021-08-07T20:29:24","slug":"da-li-deponija-u-vinci-ponovo-gori","status":"publish","type":"post","link":"https:\/\/nea.rs\/index.php\/2021\/08\/07\/da-li-deponija-u-vinci-ponovo-gori\/","title":{"rendered":"Da li deponija u Vin\u010di ponovo gori?"},"content":{"rendered":"\n<p>Da li je ovo novi incident na Vin\u010danskoj deponiji? Ako jeste, za\u0161to se nadle\u017eni ne ogla\u0161avaju? Da li \u0107e kao pri nedavnom po\u017earu na Po\u017eareva\u010dkoj deponiji obmanjivati gradjane da nema zaga\u0111enja jer merenja PM \u010destica i SO2 to ne pokazuju. A furane i dioxine koji se sigurno emituju i vi\u0161estruko su opasniji po zdravlje niko ne meri, pa zato i &#8222;ne postoje&#8220;. <\/p>\n\n\n\n<figure class=\"wp-block-image size-large\"><img loading=\"lazy\" decoding=\"async\" width=\"1049\" height=\"572\" src=\"https:\/\/nea.rs\/wp-content\/uploads\/2021\/08\/IMG-7d7a30d5882fe0bde57f9f600ad8718a-V2.jpg\" alt=\"\" class=\"wp-image-636\" srcset=\"https:\/\/nea.rs\/wp-content\/uploads\/2021\/08\/IMG-7d7a30d5882fe0bde57f9f600ad8718a-V2.jpg 1049w, https:\/\/nea.rs\/wp-content\/uploads\/2021\/08\/IMG-7d7a30d5882fe0bde57f9f600ad8718a-V2-768x419.jpg 768w\" sizes=\"auto, (max-width: 1049px) 100vw, 1049px\" \/><\/figure>\n","protected":false},"excerpt":{"rendered":"<p>Da li je ovo novi incident na Vin\u010danskoj deponiji? Ako jeste, za\u0161to se nadle\u017eni ne ogla\u0161avaju? Da li \u0107e kao pri nedavnom po\u017earu na Po\u017eareva\u010dkoj&hellip;<\/p>\n","protected":false},"author":1,"featured_media":0,"comment_status":"open","ping_status":"open","sticky":false,"template":"","format":"standard","meta":{"footnotes":""},"categories":[11],"tags":[],"class_list":["post-637","post","type-post","status-publish","format-standard","hentry","category-saopstenja"],"yoast_head":"<!-- This site is optimized with the Yoast SEO plugin v24.9 - https:\/\/yoast.com\/wordpress\/plugins\/seo\/ -->\n<title>Da li deponija u Vin\u010di ponovo gori? - Nacionalna ekolo\u0161ka asocijacija<\/title>\n<meta name=\"robots\" content=\"index, follow, max-snippet:-1, max-image-preview:large, max-video-preview:-1\" \/>\n<link rel=\"canonical\" href=\"https:\/\/nea.rs\/index.php\/2021\/08\/07\/da-li-deponija-u-vinci-ponovo-gori\/\" \/>\n<meta property=\"og:locale\" content=\"sr_RS\" \/>\n<meta property=\"og:type\" content=\"article\" \/>\n<meta property=\"og:title\" content=\"Da li deponija u Vin\u010di ponovo gori? - Nacionalna ekolo\u0161ka asocijacija\" \/>\n<meta property=\"og:description\" content=\"Da li je ovo novi incident na Vin\u010danskoj deponiji? Ako jeste, za\u0161to se nadle\u017eni ne ogla\u0161avaju? Da li \u0107e kao pri nedavnom po\u017earu na Po\u017eareva\u010dkoj&hellip;\" \/>\n<meta property=\"og:url\" content=\"https:\/\/nea.rs\/index.php\/2021\/08\/07\/da-li-deponija-u-vinci-ponovo-gori\/\" \/>\n<meta property=\"og:site_name\" content=\"Nacionalna ekolo\u0161ka asocijacija\" \/>\n<meta property=\"article:publisher\" content=\"https:\/\/www.facebook.com\/NEASrbija\" \/>\n<meta property=\"article:published_time\" content=\"2021-08-07T20:28:49+00:00\" \/>\n<meta property=\"article:modified_time\" content=\"2021-08-07T20:29:24+00:00\" \/>\n<meta property=\"og:image\" content=\"https:\/\/nea.rs\/wp-content\/uploads\/2021\/08\/IMG-7d7a30d5882fe0bde57f9f600ad8718a-V2.jpg\" \/>\n<meta name=\"author\" content=\"admin\" \/>\n<meta name=\"twitter:card\" content=\"summary_large_image\" \/>\n<meta name=\"twitter:creator\" content=\"@NEASrbija\" \/>\n<meta name=\"twitter:site\" content=\"@NEASrbija\" \/>\n<meta name=\"twitter:label1\" content=\"Napisano od\" \/>\n\t<meta name=\"twitter:data1\" content=\"admin\" \/>\n<script type=\"application\/ld+json\" class=\"yoast-schema-graph\">{\"@context\":\"https:\/\/schema.org\",\"@graph\":[{\"@type\":\"Article\",\"@id\":\"https:\/\/nea.rs\/index.php\/2021\/08\/07\/da-li-deponija-u-vinci-ponovo-gori\/#article\",\"isPartOf\":{\"@id\":\"https:\/\/nea.rs\/index.php\/2021\/08\/07\/da-li-deponija-u-vinci-ponovo-gori\/\"},\"author\":{\"name\":\"admin\",\"@id\":\"https:\/\/nea.rs\/#\/schema\/person\/daf5180476fd224bc67bb42ea6d87925\"},\"headline\":\"Da li deponija u Vin\u010di ponovo gori?\",\"datePublished\":\"2021-08-07T20:28:49+00:00\",\"dateModified\":\"2021-08-07T20:29:24+00:00\",\"mainEntityOfPage\":{\"@id\":\"https:\/\/nea.rs\/index.php\/2021\/08\/07\/da-li-deponija-u-vinci-ponovo-gori\/\"},\"wordCount\":79,\"commentCount\":0,\"publisher\":{\"@id\":\"https:\/\/nea.rs\/#organization\"},\"image\":{\"@id\":\"https:\/\/nea.rs\/index.php\/2021\/08\/07\/da-li-deponija-u-vinci-ponovo-gori\/#primaryimage\"},\"thumbnailUrl\":\"https:\/\/nea.rs\/wp-content\/uploads\/2021\/08\/IMG-7d7a30d5882fe0bde57f9f600ad8718a-V2.jpg\",\"articleSection\":[\"Saop\u0161tenja\"],\"inLanguage\":\"sr-RS\",\"potentialAction\":[{\"@type\":\"CommentAction\",\"name\":\"Comment\",\"target\":[\"https:\/\/nea.rs\/index.php\/2021\/08\/07\/da-li-deponija-u-vinci-ponovo-gori\/#respond\"]}]},{\"@type\":\"WebPage\",\"@id\":\"https:\/\/nea.rs\/index.php\/2021\/08\/07\/da-li-deponija-u-vinci-ponovo-gori\/\",\"url\":\"https:\/\/nea.rs\/index.php\/2021\/08\/07\/da-li-deponija-u-vinci-ponovo-gori\/\",\"name\":\"Da li deponija u Vin\u010di ponovo gori? - Nacionalna ekolo\u0161ka asocijacija\",\"isPartOf\":{\"@id\":\"https:\/\/nea.rs\/#website\"},\"primaryImageOfPage\":{\"@id\":\"https:\/\/nea.rs\/index.php\/2021\/08\/07\/da-li-deponija-u-vinci-ponovo-gori\/#primaryimage\"},\"image\":{\"@id\":\"https:\/\/nea.rs\/index.php\/2021\/08\/07\/da-li-deponija-u-vinci-ponovo-gori\/#primaryimage\"},\"thumbnailUrl\":\"https:\/\/nea.rs\/wp-content\/uploads\/2021\/08\/IMG-7d7a30d5882fe0bde57f9f600ad8718a-V2.jpg\",\"datePublished\":\"2021-08-07T20:28:49+00:00\",\"dateModified\":\"2021-08-07T20:29:24+00:00\",\"breadcrumb\":{\"@id\":\"https:\/\/nea.rs\/index.php\/2021\/08\/07\/da-li-deponija-u-vinci-ponovo-gori\/#breadcrumb\"},\"inLanguage\":\"sr-RS\",\"potentialAction\":[{\"@type\":\"ReadAction\",\"target\":[\"https:\/\/nea.rs\/index.php\/2021\/08\/07\/da-li-deponija-u-vinci-ponovo-gori\/\"]}]},{\"@type\":\"ImageObject\",\"inLanguage\":\"sr-RS\",\"@id\":\"https:\/\/nea.rs\/index.php\/2021\/08\/07\/da-li-deponija-u-vinci-ponovo-gori\/#primaryimage\",\"url\":\"https:\/\/nea.rs\/wp-content\/uploads\/2021\/08\/IMG-7d7a30d5882fe0bde57f9f600ad8718a-V2.jpg\",\"contentUrl\":\"https:\/\/nea.rs\/wp-content\/uploads\/2021\/08\/IMG-7d7a30d5882fe0bde57f9f600ad8718a-V2.jpg\",\"width\":1049,\"height\":572},{\"@type\":\"BreadcrumbList\",\"@id\":\"https:\/\/nea.rs\/index.php\/2021\/08\/07\/da-li-deponija-u-vinci-ponovo-gori\/#breadcrumb\",\"itemListElement\":[{\"@type\":\"ListItem\",\"position\":1,\"name\":\"Po\u010detna\",\"item\":\"https:\/\/nea.rs\/\"},{\"@type\":\"ListItem\",\"position\":2,\"name\":\"Da li deponija u Vin\u010di ponovo gori?\"}]},{\"@type\":\"WebSite\",\"@id\":\"https:\/\/nea.rs\/#website\",\"url\":\"https:\/\/nea.rs\/\",\"name\":\"Nacionalna ekolo\u0161ka asocijacija\",\"description\":\"\",\"publisher\":{\"@id\":\"https:\/\/nea.rs\/#organization\"},\"potentialAction\":[{\"@type\":\"SearchAction\",\"target\":{\"@type\":\"EntryPoint\",\"urlTemplate\":\"https:\/\/nea.rs\/?s={search_term_string}\"},\"query-input\":{\"@type\":\"PropertyValueSpecification\",\"valueRequired\":true,\"valueName\":\"search_term_string\"}}],\"inLanguage\":\"sr-RS\"},{\"@type\":\"Organization\",\"@id\":\"https:\/\/nea.rs\/#organization\",\"name\":\"Nacionalna ekolo\u0161ka asocijacija\",\"url\":\"https:\/\/nea.rs\/\",\"logo\":{\"@type\":\"ImageObject\",\"inLanguage\":\"sr-RS\",\"@id\":\"https:\/\/nea.rs\/#\/schema\/logo\/image\/\",\"url\":\"https:\/\/nea.rs\/wp-content\/uploads\/2021\/05\/cropped-logoNEA_crop_180_nowhite.jpg\",\"contentUrl\":\"https:\/\/nea.rs\/wp-content\/uploads\/2021\/05\/cropped-logoNEA_crop_180_nowhite.jpg\",\"width\":276,\"height\":154,\"caption\":\"Nacionalna ekolo\u0161ka asocijacija\"},\"image\":{\"@id\":\"https:\/\/nea.rs\/#\/schema\/logo\/image\/\"},\"sameAs\":[\"https:\/\/www.facebook.com\/NEASrbija\",\"https:\/\/x.com\/NEASrbija\",\"https:\/\/www.instagram.com\/neasrbija\/\",\"https:\/\/www.youtube.com\/channel\/UCxwdyhNFV-rjanyqj7JIFow\"]},{\"@type\":\"Person\",\"@id\":\"https:\/\/nea.rs\/#\/schema\/person\/daf5180476fd224bc67bb42ea6d87925\",\"name\":\"admin\",\"image\":{\"@type\":\"ImageObject\",\"inLanguage\":\"sr-RS\",\"@id\":\"https:\/\/nea.rs\/#\/schema\/person\/image\/\",\"url\":\"https:\/\/secure.gravatar.com\/avatar\/208ddce103f55aec8415cbae6044df1aa912c6d56bb8e74d76628d5d221bad04?s=96&d=mm&r=g\",\"contentUrl\":\"https:\/\/secure.gravatar.com\/avatar\/208ddce103f55aec8415cbae6044df1aa912c6d56bb8e74d76628d5d221bad04?s=96&d=mm&r=g\",\"caption\":\"admin\"},\"sameAs\":[\"https:\/\/nea.rs\"],\"url\":\"https:\/\/nea.rs\/index.php\/author\/admin_5kpl02hl\/\"}]}<\/script>\n<!-- \/ Yoast SEO plugin. -->","yoast_head_json":{"title":"Da li deponija u Vin\u010di ponovo gori? - Nacionalna ekolo\u0161ka asocijacija","robots":{"index":"index","follow":"follow","max-snippet":"max-snippet:-1","max-image-preview":"max-image-preview:large","max-video-preview":"max-video-preview:-1"},"canonical":"https:\/\/nea.rs\/index.php\/2021\/08\/07\/da-li-deponija-u-vinci-ponovo-gori\/","og_locale":"sr_RS","og_type":"article","og_title":"Da li deponija u Vin\u010di ponovo gori? - Nacionalna ekolo\u0161ka asocijacija","og_description":"Da li je ovo novi incident na Vin\u010danskoj deponiji? Ako jeste, za\u0161to se nadle\u017eni ne ogla\u0161avaju? Da li \u0107e kao pri nedavnom po\u017earu na Po\u017eareva\u010dkoj&hellip;","og_url":"https:\/\/nea.rs\/index.php\/2021\/08\/07\/da-li-deponija-u-vinci-ponovo-gori\/","og_site_name":"Nacionalna ekolo\u0161ka asocijacija","article_publisher":"https:\/\/www.facebook.com\/NEASrbija","article_published_time":"2021-08-07T20:28:49+00:00","article_modified_time":"2021-08-07T20:29:24+00:00","og_image":[{"url":"https:\/\/nea.rs\/wp-content\/uploads\/2021\/08\/IMG-7d7a30d5882fe0bde57f9f600ad8718a-V2.jpg","type":"","width":"","height":""}],"author":"admin","twitter_card":"summary_large_image","twitter_creator":"@NEASrbija","twitter_site":"@NEASrbija","twitter_misc":{"Napisano od":"admin"},"schema":{"@context":"https:\/\/schema.org","@graph":[{"@type":"Article","@id":"https:\/\/nea.rs\/index.php\/2021\/08\/07\/da-li-deponija-u-vinci-ponovo-gori\/#article","isPartOf":{"@id":"https:\/\/nea.rs\/index.php\/2021\/08\/07\/da-li-deponija-u-vinci-ponovo-gori\/"},"author":{"name":"admin","@id":"https:\/\/nea.rs\/#\/schema\/person\/daf5180476fd224bc67bb42ea6d87925"},"headline":"Da li deponija u Vin\u010di ponovo gori?","datePublished":"2021-08-07T20:28:49+00:00","dateModified":"2021-08-07T20:29:24+00:00","mainEntityOfPage":{"@id":"https:\/\/nea.rs\/index.php\/2021\/08\/07\/da-li-deponija-u-vinci-ponovo-gori\/"},"wordCount":79,"commentCount":0,"publisher":{"@id":"https:\/\/nea.rs\/#organization"},"image":{"@id":"https:\/\/nea.rs\/index.php\/2021\/08\/07\/da-li-deponija-u-vinci-ponovo-gori\/#primaryimage"},"thumbnailUrl":"https:\/\/nea.rs\/wp-content\/uploads\/2021\/08\/IMG-7d7a30d5882fe0bde57f9f600ad8718a-V2.jpg","articleSection":["Saop\u0161tenja"],"inLanguage":"sr-RS","potentialAction":[{"@type":"CommentAction","name":"Comment","target":["https:\/\/nea.rs\/index.php\/2021\/08\/07\/da-li-deponija-u-vinci-ponovo-gori\/#respond"]}]},{"@type":"WebPage","@id":"https:\/\/nea.rs\/index.php\/2021\/08\/07\/da-li-deponija-u-vinci-ponovo-gori\/","url":"https:\/\/nea.rs\/index.php\/2021\/08\/07\/da-li-deponija-u-vinci-ponovo-gori\/","name":"Da li deponija u Vin\u010di ponovo gori? - Nacionalna ekolo\u0161ka asocijacija","isPartOf":{"@id":"https:\/\/nea.rs\/#website"},"primaryImageOfPage":{"@id":"https:\/\/nea.rs\/index.php\/2021\/08\/07\/da-li-deponija-u-vinci-ponovo-gori\/#primaryimage"},"image":{"@id":"https:\/\/nea.rs\/index.php\/2021\/08\/07\/da-li-deponija-u-vinci-ponovo-gori\/#primaryimage"},"thumbnailUrl":"https:\/\/nea.rs\/wp-content\/uploads\/2021\/08\/IMG-7d7a30d5882fe0bde57f9f600ad8718a-V2.jpg","datePublished":"2021-08-07T20:28:49+00:00","dateModified":"2021-08-07T20:29:24+00:00","breadcrumb":{"@id":"https:\/\/nea.rs\/index.php\/2021\/08\/07\/da-li-deponija-u-vinci-ponovo-gori\/#breadcrumb"},"inLanguage":"sr-RS","potentialAction":[{"@type":"ReadAction","target":["https:\/\/nea.rs\/index.php\/2021\/08\/07\/da-li-deponija-u-vinci-ponovo-gori\/"]}]},{"@type":"ImageObject","inLanguage":"sr-RS","@id":"https:\/\/nea.rs\/index.php\/2021\/08\/07\/da-li-deponija-u-vinci-ponovo-gori\/#primaryimage","url":"https:\/\/nea.rs\/wp-content\/uploads\/2021\/08\/IMG-7d7a30d5882fe0bde57f9f600ad8718a-V2.jpg","contentUrl":"https:\/\/nea.rs\/wp-content\/uploads\/2021\/08\/IMG-7d7a30d5882fe0bde57f9f600ad8718a-V2.jpg","width":1049,"height":572},{"@type":"BreadcrumbList","@id":"https:\/\/nea.rs\/index.php\/2021\/08\/07\/da-li-deponija-u-vinci-ponovo-gori\/#breadcrumb","itemListElement":[{"@type":"ListItem","position":1,"name":"Po\u010detna","item":"https:\/\/nea.rs\/"},{"@type":"ListItem","position":2,"name":"Da li deponija u Vin\u010di ponovo gori?"}]},{"@type":"WebSite","@id":"https:\/\/nea.rs\/#website","url":"https:\/\/nea.rs\/","name":"Nacionalna ekolo\u0161ka asocijacija","description":"","publisher":{"@id":"https:\/\/nea.rs\/#organization"},"potentialAction":[{"@type":"SearchAction","target":{"@type":"EntryPoint","urlTemplate":"https:\/\/nea.rs\/?s={search_term_string}"},"query-input":{"@type":"PropertyValueSpecification","valueRequired":true,"valueName":"search_term_string"}}],"inLanguage":"sr-RS"},{"@type":"Organization","@id":"https:\/\/nea.rs\/#organization","name":"Nacionalna ekolo\u0161ka asocijacija","url":"https:\/\/nea.rs\/","logo":{"@type":"ImageObject","inLanguage":"sr-RS","@id":"https:\/\/nea.rs\/#\/schema\/logo\/image\/","url":"https:\/\/nea.rs\/wp-content\/uploads\/2021\/05\/cropped-logoNEA_crop_180_nowhite.jpg","contentUrl":"https:\/\/nea.rs\/wp-content\/uploads\/2021\/05\/cropped-logoNEA_crop_180_nowhite.jpg","width":276,"height":154,"caption":"Nacionalna ekolo\u0161ka asocijacija"},"image":{"@id":"https:\/\/nea.rs\/#\/schema\/logo\/image\/"},"sameAs":["https:\/\/www.facebook.com\/NEASrbija","https:\/\/x.com\/NEASrbija","https:\/\/www.instagram.com\/neasrbija\/","https:\/\/www.youtube.com\/channel\/UCxwdyhNFV-rjanyqj7JIFow"]},{"@type":"Person","@id":"https:\/\/nea.rs\/#\/schema\/person\/daf5180476fd224bc67bb42ea6d87925","name":"admin","image":{"@type":"ImageObject","inLanguage":"sr-RS","@id":"https:\/\/nea.rs\/#\/schema\/person\/image\/","url":"https:\/\/secure.gravatar.com\/avatar\/208ddce103f55aec8415cbae6044df1aa912c6d56bb8e74d76628d5d221bad04?s=96&d=mm&r=g","contentUrl":"https:\/\/secure.gravatar.com\/avatar\/208ddce103f55aec8415cbae6044df1aa912c6d56bb8e74d76628d5d221bad04?s=96&d=mm&r=g","caption":"admin"},"sameAs":["https:\/\/nea.rs"],"url":"https:\/\/nea.rs\/index.php\/author\/admin_5kpl02hl\/"}]}},"jetpack_sharing_enabled":true,"jetpack_featured_media_url":"","_links":{"self":[{"href":"https:\/\/nea.rs\/index.php\/wp-json\/wp\/v2\/posts\/637","targetHints":{"allow":["GET"]}}],"collection":[{"href":"https:\/\/nea.rs\/index.php\/wp-json\/wp\/v2\/posts"}],"about":[{"href":"https:\/\/nea.rs\/index.php\/wp-json\/wp\/v2\/types\/post"}],"author":[{"embeddable":true,"href":"https:\/\/nea.rs\/index.php\/wp-json\/wp\/v2\/users\/1"}],"replies":[{"embeddable":true,"href":"https:\/\/nea.rs\/index.php\/wp-json\/wp\/v2\/comments?post=637"}],"version-history":[{"count":1,"href":"https:\/\/nea.rs\/index.php\/wp-json\/wp\/v2\/posts\/637\/revisions"}],"predecessor-version":[{"id":638,"href":"https:\/\/nea.rs\/index.php\/wp-json\/wp\/v2\/posts\/637\/revisions\/638"}],"wp:attachment":[{"href":"https:\/\/nea.rs\/index.php\/wp-json\/wp\/v2\/media?parent=637"}],"wp:term":[{"taxonomy":"category","embeddable":true,"href":"https:\/\/nea.rs\/index.php\/wp-json\/wp\/v2\/categories?post=637"},{"taxonomy":"post_tag","embeddable":true,"href":"https:\/\/nea.rs\/index.php\/wp-json\/wp\/v2\/tags?post=637"}],"curies":[{"name":"wp","href":"https:\/\/api.w.org\/{rel}","templated":true}]}}