{"id":599,"date":"2021-06-30T09:28:53","date_gmt":"2021-06-30T09:28:53","guid":{"rendered":"https:\/\/nea.rs\/?p=599"},"modified":"2021-06-30T09:28:56","modified_gmt":"2021-06-30T09:28:56","slug":"saopstenje-grupe-ekoloskih-organizacija-vezano-za-problem-sa-intenzivnim-zagadjenjem-zivotne-sredine-i-ugrozavanja-zdravlja-na-podrucju-sela-gornji-krnjin-pored-leposavica","status":"publish","type":"post","link":"https:\/\/nea.rs\/index.php\/2021\/06\/30\/saopstenje-grupe-ekoloskih-organizacija-vezano-za-problem-sa-intenzivnim-zagadjenjem-zivotne-sredine-i-ugrozavanja-zdravlja-na-podrucju-sela-gornji-krnjin-pored-leposavica\/","title":{"rendered":"Saop\u0161tenje grupe ekolo\u0161kih organizacija vezano za problem sa intenzivnim zaga\u0111enjem \u017eivotne sredine i ugro\u017eavanja zdravlja na podru\u010dju sela Gornji Krnjin pored Leposavi\u0107a"},"content":{"rendered":"\n<p>U&nbsp;Leposavi\u0107u se pored flotacijskog postrojenja rudnika \u201eKopaonik\u201c Leposavi\u0107, koji posluje u okviru \u201eTrep\u010de\u201c nalaze i<\/p>\n\n\n\n<ul class=\"wp-block-list\"><li>Flotacijsko jalovi\u0161te \u201eGornji Krnjin\u201c\u00a0koje je locirano je 900m\u00a0severno od flotacijskog postrojenja u Leposavi\u0107u, na desnoj obali reke Ibar. Jalovi\u0161te je bilo u eksploataciji 1972-1979.god. Povr\u0161ine je 7\u00a0ha\u00a0na kojoj je deponovano 2.600.000\u00a0t.\u00a0jalovine. Visine je 12-14\u00a0m\u00a0i delom je rekultivisano.<\/li><li>Flotacijsko jalovi\u0161te \u201e Bostali\u0161te\u201c, Leposavi\u0107, koje se nalazi pored desne obale reke Ibar, na 1200m\u00a0od flotacije Kopaonik u Leposavi\u0107u. U eksploataciji je od 1979.god. i sada je aktivno. Zauzima povr\u0161inu od 30\u00a0ha\u00a0i do sada je na njemu deponovano 3.340.000\u00a0t.\u00a0jalovine.\u00a0Deponovanje i dalje traje. Izme\u0111u ova dva jalovi\u0161ta napravljen je i aneks koji je u aktivnoj upotrebi i na kojem je u januaru ove godine do\u0161lo do pucanja zida i odlivanja jalovinskog materijala u reku Ibar.<\/li><\/ul>\n\n\n\n<p>U zoni direktnog uticaja zaga\u0111enja sa ovih deponija na \u017eivotnu sredinu, nalazi se selo Gornji Krnjin koje je u najve\u0107oj meri i izlo\u017eeno \u0161tetnim efektima zaga\u0111enja sa deponija. Efekti koji se ispoljavaju na okru\u017eenje oko jalovi\u0161ta, iskazuju su se kroz tri osnovna vida i to:<\/p>\n\n\n\n<p>&#8211;&nbsp;&nbsp;&nbsp;&nbsp;&nbsp;&nbsp;&nbsp;&nbsp;zaga\u0111enje vazduha;<\/p>\n\n\n\n<p>&#8211;&nbsp;&nbsp;&nbsp;&nbsp;&nbsp;&nbsp;&nbsp;&nbsp;zaga\u0111enje zemlji\u0161ta i<\/p>\n\n\n\n<p>&#8211;&nbsp;&nbsp;&nbsp;&nbsp;&nbsp;&nbsp;&nbsp;&nbsp;zaga\u0111enje podzemnih i povr\u0161inskih voda.<\/p>\n\n\n\n<p>Zaga\u0111enje vazduha ispoljava se u vidu aeracije hemijskih reagenasa sa i iz industrijskih deponija kao i razvejavanje jalovine \u2013 eolacija.&nbsp; Makrokorpuskularne \u010destice koje sadr\u017ee te\u0161ke metale: Pb, Zn, Cd, Fe, Co, Ni, As, Mn\u2026, direktno se kre\u0107u u pravcu sela stvaraju\u0107i \u201ceolacionu zavesu\u201c. Prema obimu i efektima ovaj vid predstavlja najte\u017ei oblik ugro\u017eavanja okru\u017eenja.<\/p>\n\n\n\n<p>Poljoprivredno zemlji\u0161te u okru\u017eenju jalovi\u0161ta i pored visoke bonitetne vrednosti predstavlja u lokalnim uslovima je postalo veoma ograni\u010deni prirodni resurs, jer pod uticajem razli\u010ditih toksi\u010dnih komponenata te\u0161kih metala i nemetala dolazi do razli\u010ditih intenziteta kontaminacije zemlji\u0161ta.&nbsp;<\/p>\n\n\n\n<p>Direktan uticaj na zaga\u0111enje vodotoka prouzrokovano je lo\u0161im stanjem deponija na erozivnim zonama sa bo\u010dnih strana prema vodotocima, oksidirane povr\u0161ine sa makrokorpuskularnim \u010desticama (koje sadr\u017ee te\u0161ke metale i nemetale) i ru\u017ee vetrova koje preovla\u0111uju na lokalnom prostoru.<\/p>\n\n\n\n<p>Negativni uticaj voda iz profila jalovi\u0161ta na okolinu odra\u017eava se na promenu fizi\u010dko-hemijskih osobina okolnih povr\u0161inskih i podzemnih voda. Prodiranje voda najvi\u0161e je izra\u017eeno u po\u010detku odlaganja jalovine, kada pulpa dolazi u kontakt sa terenom.&nbsp; Uticajem atmosferilija vr\u0161i se transmigracija u enfluentima rastvorljivih te\u0161kih metala i nemetala i suspendovanih \u010destica. Usled procesa acidifikacije na ta\u010dkama izvora identifikovanih u erozivnim zonama postoji direktan uticaj na linijsko zaga\u0111enje du\u017e vodotoka Ibra.<\/p>\n\n\n\n<p>Svi navedeni efekti sumiraju se u uticajima na zdravlje stanovni\u0161tva koje u selu \u017eivi, kroz direktno i indirekno delovanje zaga\u0111uju\u0107ih materija.<\/p>\n\n\n\n<p>Ovo je jo\u0161 jedna kockica u mozaiku problema koji zahtevaju odgovorniji pristup nadle\u017enih institucija u za\u0161titi gra\u0111ana od prekomernog zaga\u0111enja.<\/p>\n\n\n\n<div class=\"wp-block-image\"><figure class=\"aligncenter size-large\"><img loading=\"lazy\" decoding=\"async\" width=\"733\" height=\"877\" src=\"https:\/\/nea.rs\/wp-content\/uploads\/2021\/06\/viber_image_2021-06-30_11-12-31.jpg\" alt=\"\" class=\"wp-image-600\"\/><\/figure><\/div>\n","protected":false},"excerpt":{"rendered":"<p>U&nbsp;Leposavi\u0107u se pored flotacijskog postrojenja rudnika \u201eKopaonik\u201c Leposavi\u0107, koji posluje u okviru \u201eTrep\u010de\u201c nalaze i Flotacijsko jalovi\u0161te \u201eGornji Krnjin\u201c\u00a0koje je locirano je 900m\u00a0severno od flotacijskog&hellip;<\/p>\n","protected":false},"author":1,"featured_media":0,"comment_status":"closed","ping_status":"open","sticky":false,"template":"","format":"standard","meta":{"footnotes":""},"categories":[11],"tags":[],"class_list":["post-599","post","type-post","status-publish","format-standard","hentry","category-saopstenja"],"yoast_head":"<!-- This site is optimized with the Yoast SEO plugin v24.9 - https:\/\/yoast.com\/wordpress\/plugins\/seo\/ -->\n<title>Saop\u0161tenje grupe ekolo\u0161kih organizacija vezano za problem sa intenzivnim zaga\u0111enjem \u017eivotne sredine i ugro\u017eavanja zdravlja na podru\u010dju sela Gornji Krnjin pored Leposavi\u0107a - Nacionalna ekolo\u0161ka asocijacija<\/title>\n<meta name=\"robots\" content=\"index, follow, max-snippet:-1, max-image-preview:large, max-video-preview:-1\" \/>\n<link rel=\"canonical\" href=\"https:\/\/nea.rs\/index.php\/2021\/06\/30\/saopstenje-grupe-ekoloskih-organizacija-vezano-za-problem-sa-intenzivnim-zagadjenjem-zivotne-sredine-i-ugrozavanja-zdravlja-na-podrucju-sela-gornji-krnjin-pored-leposavica\/\" \/>\n<meta property=\"og:locale\" content=\"sr_RS\" \/>\n<meta property=\"og:type\" content=\"article\" \/>\n<meta property=\"og:title\" content=\"Saop\u0161tenje grupe ekolo\u0161kih organizacija vezano za problem sa intenzivnim zaga\u0111enjem \u017eivotne sredine i ugro\u017eavanja zdravlja na podru\u010dju sela Gornji Krnjin pored Leposavi\u0107a - Nacionalna ekolo\u0161ka asocijacija\" \/>\n<meta property=\"og:description\" content=\"U&nbsp;Leposavi\u0107u se pored flotacijskog postrojenja rudnika \u201eKopaonik\u201c Leposavi\u0107, koji posluje u okviru \u201eTrep\u010de\u201c nalaze i Flotacijsko jalovi\u0161te \u201eGornji Krnjin\u201c\u00a0koje je locirano je 900m\u00a0severno od flotacijskog&hellip;\" \/>\n<meta property=\"og:url\" content=\"https:\/\/nea.rs\/index.php\/2021\/06\/30\/saopstenje-grupe-ekoloskih-organizacija-vezano-za-problem-sa-intenzivnim-zagadjenjem-zivotne-sredine-i-ugrozavanja-zdravlja-na-podrucju-sela-gornji-krnjin-pored-leposavica\/\" \/>\n<meta property=\"og:site_name\" content=\"Nacionalna ekolo\u0161ka asocijacija\" \/>\n<meta property=\"article:publisher\" content=\"https:\/\/www.facebook.com\/NEASrbija\" \/>\n<meta property=\"article:published_time\" content=\"2021-06-30T09:28:53+00:00\" \/>\n<meta property=\"article:modified_time\" content=\"2021-06-30T09:28:56+00:00\" \/>\n<meta property=\"og:image\" content=\"https:\/\/nea.rs\/wp-content\/uploads\/2021\/06\/viber_image_2021-06-30_11-12-31.jpg\" \/>\n<meta name=\"author\" content=\"admin\" \/>\n<meta name=\"twitter:card\" content=\"summary_large_image\" \/>\n<meta name=\"twitter:creator\" content=\"@NEASrbija\" \/>\n<meta name=\"twitter:site\" content=\"@NEASrbija\" \/>\n<meta name=\"twitter:label1\" content=\"Napisano od\" \/>\n\t<meta name=\"twitter:data1\" content=\"admin\" \/>\n\t<meta name=\"twitter:label2\" content=\"Procenjeno vreme \u010ditanja\" \/>\n\t<meta name=\"twitter:data2\" content=\"3 minuta\" \/>\n<script type=\"application\/ld+json\" class=\"yoast-schema-graph\">{\"@context\":\"https:\/\/schema.org\",\"@graph\":[{\"@type\":\"Article\",\"@id\":\"https:\/\/nea.rs\/index.php\/2021\/06\/30\/saopstenje-grupe-ekoloskih-organizacija-vezano-za-problem-sa-intenzivnim-zagadjenjem-zivotne-sredine-i-ugrozavanja-zdravlja-na-podrucju-sela-gornji-krnjin-pored-leposavica\/#article\",\"isPartOf\":{\"@id\":\"https:\/\/nea.rs\/index.php\/2021\/06\/30\/saopstenje-grupe-ekoloskih-organizacija-vezano-za-problem-sa-intenzivnim-zagadjenjem-zivotne-sredine-i-ugrozavanja-zdravlja-na-podrucju-sela-gornji-krnjin-pored-leposavica\/\"},\"author\":{\"name\":\"admin\",\"@id\":\"https:\/\/nea.rs\/#\/schema\/person\/daf5180476fd224bc67bb42ea6d87925\"},\"headline\":\"Saop\u0161tenje grupe ekolo\u0161kih organizacija vezano za problem sa intenzivnim zaga\u0111enjem \u017eivotne sredine i ugro\u017eavanja zdravlja na podru\u010dju sela Gornji Krnjin pored Leposavi\u0107a\",\"datePublished\":\"2021-06-30T09:28:53+00:00\",\"dateModified\":\"2021-06-30T09:28:56+00:00\",\"mainEntityOfPage\":{\"@id\":\"https:\/\/nea.rs\/index.php\/2021\/06\/30\/saopstenje-grupe-ekoloskih-organizacija-vezano-za-problem-sa-intenzivnim-zagadjenjem-zivotne-sredine-i-ugrozavanja-zdravlja-na-podrucju-sela-gornji-krnjin-pored-leposavica\/\"},\"wordCount\":554,\"publisher\":{\"@id\":\"https:\/\/nea.rs\/#organization\"},\"image\":{\"@id\":\"https:\/\/nea.rs\/index.php\/2021\/06\/30\/saopstenje-grupe-ekoloskih-organizacija-vezano-za-problem-sa-intenzivnim-zagadjenjem-zivotne-sredine-i-ugrozavanja-zdravlja-na-podrucju-sela-gornji-krnjin-pored-leposavica\/#primaryimage\"},\"thumbnailUrl\":\"https:\/\/nea.rs\/wp-content\/uploads\/2021\/06\/viber_image_2021-06-30_11-12-31.jpg\",\"articleSection\":[\"Saop\u0161tenja\"],\"inLanguage\":\"sr-RS\"},{\"@type\":\"WebPage\",\"@id\":\"https:\/\/nea.rs\/index.php\/2021\/06\/30\/saopstenje-grupe-ekoloskih-organizacija-vezano-za-problem-sa-intenzivnim-zagadjenjem-zivotne-sredine-i-ugrozavanja-zdravlja-na-podrucju-sela-gornji-krnjin-pored-leposavica\/\",\"url\":\"https:\/\/nea.rs\/index.php\/2021\/06\/30\/saopstenje-grupe-ekoloskih-organizacija-vezano-za-problem-sa-intenzivnim-zagadjenjem-zivotne-sredine-i-ugrozavanja-zdravlja-na-podrucju-sela-gornji-krnjin-pored-leposavica\/\",\"name\":\"Saop\u0161tenje grupe ekolo\u0161kih organizacija vezano za problem sa intenzivnim zaga\u0111enjem \u017eivotne sredine i ugro\u017eavanja zdravlja na podru\u010dju sela Gornji Krnjin pored Leposavi\u0107a - Nacionalna ekolo\u0161ka asocijacija\",\"isPartOf\":{\"@id\":\"https:\/\/nea.rs\/#website\"},\"primaryImageOfPage\":{\"@id\":\"https:\/\/nea.rs\/index.php\/2021\/06\/30\/saopstenje-grupe-ekoloskih-organizacija-vezano-za-problem-sa-intenzivnim-zagadjenjem-zivotne-sredine-i-ugrozavanja-zdravlja-na-podrucju-sela-gornji-krnjin-pored-leposavica\/#primaryimage\"},\"image\":{\"@id\":\"https:\/\/nea.rs\/index.php\/2021\/06\/30\/saopstenje-grupe-ekoloskih-organizacija-vezano-za-problem-sa-intenzivnim-zagadjenjem-zivotne-sredine-i-ugrozavanja-zdravlja-na-podrucju-sela-gornji-krnjin-pored-leposavica\/#primaryimage\"},\"thumbnailUrl\":\"https:\/\/nea.rs\/wp-content\/uploads\/2021\/06\/viber_image_2021-06-30_11-12-31.jpg\",\"datePublished\":\"2021-06-30T09:28:53+00:00\",\"dateModified\":\"2021-06-30T09:28:56+00:00\",\"breadcrumb\":{\"@id\":\"https:\/\/nea.rs\/index.php\/2021\/06\/30\/saopstenje-grupe-ekoloskih-organizacija-vezano-za-problem-sa-intenzivnim-zagadjenjem-zivotne-sredine-i-ugrozavanja-zdravlja-na-podrucju-sela-gornji-krnjin-pored-leposavica\/#breadcrumb\"},\"inLanguage\":\"sr-RS\",\"potentialAction\":[{\"@type\":\"ReadAction\",\"target\":[\"https:\/\/nea.rs\/index.php\/2021\/06\/30\/saopstenje-grupe-ekoloskih-organizacija-vezano-za-problem-sa-intenzivnim-zagadjenjem-zivotne-sredine-i-ugrozavanja-zdravlja-na-podrucju-sela-gornji-krnjin-pored-leposavica\/\"]}]},{\"@type\":\"ImageObject\",\"inLanguage\":\"sr-RS\",\"@id\":\"https:\/\/nea.rs\/index.php\/2021\/06\/30\/saopstenje-grupe-ekoloskih-organizacija-vezano-za-problem-sa-intenzivnim-zagadjenjem-zivotne-sredine-i-ugrozavanja-zdravlja-na-podrucju-sela-gornji-krnjin-pored-leposavica\/#primaryimage\",\"url\":\"https:\/\/nea.rs\/wp-content\/uploads\/2021\/06\/viber_image_2021-06-30_11-12-31.jpg\",\"contentUrl\":\"https:\/\/nea.rs\/wp-content\/uploads\/2021\/06\/viber_image_2021-06-30_11-12-31.jpg\",\"width\":733,\"height\":877},{\"@type\":\"BreadcrumbList\",\"@id\":\"https:\/\/nea.rs\/index.php\/2021\/06\/30\/saopstenje-grupe-ekoloskih-organizacija-vezano-za-problem-sa-intenzivnim-zagadjenjem-zivotne-sredine-i-ugrozavanja-zdravlja-na-podrucju-sela-gornji-krnjin-pored-leposavica\/#breadcrumb\",\"itemListElement\":[{\"@type\":\"ListItem\",\"position\":1,\"name\":\"Po\u010detna\",\"item\":\"https:\/\/nea.rs\/\"},{\"@type\":\"ListItem\",\"position\":2,\"name\":\"Saop\u0161tenje grupe ekolo\u0161kih organizacija vezano za problem sa intenzivnim zaga\u0111enjem \u017eivotne sredine i ugro\u017eavanja zdravlja na podru\u010dju sela Gornji Krnjin pored Leposavi\u0107a\"}]},{\"@type\":\"WebSite\",\"@id\":\"https:\/\/nea.rs\/#website\",\"url\":\"https:\/\/nea.rs\/\",\"name\":\"Nacionalna ekolo\u0161ka asocijacija\",\"description\":\"\",\"publisher\":{\"@id\":\"https:\/\/nea.rs\/#organization\"},\"potentialAction\":[{\"@type\":\"SearchAction\",\"target\":{\"@type\":\"EntryPoint\",\"urlTemplate\":\"https:\/\/nea.rs\/?s={search_term_string}\"},\"query-input\":{\"@type\":\"PropertyValueSpecification\",\"valueRequired\":true,\"valueName\":\"search_term_string\"}}],\"inLanguage\":\"sr-RS\"},{\"@type\":\"Organization\",\"@id\":\"https:\/\/nea.rs\/#organization\",\"name\":\"Nacionalna ekolo\u0161ka asocijacija\",\"url\":\"https:\/\/nea.rs\/\",\"logo\":{\"@type\":\"ImageObject\",\"inLanguage\":\"sr-RS\",\"@id\":\"https:\/\/nea.rs\/#\/schema\/logo\/image\/\",\"url\":\"https:\/\/nea.rs\/wp-content\/uploads\/2021\/05\/cropped-logoNEA_crop_180_nowhite.jpg\",\"contentUrl\":\"https:\/\/nea.rs\/wp-content\/uploads\/2021\/05\/cropped-logoNEA_crop_180_nowhite.jpg\",\"width\":276,\"height\":154,\"caption\":\"Nacionalna ekolo\u0161ka asocijacija\"},\"image\":{\"@id\":\"https:\/\/nea.rs\/#\/schema\/logo\/image\/\"},\"sameAs\":[\"https:\/\/www.facebook.com\/NEASrbija\",\"https:\/\/x.com\/NEASrbija\",\"https:\/\/www.instagram.com\/neasrbija\/\",\"https:\/\/www.youtube.com\/channel\/UCxwdyhNFV-rjanyqj7JIFow\"]},{\"@type\":\"Person\",\"@id\":\"https:\/\/nea.rs\/#\/schema\/person\/daf5180476fd224bc67bb42ea6d87925\",\"name\":\"admin\",\"image\":{\"@type\":\"ImageObject\",\"inLanguage\":\"sr-RS\",\"@id\":\"https:\/\/nea.rs\/#\/schema\/person\/image\/\",\"url\":\"https:\/\/secure.gravatar.com\/avatar\/208ddce103f55aec8415cbae6044df1aa912c6d56bb8e74d76628d5d221bad04?s=96&d=mm&r=g\",\"contentUrl\":\"https:\/\/secure.gravatar.com\/avatar\/208ddce103f55aec8415cbae6044df1aa912c6d56bb8e74d76628d5d221bad04?s=96&d=mm&r=g\",\"caption\":\"admin\"},\"sameAs\":[\"https:\/\/nea.rs\"],\"url\":\"https:\/\/nea.rs\/index.php\/author\/admin_5kpl02hl\/\"}]}<\/script>\n<!-- \/ Yoast SEO plugin. -->","yoast_head_json":{"title":"Saop\u0161tenje grupe ekolo\u0161kih organizacija vezano za problem sa intenzivnim zaga\u0111enjem \u017eivotne sredine i ugro\u017eavanja zdravlja na podru\u010dju sela Gornji Krnjin pored Leposavi\u0107a - Nacionalna ekolo\u0161ka asocijacija","robots":{"index":"index","follow":"follow","max-snippet":"max-snippet:-1","max-image-preview":"max-image-preview:large","max-video-preview":"max-video-preview:-1"},"canonical":"https:\/\/nea.rs\/index.php\/2021\/06\/30\/saopstenje-grupe-ekoloskih-organizacija-vezano-za-problem-sa-intenzivnim-zagadjenjem-zivotne-sredine-i-ugrozavanja-zdravlja-na-podrucju-sela-gornji-krnjin-pored-leposavica\/","og_locale":"sr_RS","og_type":"article","og_title":"Saop\u0161tenje grupe ekolo\u0161kih organizacija vezano za problem sa intenzivnim zaga\u0111enjem \u017eivotne sredine i ugro\u017eavanja zdravlja na podru\u010dju sela Gornji Krnjin pored Leposavi\u0107a - Nacionalna ekolo\u0161ka asocijacija","og_description":"U&nbsp;Leposavi\u0107u se pored flotacijskog postrojenja rudnika \u201eKopaonik\u201c Leposavi\u0107, koji posluje u okviru \u201eTrep\u010de\u201c nalaze i Flotacijsko jalovi\u0161te \u201eGornji Krnjin\u201c\u00a0koje je locirano je 900m\u00a0severno od flotacijskog&hellip;","og_url":"https:\/\/nea.rs\/index.php\/2021\/06\/30\/saopstenje-grupe-ekoloskih-organizacija-vezano-za-problem-sa-intenzivnim-zagadjenjem-zivotne-sredine-i-ugrozavanja-zdravlja-na-podrucju-sela-gornji-krnjin-pored-leposavica\/","og_site_name":"Nacionalna ekolo\u0161ka asocijacija","article_publisher":"https:\/\/www.facebook.com\/NEASrbija","article_published_time":"2021-06-30T09:28:53+00:00","article_modified_time":"2021-06-30T09:28:56+00:00","og_image":[{"url":"https:\/\/nea.rs\/wp-content\/uploads\/2021\/06\/viber_image_2021-06-30_11-12-31.jpg","type":"","width":"","height":""}],"author":"admin","twitter_card":"summary_large_image","twitter_creator":"@NEASrbija","twitter_site":"@NEASrbija","twitter_misc":{"Napisano od":"admin","Procenjeno vreme \u010ditanja":"3 minuta"},"schema":{"@context":"https:\/\/schema.org","@graph":[{"@type":"Article","@id":"https:\/\/nea.rs\/index.php\/2021\/06\/30\/saopstenje-grupe-ekoloskih-organizacija-vezano-za-problem-sa-intenzivnim-zagadjenjem-zivotne-sredine-i-ugrozavanja-zdravlja-na-podrucju-sela-gornji-krnjin-pored-leposavica\/#article","isPartOf":{"@id":"https:\/\/nea.rs\/index.php\/2021\/06\/30\/saopstenje-grupe-ekoloskih-organizacija-vezano-za-problem-sa-intenzivnim-zagadjenjem-zivotne-sredine-i-ugrozavanja-zdravlja-na-podrucju-sela-gornji-krnjin-pored-leposavica\/"},"author":{"name":"admin","@id":"https:\/\/nea.rs\/#\/schema\/person\/daf5180476fd224bc67bb42ea6d87925"},"headline":"Saop\u0161tenje grupe ekolo\u0161kih organizacija vezano za problem sa intenzivnim zaga\u0111enjem \u017eivotne sredine i ugro\u017eavanja zdravlja na podru\u010dju sela Gornji Krnjin pored Leposavi\u0107a","datePublished":"2021-06-30T09:28:53+00:00","dateModified":"2021-06-30T09:28:56+00:00","mainEntityOfPage":{"@id":"https:\/\/nea.rs\/index.php\/2021\/06\/30\/saopstenje-grupe-ekoloskih-organizacija-vezano-za-problem-sa-intenzivnim-zagadjenjem-zivotne-sredine-i-ugrozavanja-zdravlja-na-podrucju-sela-gornji-krnjin-pored-leposavica\/"},"wordCount":554,"publisher":{"@id":"https:\/\/nea.rs\/#organization"},"image":{"@id":"https:\/\/nea.rs\/index.php\/2021\/06\/30\/saopstenje-grupe-ekoloskih-organizacija-vezano-za-problem-sa-intenzivnim-zagadjenjem-zivotne-sredine-i-ugrozavanja-zdravlja-na-podrucju-sela-gornji-krnjin-pored-leposavica\/#primaryimage"},"thumbnailUrl":"https:\/\/nea.rs\/wp-content\/uploads\/2021\/06\/viber_image_2021-06-30_11-12-31.jpg","articleSection":["Saop\u0161tenja"],"inLanguage":"sr-RS"},{"@type":"WebPage","@id":"https:\/\/nea.rs\/index.php\/2021\/06\/30\/saopstenje-grupe-ekoloskih-organizacija-vezano-za-problem-sa-intenzivnim-zagadjenjem-zivotne-sredine-i-ugrozavanja-zdravlja-na-podrucju-sela-gornji-krnjin-pored-leposavica\/","url":"https:\/\/nea.rs\/index.php\/2021\/06\/30\/saopstenje-grupe-ekoloskih-organizacija-vezano-za-problem-sa-intenzivnim-zagadjenjem-zivotne-sredine-i-ugrozavanja-zdravlja-na-podrucju-sela-gornji-krnjin-pored-leposavica\/","name":"Saop\u0161tenje grupe ekolo\u0161kih organizacija vezano za problem sa intenzivnim zaga\u0111enjem \u017eivotne sredine i ugro\u017eavanja zdravlja na podru\u010dju sela Gornji Krnjin pored Leposavi\u0107a - Nacionalna ekolo\u0161ka asocijacija","isPartOf":{"@id":"https:\/\/nea.rs\/#website"},"primaryImageOfPage":{"@id":"https:\/\/nea.rs\/index.php\/2021\/06\/30\/saopstenje-grupe-ekoloskih-organizacija-vezano-za-problem-sa-intenzivnim-zagadjenjem-zivotne-sredine-i-ugrozavanja-zdravlja-na-podrucju-sela-gornji-krnjin-pored-leposavica\/#primaryimage"},"image":{"@id":"https:\/\/nea.rs\/index.php\/2021\/06\/30\/saopstenje-grupe-ekoloskih-organizacija-vezano-za-problem-sa-intenzivnim-zagadjenjem-zivotne-sredine-i-ugrozavanja-zdravlja-na-podrucju-sela-gornji-krnjin-pored-leposavica\/#primaryimage"},"thumbnailUrl":"https:\/\/nea.rs\/wp-content\/uploads\/2021\/06\/viber_image_2021-06-30_11-12-31.jpg","datePublished":"2021-06-30T09:28:53+00:00","dateModified":"2021-06-30T09:28:56+00:00","breadcrumb":{"@id":"https:\/\/nea.rs\/index.php\/2021\/06\/30\/saopstenje-grupe-ekoloskih-organizacija-vezano-za-problem-sa-intenzivnim-zagadjenjem-zivotne-sredine-i-ugrozavanja-zdravlja-na-podrucju-sela-gornji-krnjin-pored-leposavica\/#breadcrumb"},"inLanguage":"sr-RS","potentialAction":[{"@type":"ReadAction","target":["https:\/\/nea.rs\/index.php\/2021\/06\/30\/saopstenje-grupe-ekoloskih-organizacija-vezano-za-problem-sa-intenzivnim-zagadjenjem-zivotne-sredine-i-ugrozavanja-zdravlja-na-podrucju-sela-gornji-krnjin-pored-leposavica\/"]}]},{"@type":"ImageObject","inLanguage":"sr-RS","@id":"https:\/\/nea.rs\/index.php\/2021\/06\/30\/saopstenje-grupe-ekoloskih-organizacija-vezano-za-problem-sa-intenzivnim-zagadjenjem-zivotne-sredine-i-ugrozavanja-zdravlja-na-podrucju-sela-gornji-krnjin-pored-leposavica\/#primaryimage","url":"https:\/\/nea.rs\/wp-content\/uploads\/2021\/06\/viber_image_2021-06-30_11-12-31.jpg","contentUrl":"https:\/\/nea.rs\/wp-content\/uploads\/2021\/06\/viber_image_2021-06-30_11-12-31.jpg","width":733,"height":877},{"@type":"BreadcrumbList","@id":"https:\/\/nea.rs\/index.php\/2021\/06\/30\/saopstenje-grupe-ekoloskih-organizacija-vezano-za-problem-sa-intenzivnim-zagadjenjem-zivotne-sredine-i-ugrozavanja-zdravlja-na-podrucju-sela-gornji-krnjin-pored-leposavica\/#breadcrumb","itemListElement":[{"@type":"ListItem","position":1,"name":"Po\u010detna","item":"https:\/\/nea.rs\/"},{"@type":"ListItem","position":2,"name":"Saop\u0161tenje grupe ekolo\u0161kih organizacija vezano za problem sa intenzivnim zaga\u0111enjem \u017eivotne sredine i ugro\u017eavanja zdravlja na podru\u010dju sela Gornji Krnjin pored Leposavi\u0107a"}]},{"@type":"WebSite","@id":"https:\/\/nea.rs\/#website","url":"https:\/\/nea.rs\/","name":"Nacionalna ekolo\u0161ka asocijacija","description":"","publisher":{"@id":"https:\/\/nea.rs\/#organization"},"potentialAction":[{"@type":"SearchAction","target":{"@type":"EntryPoint","urlTemplate":"https:\/\/nea.rs\/?s={search_term_string}"},"query-input":{"@type":"PropertyValueSpecification","valueRequired":true,"valueName":"search_term_string"}}],"inLanguage":"sr-RS"},{"@type":"Organization","@id":"https:\/\/nea.rs\/#organization","name":"Nacionalna ekolo\u0161ka asocijacija","url":"https:\/\/nea.rs\/","logo":{"@type":"ImageObject","inLanguage":"sr-RS","@id":"https:\/\/nea.rs\/#\/schema\/logo\/image\/","url":"https:\/\/nea.rs\/wp-content\/uploads\/2021\/05\/cropped-logoNEA_crop_180_nowhite.jpg","contentUrl":"https:\/\/nea.rs\/wp-content\/uploads\/2021\/05\/cropped-logoNEA_crop_180_nowhite.jpg","width":276,"height":154,"caption":"Nacionalna ekolo\u0161ka asocijacija"},"image":{"@id":"https:\/\/nea.rs\/#\/schema\/logo\/image\/"},"sameAs":["https:\/\/www.facebook.com\/NEASrbija","https:\/\/x.com\/NEASrbija","https:\/\/www.instagram.com\/neasrbija\/","https:\/\/www.youtube.com\/channel\/UCxwdyhNFV-rjanyqj7JIFow"]},{"@type":"Person","@id":"https:\/\/nea.rs\/#\/schema\/person\/daf5180476fd224bc67bb42ea6d87925","name":"admin","image":{"@type":"ImageObject","inLanguage":"sr-RS","@id":"https:\/\/nea.rs\/#\/schema\/person\/image\/","url":"https:\/\/secure.gravatar.com\/avatar\/208ddce103f55aec8415cbae6044df1aa912c6d56bb8e74d76628d5d221bad04?s=96&d=mm&r=g","contentUrl":"https:\/\/secure.gravatar.com\/avatar\/208ddce103f55aec8415cbae6044df1aa912c6d56bb8e74d76628d5d221bad04?s=96&d=mm&r=g","caption":"admin"},"sameAs":["https:\/\/nea.rs"],"url":"https:\/\/nea.rs\/index.php\/author\/admin_5kpl02hl\/"}]}},"jetpack_sharing_enabled":true,"jetpack_featured_media_url":"","_links":{"self":[{"href":"https:\/\/nea.rs\/index.php\/wp-json\/wp\/v2\/posts\/599","targetHints":{"allow":["GET"]}}],"collection":[{"href":"https:\/\/nea.rs\/index.php\/wp-json\/wp\/v2\/posts"}],"about":[{"href":"https:\/\/nea.rs\/index.php\/wp-json\/wp\/v2\/types\/post"}],"author":[{"embeddable":true,"href":"https:\/\/nea.rs\/index.php\/wp-json\/wp\/v2\/users\/1"}],"replies":[{"embeddable":true,"href":"https:\/\/nea.rs\/index.php\/wp-json\/wp\/v2\/comments?post=599"}],"version-history":[{"count":2,"href":"https:\/\/nea.rs\/index.php\/wp-json\/wp\/v2\/posts\/599\/revisions"}],"predecessor-version":[{"id":603,"href":"https:\/\/nea.rs\/index.php\/wp-json\/wp\/v2\/posts\/599\/revisions\/603"}],"wp:attachment":[{"href":"https:\/\/nea.rs\/index.php\/wp-json\/wp\/v2\/media?parent=599"}],"wp:term":[{"taxonomy":"category","embeddable":true,"href":"https:\/\/nea.rs\/index.php\/wp-json\/wp\/v2\/categories?post=599"},{"taxonomy":"post_tag","embeddable":true,"href":"https:\/\/nea.rs\/index.php\/wp-json\/wp\/v2\/tags?post=599"}],"curies":[{"name":"wp","href":"https:\/\/api.w.org\/{rel}","templated":true}]}}