{"id":592,"date":"2021-06-29T17:38:30","date_gmt":"2021-06-29T17:38:30","guid":{"rendered":"https:\/\/nea.rs\/?p=592"},"modified":"2021-06-29T17:44:18","modified_gmt":"2021-06-29T17:44:18","slug":"rezultati-operativnog-monitoringa-povrsinskih-i-podzemnih-voda","status":"publish","type":"post","link":"https:\/\/nea.rs\/index.php\/2021\/06\/29\/rezultati-operativnog-monitoringa-povrsinskih-i-podzemnih-voda\/","title":{"rendered":"Rezultati operativnog monitoringa povr\u0161inskih i podzemnih voda"},"content":{"rendered":"\n<p>Na Dan Dunava, treba se podsetiti rezultata iz poslednjeg izve\u0161taja operativnog monitoringa povr\u0161inskih i podzemnih voda Republike Srbije, 2019. godine.<\/p>\n\n\n\n<p>Ovo je izve\u0161taj ra\u0111en za potrebe i finansiran od strane nadle\u017enog ministarstva.<\/p>\n\n\n\n<p>Da li ga je neko pro\u010ditao? Da li ste znali da&#8230;<\/p>\n\n\n\n<div class=\"wp-block-image\"><figure class=\"aligncenter size-large\"><img loading=\"lazy\" decoding=\"async\" width=\"577\" height=\"411\" src=\"https:\/\/nea.rs\/wp-content\/uploads\/2021\/06\/vodnatela.png\" alt=\"\" class=\"wp-image-595\"\/><figcaption>Ekolo\u0161ki status reka<\/figcaption><\/figure><\/div>\n\n\n\n<p>&#8230; odnosno&#8230;<\/p>\n\n\n\n<div class=\"wp-block-image\"><figure class=\"aligncenter size-large\"><img loading=\"lazy\" decoding=\"async\" width=\"692\" height=\"417\" src=\"https:\/\/nea.rs\/wp-content\/uploads\/2021\/06\/vodnatela2.png\" alt=\"\" class=\"wp-image-594\"\/><figcaption>Ekolo\u0161ki status ve\u0161ta\u010dkih vodnih tela<\/figcaption><\/figure><\/div>\n\n\n\n<p>Zanimljivo je i kako se u izve\u0161taju karakteri\u0161e status Dunava, na\u0161eg slavljenika i najve\u0107e pritoke Save:<\/p>\n\n\n\n<div class=\"wp-block-image\"><figure class=\"aligncenter size-large\"><img loading=\"lazy\" decoding=\"async\" width=\"1382\" height=\"757\" src=\"https:\/\/nea.rs\/wp-content\/uploads\/2021\/06\/vodnatela1.png\" alt=\"\" class=\"wp-image-593\" srcset=\"https:\/\/nea.rs\/wp-content\/uploads\/2021\/06\/vodnatela1.png 1382w, https:\/\/nea.rs\/wp-content\/uploads\/2021\/06\/vodnatela1-768x421.png 768w\" sizes=\"auto, (max-width: 1382px) 100vw, 1382px\" \/><figcaption>Karakteristike vodnih tela i ocena ekolo\u0161kog statusa prema nacionalnoj legislativi i kori\u0161\u0107enjem FIS indeksa<\/figcaption><\/figure><\/div>\n\n\n\n<p>Sre\u0107an nam Dan Dunava.<\/p>\n","protected":false},"excerpt":{"rendered":"<p>Na Dan Dunava, treba se podsetiti rezultata iz poslednjeg izve\u0161taja operativnog monitoringa povr\u0161inskih i podzemnih voda Republike Srbije, 2019. godine. Ovo je izve\u0161taj ra\u0111en za&hellip;<\/p>\n","protected":false},"author":1,"featured_media":0,"comment_status":"open","ping_status":"open","sticky":false,"template":"","format":"standard","meta":{"footnotes":""},"categories":[11],"tags":[],"class_list":["post-592","post","type-post","status-publish","format-standard","hentry","category-saopstenja"],"yoast_head":"<!-- This site is optimized with the Yoast SEO plugin v24.9 - https:\/\/yoast.com\/wordpress\/plugins\/seo\/ -->\n<title>Rezultati operativnog monitoringa povr\u0161inskih i podzemnih voda - Nacionalna ekolo\u0161ka asocijacija<\/title>\n<meta name=\"robots\" content=\"index, follow, max-snippet:-1, max-image-preview:large, max-video-preview:-1\" \/>\n<link rel=\"canonical\" href=\"https:\/\/nea.rs\/index.php\/2021\/06\/29\/rezultati-operativnog-monitoringa-povrsinskih-i-podzemnih-voda\/\" \/>\n<meta property=\"og:locale\" content=\"sr_RS\" \/>\n<meta property=\"og:type\" content=\"article\" \/>\n<meta property=\"og:title\" content=\"Rezultati operativnog monitoringa povr\u0161inskih i podzemnih voda - Nacionalna ekolo\u0161ka asocijacija\" \/>\n<meta property=\"og:description\" content=\"Na Dan Dunava, treba se podsetiti rezultata iz poslednjeg izve\u0161taja operativnog monitoringa povr\u0161inskih i podzemnih voda Republike Srbije, 2019. godine. Ovo je izve\u0161taj ra\u0111en za&hellip;\" \/>\n<meta property=\"og:url\" content=\"https:\/\/nea.rs\/index.php\/2021\/06\/29\/rezultati-operativnog-monitoringa-povrsinskih-i-podzemnih-voda\/\" \/>\n<meta property=\"og:site_name\" content=\"Nacionalna ekolo\u0161ka asocijacija\" \/>\n<meta property=\"article:publisher\" content=\"https:\/\/www.facebook.com\/NEASrbija\" \/>\n<meta property=\"article:published_time\" content=\"2021-06-29T17:38:30+00:00\" \/>\n<meta property=\"article:modified_time\" content=\"2021-06-29T17:44:18+00:00\" \/>\n<meta property=\"og:image\" content=\"https:\/\/nea.rs\/wp-content\/uploads\/2021\/06\/vodnatela.png\" \/>\n<meta name=\"author\" content=\"admin\" \/>\n<meta name=\"twitter:card\" content=\"summary_large_image\" \/>\n<meta name=\"twitter:creator\" content=\"@NEASrbija\" \/>\n<meta name=\"twitter:site\" content=\"@NEASrbija\" \/>\n<meta name=\"twitter:label1\" content=\"Napisano od\" \/>\n\t<meta name=\"twitter:data1\" content=\"admin\" \/>\n\t<meta name=\"twitter:label2\" content=\"Procenjeno vreme \u010ditanja\" \/>\n\t<meta name=\"twitter:data2\" content=\"1 minut\" \/>\n<script type=\"application\/ld+json\" class=\"yoast-schema-graph\">{\"@context\":\"https:\/\/schema.org\",\"@graph\":[{\"@type\":\"Article\",\"@id\":\"https:\/\/nea.rs\/index.php\/2021\/06\/29\/rezultati-operativnog-monitoringa-povrsinskih-i-podzemnih-voda\/#article\",\"isPartOf\":{\"@id\":\"https:\/\/nea.rs\/index.php\/2021\/06\/29\/rezultati-operativnog-monitoringa-povrsinskih-i-podzemnih-voda\/\"},\"author\":{\"name\":\"admin\",\"@id\":\"https:\/\/nea.rs\/#\/schema\/person\/daf5180476fd224bc67bb42ea6d87925\"},\"headline\":\"Rezultati operativnog monitoringa povr\u0161inskih i podzemnih voda\",\"datePublished\":\"2021-06-29T17:38:30+00:00\",\"dateModified\":\"2021-06-29T17:44:18+00:00\",\"mainEntityOfPage\":{\"@id\":\"https:\/\/nea.rs\/index.php\/2021\/06\/29\/rezultati-operativnog-monitoringa-povrsinskih-i-podzemnih-voda\/\"},\"wordCount\":110,\"commentCount\":0,\"publisher\":{\"@id\":\"https:\/\/nea.rs\/#organization\"},\"image\":{\"@id\":\"https:\/\/nea.rs\/index.php\/2021\/06\/29\/rezultati-operativnog-monitoringa-povrsinskih-i-podzemnih-voda\/#primaryimage\"},\"thumbnailUrl\":\"https:\/\/nea.rs\/wp-content\/uploads\/2021\/06\/vodnatela.png\",\"articleSection\":[\"Saop\u0161tenja\"],\"inLanguage\":\"sr-RS\",\"potentialAction\":[{\"@type\":\"CommentAction\",\"name\":\"Comment\",\"target\":[\"https:\/\/nea.rs\/index.php\/2021\/06\/29\/rezultati-operativnog-monitoringa-povrsinskih-i-podzemnih-voda\/#respond\"]}]},{\"@type\":\"WebPage\",\"@id\":\"https:\/\/nea.rs\/index.php\/2021\/06\/29\/rezultati-operativnog-monitoringa-povrsinskih-i-podzemnih-voda\/\",\"url\":\"https:\/\/nea.rs\/index.php\/2021\/06\/29\/rezultati-operativnog-monitoringa-povrsinskih-i-podzemnih-voda\/\",\"name\":\"Rezultati operativnog monitoringa povr\u0161inskih i podzemnih voda - Nacionalna ekolo\u0161ka asocijacija\",\"isPartOf\":{\"@id\":\"https:\/\/nea.rs\/#website\"},\"primaryImageOfPage\":{\"@id\":\"https:\/\/nea.rs\/index.php\/2021\/06\/29\/rezultati-operativnog-monitoringa-povrsinskih-i-podzemnih-voda\/#primaryimage\"},\"image\":{\"@id\":\"https:\/\/nea.rs\/index.php\/2021\/06\/29\/rezultati-operativnog-monitoringa-povrsinskih-i-podzemnih-voda\/#primaryimage\"},\"thumbnailUrl\":\"https:\/\/nea.rs\/wp-content\/uploads\/2021\/06\/vodnatela.png\",\"datePublished\":\"2021-06-29T17:38:30+00:00\",\"dateModified\":\"2021-06-29T17:44:18+00:00\",\"breadcrumb\":{\"@id\":\"https:\/\/nea.rs\/index.php\/2021\/06\/29\/rezultati-operativnog-monitoringa-povrsinskih-i-podzemnih-voda\/#breadcrumb\"},\"inLanguage\":\"sr-RS\",\"potentialAction\":[{\"@type\":\"ReadAction\",\"target\":[\"https:\/\/nea.rs\/index.php\/2021\/06\/29\/rezultati-operativnog-monitoringa-povrsinskih-i-podzemnih-voda\/\"]}]},{\"@type\":\"ImageObject\",\"inLanguage\":\"sr-RS\",\"@id\":\"https:\/\/nea.rs\/index.php\/2021\/06\/29\/rezultati-operativnog-monitoringa-povrsinskih-i-podzemnih-voda\/#primaryimage\",\"url\":\"https:\/\/nea.rs\/wp-content\/uploads\/2021\/06\/vodnatela.png\",\"contentUrl\":\"https:\/\/nea.rs\/wp-content\/uploads\/2021\/06\/vodnatela.png\",\"width\":577,\"height\":411},{\"@type\":\"BreadcrumbList\",\"@id\":\"https:\/\/nea.rs\/index.php\/2021\/06\/29\/rezultati-operativnog-monitoringa-povrsinskih-i-podzemnih-voda\/#breadcrumb\",\"itemListElement\":[{\"@type\":\"ListItem\",\"position\":1,\"name\":\"Po\u010detna\",\"item\":\"https:\/\/nea.rs\/\"},{\"@type\":\"ListItem\",\"position\":2,\"name\":\"Rezultati operativnog monitoringa povr\u0161inskih i podzemnih voda\"}]},{\"@type\":\"WebSite\",\"@id\":\"https:\/\/nea.rs\/#website\",\"url\":\"https:\/\/nea.rs\/\",\"name\":\"Nacionalna ekolo\u0161ka asocijacija\",\"description\":\"\",\"publisher\":{\"@id\":\"https:\/\/nea.rs\/#organization\"},\"potentialAction\":[{\"@type\":\"SearchAction\",\"target\":{\"@type\":\"EntryPoint\",\"urlTemplate\":\"https:\/\/nea.rs\/?s={search_term_string}\"},\"query-input\":{\"@type\":\"PropertyValueSpecification\",\"valueRequired\":true,\"valueName\":\"search_term_string\"}}],\"inLanguage\":\"sr-RS\"},{\"@type\":\"Organization\",\"@id\":\"https:\/\/nea.rs\/#organization\",\"name\":\"Nacionalna ekolo\u0161ka asocijacija\",\"url\":\"https:\/\/nea.rs\/\",\"logo\":{\"@type\":\"ImageObject\",\"inLanguage\":\"sr-RS\",\"@id\":\"https:\/\/nea.rs\/#\/schema\/logo\/image\/\",\"url\":\"https:\/\/nea.rs\/wp-content\/uploads\/2021\/05\/cropped-logoNEA_crop_180_nowhite.jpg\",\"contentUrl\":\"https:\/\/nea.rs\/wp-content\/uploads\/2021\/05\/cropped-logoNEA_crop_180_nowhite.jpg\",\"width\":276,\"height\":154,\"caption\":\"Nacionalna ekolo\u0161ka asocijacija\"},\"image\":{\"@id\":\"https:\/\/nea.rs\/#\/schema\/logo\/image\/\"},\"sameAs\":[\"https:\/\/www.facebook.com\/NEASrbija\",\"https:\/\/x.com\/NEASrbija\",\"https:\/\/www.instagram.com\/neasrbija\/\",\"https:\/\/www.youtube.com\/channel\/UCxwdyhNFV-rjanyqj7JIFow\"]},{\"@type\":\"Person\",\"@id\":\"https:\/\/nea.rs\/#\/schema\/person\/daf5180476fd224bc67bb42ea6d87925\",\"name\":\"admin\",\"image\":{\"@type\":\"ImageObject\",\"inLanguage\":\"sr-RS\",\"@id\":\"https:\/\/nea.rs\/#\/schema\/person\/image\/\",\"url\":\"https:\/\/secure.gravatar.com\/avatar\/208ddce103f55aec8415cbae6044df1aa912c6d56bb8e74d76628d5d221bad04?s=96&d=mm&r=g\",\"contentUrl\":\"https:\/\/secure.gravatar.com\/avatar\/208ddce103f55aec8415cbae6044df1aa912c6d56bb8e74d76628d5d221bad04?s=96&d=mm&r=g\",\"caption\":\"admin\"},\"sameAs\":[\"https:\/\/nea.rs\"],\"url\":\"https:\/\/nea.rs\/index.php\/author\/admin_5kpl02hl\/\"}]}<\/script>\n<!-- \/ Yoast SEO plugin. -->","yoast_head_json":{"title":"Rezultati operativnog monitoringa povr\u0161inskih i podzemnih voda - Nacionalna ekolo\u0161ka asocijacija","robots":{"index":"index","follow":"follow","max-snippet":"max-snippet:-1","max-image-preview":"max-image-preview:large","max-video-preview":"max-video-preview:-1"},"canonical":"https:\/\/nea.rs\/index.php\/2021\/06\/29\/rezultati-operativnog-monitoringa-povrsinskih-i-podzemnih-voda\/","og_locale":"sr_RS","og_type":"article","og_title":"Rezultati operativnog monitoringa povr\u0161inskih i podzemnih voda - Nacionalna ekolo\u0161ka asocijacija","og_description":"Na Dan Dunava, treba se podsetiti rezultata iz poslednjeg izve\u0161taja operativnog monitoringa povr\u0161inskih i podzemnih voda Republike Srbije, 2019. godine. Ovo je izve\u0161taj ra\u0111en za&hellip;","og_url":"https:\/\/nea.rs\/index.php\/2021\/06\/29\/rezultati-operativnog-monitoringa-povrsinskih-i-podzemnih-voda\/","og_site_name":"Nacionalna ekolo\u0161ka asocijacija","article_publisher":"https:\/\/www.facebook.com\/NEASrbija","article_published_time":"2021-06-29T17:38:30+00:00","article_modified_time":"2021-06-29T17:44:18+00:00","og_image":[{"url":"https:\/\/nea.rs\/wp-content\/uploads\/2021\/06\/vodnatela.png","type":"","width":"","height":""}],"author":"admin","twitter_card":"summary_large_image","twitter_creator":"@NEASrbija","twitter_site":"@NEASrbija","twitter_misc":{"Napisano od":"admin","Procenjeno vreme \u010ditanja":"1 minut"},"schema":{"@context":"https:\/\/schema.org","@graph":[{"@type":"Article","@id":"https:\/\/nea.rs\/index.php\/2021\/06\/29\/rezultati-operativnog-monitoringa-povrsinskih-i-podzemnih-voda\/#article","isPartOf":{"@id":"https:\/\/nea.rs\/index.php\/2021\/06\/29\/rezultati-operativnog-monitoringa-povrsinskih-i-podzemnih-voda\/"},"author":{"name":"admin","@id":"https:\/\/nea.rs\/#\/schema\/person\/daf5180476fd224bc67bb42ea6d87925"},"headline":"Rezultati operativnog monitoringa povr\u0161inskih i podzemnih voda","datePublished":"2021-06-29T17:38:30+00:00","dateModified":"2021-06-29T17:44:18+00:00","mainEntityOfPage":{"@id":"https:\/\/nea.rs\/index.php\/2021\/06\/29\/rezultati-operativnog-monitoringa-povrsinskih-i-podzemnih-voda\/"},"wordCount":110,"commentCount":0,"publisher":{"@id":"https:\/\/nea.rs\/#organization"},"image":{"@id":"https:\/\/nea.rs\/index.php\/2021\/06\/29\/rezultati-operativnog-monitoringa-povrsinskih-i-podzemnih-voda\/#primaryimage"},"thumbnailUrl":"https:\/\/nea.rs\/wp-content\/uploads\/2021\/06\/vodnatela.png","articleSection":["Saop\u0161tenja"],"inLanguage":"sr-RS","potentialAction":[{"@type":"CommentAction","name":"Comment","target":["https:\/\/nea.rs\/index.php\/2021\/06\/29\/rezultati-operativnog-monitoringa-povrsinskih-i-podzemnih-voda\/#respond"]}]},{"@type":"WebPage","@id":"https:\/\/nea.rs\/index.php\/2021\/06\/29\/rezultati-operativnog-monitoringa-povrsinskih-i-podzemnih-voda\/","url":"https:\/\/nea.rs\/index.php\/2021\/06\/29\/rezultati-operativnog-monitoringa-povrsinskih-i-podzemnih-voda\/","name":"Rezultati operativnog monitoringa povr\u0161inskih i podzemnih voda - Nacionalna ekolo\u0161ka asocijacija","isPartOf":{"@id":"https:\/\/nea.rs\/#website"},"primaryImageOfPage":{"@id":"https:\/\/nea.rs\/index.php\/2021\/06\/29\/rezultati-operativnog-monitoringa-povrsinskih-i-podzemnih-voda\/#primaryimage"},"image":{"@id":"https:\/\/nea.rs\/index.php\/2021\/06\/29\/rezultati-operativnog-monitoringa-povrsinskih-i-podzemnih-voda\/#primaryimage"},"thumbnailUrl":"https:\/\/nea.rs\/wp-content\/uploads\/2021\/06\/vodnatela.png","datePublished":"2021-06-29T17:38:30+00:00","dateModified":"2021-06-29T17:44:18+00:00","breadcrumb":{"@id":"https:\/\/nea.rs\/index.php\/2021\/06\/29\/rezultati-operativnog-monitoringa-povrsinskih-i-podzemnih-voda\/#breadcrumb"},"inLanguage":"sr-RS","potentialAction":[{"@type":"ReadAction","target":["https:\/\/nea.rs\/index.php\/2021\/06\/29\/rezultati-operativnog-monitoringa-povrsinskih-i-podzemnih-voda\/"]}]},{"@type":"ImageObject","inLanguage":"sr-RS","@id":"https:\/\/nea.rs\/index.php\/2021\/06\/29\/rezultati-operativnog-monitoringa-povrsinskih-i-podzemnih-voda\/#primaryimage","url":"https:\/\/nea.rs\/wp-content\/uploads\/2021\/06\/vodnatela.png","contentUrl":"https:\/\/nea.rs\/wp-content\/uploads\/2021\/06\/vodnatela.png","width":577,"height":411},{"@type":"BreadcrumbList","@id":"https:\/\/nea.rs\/index.php\/2021\/06\/29\/rezultati-operativnog-monitoringa-povrsinskih-i-podzemnih-voda\/#breadcrumb","itemListElement":[{"@type":"ListItem","position":1,"name":"Po\u010detna","item":"https:\/\/nea.rs\/"},{"@type":"ListItem","position":2,"name":"Rezultati operativnog monitoringa povr\u0161inskih i podzemnih voda"}]},{"@type":"WebSite","@id":"https:\/\/nea.rs\/#website","url":"https:\/\/nea.rs\/","name":"Nacionalna ekolo\u0161ka asocijacija","description":"","publisher":{"@id":"https:\/\/nea.rs\/#organization"},"potentialAction":[{"@type":"SearchAction","target":{"@type":"EntryPoint","urlTemplate":"https:\/\/nea.rs\/?s={search_term_string}"},"query-input":{"@type":"PropertyValueSpecification","valueRequired":true,"valueName":"search_term_string"}}],"inLanguage":"sr-RS"},{"@type":"Organization","@id":"https:\/\/nea.rs\/#organization","name":"Nacionalna ekolo\u0161ka asocijacija","url":"https:\/\/nea.rs\/","logo":{"@type":"ImageObject","inLanguage":"sr-RS","@id":"https:\/\/nea.rs\/#\/schema\/logo\/image\/","url":"https:\/\/nea.rs\/wp-content\/uploads\/2021\/05\/cropped-logoNEA_crop_180_nowhite.jpg","contentUrl":"https:\/\/nea.rs\/wp-content\/uploads\/2021\/05\/cropped-logoNEA_crop_180_nowhite.jpg","width":276,"height":154,"caption":"Nacionalna ekolo\u0161ka asocijacija"},"image":{"@id":"https:\/\/nea.rs\/#\/schema\/logo\/image\/"},"sameAs":["https:\/\/www.facebook.com\/NEASrbija","https:\/\/x.com\/NEASrbija","https:\/\/www.instagram.com\/neasrbija\/","https:\/\/www.youtube.com\/channel\/UCxwdyhNFV-rjanyqj7JIFow"]},{"@type":"Person","@id":"https:\/\/nea.rs\/#\/schema\/person\/daf5180476fd224bc67bb42ea6d87925","name":"admin","image":{"@type":"ImageObject","inLanguage":"sr-RS","@id":"https:\/\/nea.rs\/#\/schema\/person\/image\/","url":"https:\/\/secure.gravatar.com\/avatar\/208ddce103f55aec8415cbae6044df1aa912c6d56bb8e74d76628d5d221bad04?s=96&d=mm&r=g","contentUrl":"https:\/\/secure.gravatar.com\/avatar\/208ddce103f55aec8415cbae6044df1aa912c6d56bb8e74d76628d5d221bad04?s=96&d=mm&r=g","caption":"admin"},"sameAs":["https:\/\/nea.rs"],"url":"https:\/\/nea.rs\/index.php\/author\/admin_5kpl02hl\/"}]}},"jetpack_sharing_enabled":true,"jetpack_featured_media_url":"","_links":{"self":[{"href":"https:\/\/nea.rs\/index.php\/wp-json\/wp\/v2\/posts\/592","targetHints":{"allow":["GET"]}}],"collection":[{"href":"https:\/\/nea.rs\/index.php\/wp-json\/wp\/v2\/posts"}],"about":[{"href":"https:\/\/nea.rs\/index.php\/wp-json\/wp\/v2\/types\/post"}],"author":[{"embeddable":true,"href":"https:\/\/nea.rs\/index.php\/wp-json\/wp\/v2\/users\/1"}],"replies":[{"embeddable":true,"href":"https:\/\/nea.rs\/index.php\/wp-json\/wp\/v2\/comments?post=592"}],"version-history":[{"count":2,"href":"https:\/\/nea.rs\/index.php\/wp-json\/wp\/v2\/posts\/592\/revisions"}],"predecessor-version":[{"id":598,"href":"https:\/\/nea.rs\/index.php\/wp-json\/wp\/v2\/posts\/592\/revisions\/598"}],"wp:attachment":[{"href":"https:\/\/nea.rs\/index.php\/wp-json\/wp\/v2\/media?parent=592"}],"wp:term":[{"taxonomy":"category","embeddable":true,"href":"https:\/\/nea.rs\/index.php\/wp-json\/wp\/v2\/categories?post=592"},{"taxonomy":"post_tag","embeddable":true,"href":"https:\/\/nea.rs\/index.php\/wp-json\/wp\/v2\/tags?post=592"}],"curies":[{"name":"wp","href":"https:\/\/api.w.org\/{rel}","templated":true}]}}