{"id":584,"date":"2021-06-29T07:16:14","date_gmt":"2021-06-29T07:16:14","guid":{"rendered":"https:\/\/nea.rs\/?p=584"},"modified":"2021-06-29T07:21:06","modified_gmt":"2021-06-29T07:21:06","slug":"dan-dunava-2021","status":"publish","type":"post","link":"https:\/\/nea.rs\/index.php\/2021\/06\/29\/dan-dunava-2021\/","title":{"rendered":"Dan Dunava 2021."},"content":{"rendered":"\n<p>Danas je dan reke Dunav. Sliv Dunava je drugi po veli\u010dini u Evropi i obuhvata delove teritorija 14 dr\u017eava. Na povr\u0161ini od oko 817 hiljada kvadratnih kilometara \u017eivi i radi 83 miliona ljudi. Devedeset dva posto teritorije Republike Srbije pripada slivu Dunava, \u0161to zna\u010di da prakti\u010dno skoro sve otpadne vode koje nastanu na na\u0161oj teritoriji na kraju zavr\u0161e na izlaznom profilu ka Bugarskoj i Rumuniji.<\/p>\n\n\n\n<p>Kako se mi odnosimo prema ovoj reci najbolje ilustruju dva grafikona preuzeta sa portala Evropske agencije za \u017eivotnu sredinu.<\/p>\n\n\n\n<figure class=\"wp-block-image size-large\"><img loading=\"lazy\" decoding=\"async\" width=\"1626\" height=\"751\" src=\"https:\/\/nea.rs\/wp-content\/uploads\/2021\/06\/wastewater.png\" alt=\"\" class=\"wp-image-587\" srcset=\"https:\/\/nea.rs\/wp-content\/uploads\/2021\/06\/wastewater.png 1626w, https:\/\/nea.rs\/wp-content\/uploads\/2021\/06\/wastewater-768x355.png 768w, https:\/\/nea.rs\/wp-content\/uploads\/2021\/06\/wastewater-1536x709.png 1536w\" sizes=\"auto, (max-width: 1626px) 100vw, 1626px\" \/><figcaption>Pre\u010di\u0161\u0107avanje urbanih otpadnih voda u Evropi 2017.<\/figcaption><\/figure>\n\n\n\n<figure class=\"wp-block-image size-large\"><img loading=\"lazy\" decoding=\"async\" width=\"1177\" height=\"567\" src=\"https:\/\/nea.rs\/wp-content\/uploads\/2021\/06\/wastewater1.png\" alt=\"\" class=\"wp-image-586\" srcset=\"https:\/\/nea.rs\/wp-content\/uploads\/2021\/06\/wastewater1.png 1177w, https:\/\/nea.rs\/wp-content\/uploads\/2021\/06\/wastewater1-768x370.png 768w\" sizes=\"auto, (max-width: 1177px) 100vw, 1177px\" \/><figcaption>Tretman otpadnih voda iz &#8222;velikih gradova&#8220;<\/figcaption><\/figure>\n\n\n\n<p>Na prvom dijagramu, Srbija je prikazana na osmom mestu s desna. Narand\u017eastom bojom je dat udeo otpadnih voda koje se ispu\u0161taju bez pre\u010di\u0161\u0107avanja.<\/p>\n\n\n\n<p class=\"has-text-align-left\">Na drugom dijagramu prikazan je tretman otpadnih voda u gradovima Evrope sa preko 150 hiljada stanovnika. Beograd, Novi Sad, Ni\u0161 i Kragujevac su gradovi u Srbiji koji ispunjavaju ovaj uslov i nalaze se na slivu Dunava. Dva najve\u0107a, Beograd i Novi Sad koji su na samom Dunavu pre\u010di\u0161\u0107avaju <br><strong style=\"font-size:300%\">0%<\/strong> <br>svojih otpadnih voda.<\/p>\n\n\n\n<p>Sre\u0107an nam Dan Dunava.<\/p>\n\n\n\n<p><\/p>\n","protected":false},"excerpt":{"rendered":"<p>Danas je dan reke Dunav. Sliv Dunava je drugi po veli\u010dini u Evropi i obuhvata delove teritorija 14 dr\u017eava. Na povr\u0161ini od oko 817 hiljada&hellip;<\/p>\n","protected":false},"author":1,"featured_media":0,"comment_status":"open","ping_status":"open","sticky":false,"template":"","format":"standard","meta":{"footnotes":""},"categories":[11],"tags":[],"class_list":["post-584","post","type-post","status-publish","format-standard","hentry","category-saopstenja"],"yoast_head":"<!-- This site is optimized with the Yoast SEO plugin v24.9 - https:\/\/yoast.com\/wordpress\/plugins\/seo\/ -->\n<title>Dan Dunava 2021. - Nacionalna ekolo\u0161ka asocijacija<\/title>\n<meta name=\"robots\" content=\"index, follow, max-snippet:-1, max-image-preview:large, max-video-preview:-1\" \/>\n<link rel=\"canonical\" href=\"https:\/\/nea.rs\/index.php\/2021\/06\/29\/dan-dunava-2021\/\" \/>\n<meta property=\"og:locale\" content=\"sr_RS\" \/>\n<meta property=\"og:type\" content=\"article\" \/>\n<meta property=\"og:title\" content=\"Dan Dunava 2021. - Nacionalna ekolo\u0161ka asocijacija\" \/>\n<meta property=\"og:description\" content=\"Danas je dan reke Dunav. Sliv Dunava je drugi po veli\u010dini u Evropi i obuhvata delove teritorija 14 dr\u017eava. Na povr\u0161ini od oko 817 hiljada&hellip;\" \/>\n<meta property=\"og:url\" content=\"https:\/\/nea.rs\/index.php\/2021\/06\/29\/dan-dunava-2021\/\" \/>\n<meta property=\"og:site_name\" content=\"Nacionalna ekolo\u0161ka asocijacija\" \/>\n<meta property=\"article:publisher\" content=\"https:\/\/www.facebook.com\/NEASrbija\" \/>\n<meta property=\"article:published_time\" content=\"2021-06-29T07:16:14+00:00\" \/>\n<meta property=\"article:modified_time\" content=\"2021-06-29T07:21:06+00:00\" \/>\n<meta property=\"og:image\" content=\"https:\/\/nea.rs\/wp-content\/uploads\/2021\/06\/wastewater.png\" \/>\n<meta name=\"author\" content=\"admin\" \/>\n<meta name=\"twitter:card\" content=\"summary_large_image\" \/>\n<meta name=\"twitter:creator\" content=\"@NEASrbija\" \/>\n<meta name=\"twitter:site\" content=\"@NEASrbija\" \/>\n<meta name=\"twitter:label1\" content=\"Napisano od\" \/>\n\t<meta name=\"twitter:data1\" content=\"admin\" \/>\n\t<meta name=\"twitter:label2\" content=\"Procenjeno vreme \u010ditanja\" \/>\n\t<meta name=\"twitter:data2\" content=\"2 minuta\" \/>\n<script type=\"application\/ld+json\" class=\"yoast-schema-graph\">{\"@context\":\"https:\/\/schema.org\",\"@graph\":[{\"@type\":\"Article\",\"@id\":\"https:\/\/nea.rs\/index.php\/2021\/06\/29\/dan-dunava-2021\/#article\",\"isPartOf\":{\"@id\":\"https:\/\/nea.rs\/index.php\/2021\/06\/29\/dan-dunava-2021\/\"},\"author\":{\"name\":\"admin\",\"@id\":\"https:\/\/nea.rs\/#\/schema\/person\/daf5180476fd224bc67bb42ea6d87925\"},\"headline\":\"Dan Dunava 2021.\",\"datePublished\":\"2021-06-29T07:16:14+00:00\",\"dateModified\":\"2021-06-29T07:21:06+00:00\",\"mainEntityOfPage\":{\"@id\":\"https:\/\/nea.rs\/index.php\/2021\/06\/29\/dan-dunava-2021\/\"},\"wordCount\":189,\"commentCount\":0,\"publisher\":{\"@id\":\"https:\/\/nea.rs\/#organization\"},\"image\":{\"@id\":\"https:\/\/nea.rs\/index.php\/2021\/06\/29\/dan-dunava-2021\/#primaryimage\"},\"thumbnailUrl\":\"https:\/\/nea.rs\/wp-content\/uploads\/2021\/06\/wastewater.png\",\"articleSection\":[\"Saop\u0161tenja\"],\"inLanguage\":\"sr-RS\",\"potentialAction\":[{\"@type\":\"CommentAction\",\"name\":\"Comment\",\"target\":[\"https:\/\/nea.rs\/index.php\/2021\/06\/29\/dan-dunava-2021\/#respond\"]}]},{\"@type\":\"WebPage\",\"@id\":\"https:\/\/nea.rs\/index.php\/2021\/06\/29\/dan-dunava-2021\/\",\"url\":\"https:\/\/nea.rs\/index.php\/2021\/06\/29\/dan-dunava-2021\/\",\"name\":\"Dan Dunava 2021. - Nacionalna ekolo\u0161ka asocijacija\",\"isPartOf\":{\"@id\":\"https:\/\/nea.rs\/#website\"},\"primaryImageOfPage\":{\"@id\":\"https:\/\/nea.rs\/index.php\/2021\/06\/29\/dan-dunava-2021\/#primaryimage\"},\"image\":{\"@id\":\"https:\/\/nea.rs\/index.php\/2021\/06\/29\/dan-dunava-2021\/#primaryimage\"},\"thumbnailUrl\":\"https:\/\/nea.rs\/wp-content\/uploads\/2021\/06\/wastewater.png\",\"datePublished\":\"2021-06-29T07:16:14+00:00\",\"dateModified\":\"2021-06-29T07:21:06+00:00\",\"breadcrumb\":{\"@id\":\"https:\/\/nea.rs\/index.php\/2021\/06\/29\/dan-dunava-2021\/#breadcrumb\"},\"inLanguage\":\"sr-RS\",\"potentialAction\":[{\"@type\":\"ReadAction\",\"target\":[\"https:\/\/nea.rs\/index.php\/2021\/06\/29\/dan-dunava-2021\/\"]}]},{\"@type\":\"ImageObject\",\"inLanguage\":\"sr-RS\",\"@id\":\"https:\/\/nea.rs\/index.php\/2021\/06\/29\/dan-dunava-2021\/#primaryimage\",\"url\":\"https:\/\/nea.rs\/wp-content\/uploads\/2021\/06\/wastewater.png\",\"contentUrl\":\"https:\/\/nea.rs\/wp-content\/uploads\/2021\/06\/wastewater.png\",\"width\":1626,\"height\":751},{\"@type\":\"BreadcrumbList\",\"@id\":\"https:\/\/nea.rs\/index.php\/2021\/06\/29\/dan-dunava-2021\/#breadcrumb\",\"itemListElement\":[{\"@type\":\"ListItem\",\"position\":1,\"name\":\"Po\u010detna\",\"item\":\"https:\/\/nea.rs\/\"},{\"@type\":\"ListItem\",\"position\":2,\"name\":\"Dan Dunava 2021.\"}]},{\"@type\":\"WebSite\",\"@id\":\"https:\/\/nea.rs\/#website\",\"url\":\"https:\/\/nea.rs\/\",\"name\":\"Nacionalna ekolo\u0161ka asocijacija\",\"description\":\"\",\"publisher\":{\"@id\":\"https:\/\/nea.rs\/#organization\"},\"potentialAction\":[{\"@type\":\"SearchAction\",\"target\":{\"@type\":\"EntryPoint\",\"urlTemplate\":\"https:\/\/nea.rs\/?s={search_term_string}\"},\"query-input\":{\"@type\":\"PropertyValueSpecification\",\"valueRequired\":true,\"valueName\":\"search_term_string\"}}],\"inLanguage\":\"sr-RS\"},{\"@type\":\"Organization\",\"@id\":\"https:\/\/nea.rs\/#organization\",\"name\":\"Nacionalna ekolo\u0161ka asocijacija\",\"url\":\"https:\/\/nea.rs\/\",\"logo\":{\"@type\":\"ImageObject\",\"inLanguage\":\"sr-RS\",\"@id\":\"https:\/\/nea.rs\/#\/schema\/logo\/image\/\",\"url\":\"https:\/\/nea.rs\/wp-content\/uploads\/2021\/05\/cropped-logoNEA_crop_180_nowhite.jpg\",\"contentUrl\":\"https:\/\/nea.rs\/wp-content\/uploads\/2021\/05\/cropped-logoNEA_crop_180_nowhite.jpg\",\"width\":276,\"height\":154,\"caption\":\"Nacionalna ekolo\u0161ka asocijacija\"},\"image\":{\"@id\":\"https:\/\/nea.rs\/#\/schema\/logo\/image\/\"},\"sameAs\":[\"https:\/\/www.facebook.com\/NEASrbija\",\"https:\/\/x.com\/NEASrbija\",\"https:\/\/www.instagram.com\/neasrbija\/\",\"https:\/\/www.youtube.com\/channel\/UCxwdyhNFV-rjanyqj7JIFow\"]},{\"@type\":\"Person\",\"@id\":\"https:\/\/nea.rs\/#\/schema\/person\/daf5180476fd224bc67bb42ea6d87925\",\"name\":\"admin\",\"image\":{\"@type\":\"ImageObject\",\"inLanguage\":\"sr-RS\",\"@id\":\"https:\/\/nea.rs\/#\/schema\/person\/image\/\",\"url\":\"https:\/\/secure.gravatar.com\/avatar\/208ddce103f55aec8415cbae6044df1aa912c6d56bb8e74d76628d5d221bad04?s=96&d=mm&r=g\",\"contentUrl\":\"https:\/\/secure.gravatar.com\/avatar\/208ddce103f55aec8415cbae6044df1aa912c6d56bb8e74d76628d5d221bad04?s=96&d=mm&r=g\",\"caption\":\"admin\"},\"sameAs\":[\"https:\/\/nea.rs\"],\"url\":\"https:\/\/nea.rs\/index.php\/author\/admin_5kpl02hl\/\"}]}<\/script>\n<!-- \/ Yoast SEO plugin. -->","yoast_head_json":{"title":"Dan Dunava 2021. - Nacionalna ekolo\u0161ka asocijacija","robots":{"index":"index","follow":"follow","max-snippet":"max-snippet:-1","max-image-preview":"max-image-preview:large","max-video-preview":"max-video-preview:-1"},"canonical":"https:\/\/nea.rs\/index.php\/2021\/06\/29\/dan-dunava-2021\/","og_locale":"sr_RS","og_type":"article","og_title":"Dan Dunava 2021. - Nacionalna ekolo\u0161ka asocijacija","og_description":"Danas je dan reke Dunav. Sliv Dunava je drugi po veli\u010dini u Evropi i obuhvata delove teritorija 14 dr\u017eava. Na povr\u0161ini od oko 817 hiljada&hellip;","og_url":"https:\/\/nea.rs\/index.php\/2021\/06\/29\/dan-dunava-2021\/","og_site_name":"Nacionalna ekolo\u0161ka asocijacija","article_publisher":"https:\/\/www.facebook.com\/NEASrbija","article_published_time":"2021-06-29T07:16:14+00:00","article_modified_time":"2021-06-29T07:21:06+00:00","og_image":[{"url":"https:\/\/nea.rs\/wp-content\/uploads\/2021\/06\/wastewater.png","type":"","width":"","height":""}],"author":"admin","twitter_card":"summary_large_image","twitter_creator":"@NEASrbija","twitter_site":"@NEASrbija","twitter_misc":{"Napisano od":"admin","Procenjeno vreme \u010ditanja":"2 minuta"},"schema":{"@context":"https:\/\/schema.org","@graph":[{"@type":"Article","@id":"https:\/\/nea.rs\/index.php\/2021\/06\/29\/dan-dunava-2021\/#article","isPartOf":{"@id":"https:\/\/nea.rs\/index.php\/2021\/06\/29\/dan-dunava-2021\/"},"author":{"name":"admin","@id":"https:\/\/nea.rs\/#\/schema\/person\/daf5180476fd224bc67bb42ea6d87925"},"headline":"Dan Dunava 2021.","datePublished":"2021-06-29T07:16:14+00:00","dateModified":"2021-06-29T07:21:06+00:00","mainEntityOfPage":{"@id":"https:\/\/nea.rs\/index.php\/2021\/06\/29\/dan-dunava-2021\/"},"wordCount":189,"commentCount":0,"publisher":{"@id":"https:\/\/nea.rs\/#organization"},"image":{"@id":"https:\/\/nea.rs\/index.php\/2021\/06\/29\/dan-dunava-2021\/#primaryimage"},"thumbnailUrl":"https:\/\/nea.rs\/wp-content\/uploads\/2021\/06\/wastewater.png","articleSection":["Saop\u0161tenja"],"inLanguage":"sr-RS","potentialAction":[{"@type":"CommentAction","name":"Comment","target":["https:\/\/nea.rs\/index.php\/2021\/06\/29\/dan-dunava-2021\/#respond"]}]},{"@type":"WebPage","@id":"https:\/\/nea.rs\/index.php\/2021\/06\/29\/dan-dunava-2021\/","url":"https:\/\/nea.rs\/index.php\/2021\/06\/29\/dan-dunava-2021\/","name":"Dan Dunava 2021. - Nacionalna ekolo\u0161ka asocijacija","isPartOf":{"@id":"https:\/\/nea.rs\/#website"},"primaryImageOfPage":{"@id":"https:\/\/nea.rs\/index.php\/2021\/06\/29\/dan-dunava-2021\/#primaryimage"},"image":{"@id":"https:\/\/nea.rs\/index.php\/2021\/06\/29\/dan-dunava-2021\/#primaryimage"},"thumbnailUrl":"https:\/\/nea.rs\/wp-content\/uploads\/2021\/06\/wastewater.png","datePublished":"2021-06-29T07:16:14+00:00","dateModified":"2021-06-29T07:21:06+00:00","breadcrumb":{"@id":"https:\/\/nea.rs\/index.php\/2021\/06\/29\/dan-dunava-2021\/#breadcrumb"},"inLanguage":"sr-RS","potentialAction":[{"@type":"ReadAction","target":["https:\/\/nea.rs\/index.php\/2021\/06\/29\/dan-dunava-2021\/"]}]},{"@type":"ImageObject","inLanguage":"sr-RS","@id":"https:\/\/nea.rs\/index.php\/2021\/06\/29\/dan-dunava-2021\/#primaryimage","url":"https:\/\/nea.rs\/wp-content\/uploads\/2021\/06\/wastewater.png","contentUrl":"https:\/\/nea.rs\/wp-content\/uploads\/2021\/06\/wastewater.png","width":1626,"height":751},{"@type":"BreadcrumbList","@id":"https:\/\/nea.rs\/index.php\/2021\/06\/29\/dan-dunava-2021\/#breadcrumb","itemListElement":[{"@type":"ListItem","position":1,"name":"Po\u010detna","item":"https:\/\/nea.rs\/"},{"@type":"ListItem","position":2,"name":"Dan Dunava 2021."}]},{"@type":"WebSite","@id":"https:\/\/nea.rs\/#website","url":"https:\/\/nea.rs\/","name":"Nacionalna ekolo\u0161ka asocijacija","description":"","publisher":{"@id":"https:\/\/nea.rs\/#organization"},"potentialAction":[{"@type":"SearchAction","target":{"@type":"EntryPoint","urlTemplate":"https:\/\/nea.rs\/?s={search_term_string}"},"query-input":{"@type":"PropertyValueSpecification","valueRequired":true,"valueName":"search_term_string"}}],"inLanguage":"sr-RS"},{"@type":"Organization","@id":"https:\/\/nea.rs\/#organization","name":"Nacionalna ekolo\u0161ka asocijacija","url":"https:\/\/nea.rs\/","logo":{"@type":"ImageObject","inLanguage":"sr-RS","@id":"https:\/\/nea.rs\/#\/schema\/logo\/image\/","url":"https:\/\/nea.rs\/wp-content\/uploads\/2021\/05\/cropped-logoNEA_crop_180_nowhite.jpg","contentUrl":"https:\/\/nea.rs\/wp-content\/uploads\/2021\/05\/cropped-logoNEA_crop_180_nowhite.jpg","width":276,"height":154,"caption":"Nacionalna ekolo\u0161ka asocijacija"},"image":{"@id":"https:\/\/nea.rs\/#\/schema\/logo\/image\/"},"sameAs":["https:\/\/www.facebook.com\/NEASrbija","https:\/\/x.com\/NEASrbija","https:\/\/www.instagram.com\/neasrbija\/","https:\/\/www.youtube.com\/channel\/UCxwdyhNFV-rjanyqj7JIFow"]},{"@type":"Person","@id":"https:\/\/nea.rs\/#\/schema\/person\/daf5180476fd224bc67bb42ea6d87925","name":"admin","image":{"@type":"ImageObject","inLanguage":"sr-RS","@id":"https:\/\/nea.rs\/#\/schema\/person\/image\/","url":"https:\/\/secure.gravatar.com\/avatar\/208ddce103f55aec8415cbae6044df1aa912c6d56bb8e74d76628d5d221bad04?s=96&d=mm&r=g","contentUrl":"https:\/\/secure.gravatar.com\/avatar\/208ddce103f55aec8415cbae6044df1aa912c6d56bb8e74d76628d5d221bad04?s=96&d=mm&r=g","caption":"admin"},"sameAs":["https:\/\/nea.rs"],"url":"https:\/\/nea.rs\/index.php\/author\/admin_5kpl02hl\/"}]}},"jetpack_sharing_enabled":true,"jetpack_featured_media_url":"","_links":{"self":[{"href":"https:\/\/nea.rs\/index.php\/wp-json\/wp\/v2\/posts\/584","targetHints":{"allow":["GET"]}}],"collection":[{"href":"https:\/\/nea.rs\/index.php\/wp-json\/wp\/v2\/posts"}],"about":[{"href":"https:\/\/nea.rs\/index.php\/wp-json\/wp\/v2\/types\/post"}],"author":[{"embeddable":true,"href":"https:\/\/nea.rs\/index.php\/wp-json\/wp\/v2\/users\/1"}],"replies":[{"embeddable":true,"href":"https:\/\/nea.rs\/index.php\/wp-json\/wp\/v2\/comments?post=584"}],"version-history":[{"count":4,"href":"https:\/\/nea.rs\/index.php\/wp-json\/wp\/v2\/posts\/584\/revisions"}],"predecessor-version":[{"id":591,"href":"https:\/\/nea.rs\/index.php\/wp-json\/wp\/v2\/posts\/584\/revisions\/591"}],"wp:attachment":[{"href":"https:\/\/nea.rs\/index.php\/wp-json\/wp\/v2\/media?parent=584"}],"wp:term":[{"taxonomy":"category","embeddable":true,"href":"https:\/\/nea.rs\/index.php\/wp-json\/wp\/v2\/categories?post=584"},{"taxonomy":"post_tag","embeddable":true,"href":"https:\/\/nea.rs\/index.php\/wp-json\/wp\/v2\/tags?post=584"}],"curies":[{"name":"wp","href":"https:\/\/api.w.org\/{rel}","templated":true}]}}