{"id":527,"date":"2021-06-22T21:41:15","date_gmt":"2021-06-22T21:41:15","guid":{"rendered":"https:\/\/nea.rs\/?p=527"},"modified":"2021-06-22T21:41:18","modified_gmt":"2021-06-22T21:41:18","slug":"pesak-iz-sahare-uslovio-kvalitet-vazduha-kao-da-je-zima","status":"publish","type":"post","link":"https:\/\/nea.rs\/index.php\/2021\/06\/22\/pesak-iz-sahare-uslovio-kvalitet-vazduha-kao-da-je-zima\/","title":{"rendered":"Pesak iz Sahare uslovio kvalitet vazduha kao da je zima"},"content":{"rendered":"\n<p><strong>Ve\u0107 drugi dan, prvenstveno u zapadnim i ju\u017enim oblastima Srbije je do\u0161lo do pove\u0107anja koncentracija suspendovanih \u010destica. Razlog je transport saharskog peska i njegovo &#8222;prizemljenje&#8220; u sklopu anticiklona koji dominira na Sredizemljem i Balkanom.\u00a0 Ova retka situacija\u00a0 u ovom periodu godine,pored tropskih temperatura vazduha uslovila je koncentracije suspendovanih \u010destica uobi\u010dajene za zimske mesece.\u00a0<\/strong><br><br>Ogromne koli\u010dine peska\u00a0 iz pustinjskih oblasti Severne Afrike su transportovane na velikim visinama i deponovane u ni\u017ee slojeve atmosfere zbog silaznih vazdu\u0161nih struja u prostranom\u00a0 anticiklonu. Uticaj saobra\u0107aja, industrije i poljoprivrede na kvalitet vazduha u toku leta se umanjuje zbog termi\u010dkih uskova u atmosferi i odnosa temeprature zemlje i vazduha. U ovom slu\u010daju, uobi\u010dajeni meterolo\u0161ki procesi su doprineli pove\u0107anju aerozaga\u0111enjia tako \u0161to su uzrokovali pomenuto pove\u0107anje koncentracija, \u0161to se vidi i goli okom kao &#8222;zamu\u0107enost&#8220;\u00a0 prizemnog sloja atmosfere. Prognoze su da \u0107e se ovakva situacija zadr\u017eati i narednih dana uz pove\u0107anje koncentracije PM \u010destica u celoj zemlji. U subotu se o\u010dekuje smanjenje, a u nedelju i prestanak ovog uticaja na kvalitet vazduha u svim predelima.\u00a0\u00a0<\/p>\n","protected":false},"excerpt":{"rendered":"<p>Ve\u0107 drugi dan, prvenstveno u zapadnim i ju\u017enim oblastima Srbije je do\u0161lo do pove\u0107anja koncentracija suspendovanih \u010destica. Razlog je transport saharskog peska i njegovo &#8222;prizemljenje&#8220;&hellip;<\/p>\n","protected":false},"author":1,"featured_media":0,"comment_status":"closed","ping_status":"open","sticky":false,"template":"","format":"standard","meta":{"footnotes":""},"categories":[11],"tags":[],"class_list":["post-527","post","type-post","status-publish","format-standard","hentry","category-saopstenja"],"yoast_head":"<!-- This site is optimized with the Yoast SEO plugin v24.9 - https:\/\/yoast.com\/wordpress\/plugins\/seo\/ -->\n<title>Pesak iz Sahare uslovio kvalitet vazduha kao da je zima - Nacionalna ekolo\u0161ka asocijacija<\/title>\n<meta name=\"robots\" content=\"index, follow, max-snippet:-1, max-image-preview:large, max-video-preview:-1\" \/>\n<link rel=\"canonical\" href=\"https:\/\/nea.rs\/index.php\/2021\/06\/22\/pesak-iz-sahare-uslovio-kvalitet-vazduha-kao-da-je-zima\/\" \/>\n<meta property=\"og:locale\" content=\"sr_RS\" \/>\n<meta property=\"og:type\" content=\"article\" \/>\n<meta property=\"og:title\" content=\"Pesak iz Sahare uslovio kvalitet vazduha kao da je zima - Nacionalna ekolo\u0161ka asocijacija\" \/>\n<meta property=\"og:description\" content=\"Ve\u0107 drugi dan, prvenstveno u zapadnim i ju\u017enim oblastima Srbije je do\u0161lo do pove\u0107anja koncentracija suspendovanih \u010destica. Razlog je transport saharskog peska i njegovo &#8222;prizemljenje&#8220;&hellip;\" \/>\n<meta property=\"og:url\" content=\"https:\/\/nea.rs\/index.php\/2021\/06\/22\/pesak-iz-sahare-uslovio-kvalitet-vazduha-kao-da-je-zima\/\" \/>\n<meta property=\"og:site_name\" content=\"Nacionalna ekolo\u0161ka asocijacija\" \/>\n<meta property=\"article:publisher\" content=\"https:\/\/www.facebook.com\/NEASrbija\" \/>\n<meta property=\"article:published_time\" content=\"2021-06-22T21:41:15+00:00\" \/>\n<meta property=\"article:modified_time\" content=\"2021-06-22T21:41:18+00:00\" \/>\n<meta name=\"author\" content=\"admin\" \/>\n<meta name=\"twitter:card\" content=\"summary_large_image\" \/>\n<meta name=\"twitter:creator\" content=\"@NEASrbija\" \/>\n<meta name=\"twitter:site\" content=\"@NEASrbija\" \/>\n<meta name=\"twitter:label1\" content=\"Napisano od\" \/>\n\t<meta name=\"twitter:data1\" content=\"admin\" \/>\n\t<meta name=\"twitter:label2\" content=\"Procenjeno vreme \u010ditanja\" \/>\n\t<meta name=\"twitter:data2\" content=\"1 minut\" \/>\n<script type=\"application\/ld+json\" class=\"yoast-schema-graph\">{\"@context\":\"https:\/\/schema.org\",\"@graph\":[{\"@type\":\"Article\",\"@id\":\"https:\/\/nea.rs\/index.php\/2021\/06\/22\/pesak-iz-sahare-uslovio-kvalitet-vazduha-kao-da-je-zima\/#article\",\"isPartOf\":{\"@id\":\"https:\/\/nea.rs\/index.php\/2021\/06\/22\/pesak-iz-sahare-uslovio-kvalitet-vazduha-kao-da-je-zima\/\"},\"author\":{\"name\":\"admin\",\"@id\":\"https:\/\/nea.rs\/#\/schema\/person\/daf5180476fd224bc67bb42ea6d87925\"},\"headline\":\"Pesak iz Sahare uslovio kvalitet vazduha kao da je zima\",\"datePublished\":\"2021-06-22T21:41:15+00:00\",\"dateModified\":\"2021-06-22T21:41:18+00:00\",\"mainEntityOfPage\":{\"@id\":\"https:\/\/nea.rs\/index.php\/2021\/06\/22\/pesak-iz-sahare-uslovio-kvalitet-vazduha-kao-da-je-zima\/\"},\"wordCount\":198,\"publisher\":{\"@id\":\"https:\/\/nea.rs\/#organization\"},\"articleSection\":[\"Saop\u0161tenja\"],\"inLanguage\":\"sr-RS\"},{\"@type\":\"WebPage\",\"@id\":\"https:\/\/nea.rs\/index.php\/2021\/06\/22\/pesak-iz-sahare-uslovio-kvalitet-vazduha-kao-da-je-zima\/\",\"url\":\"https:\/\/nea.rs\/index.php\/2021\/06\/22\/pesak-iz-sahare-uslovio-kvalitet-vazduha-kao-da-je-zima\/\",\"name\":\"Pesak iz Sahare uslovio kvalitet vazduha kao da je zima - Nacionalna ekolo\u0161ka asocijacija\",\"isPartOf\":{\"@id\":\"https:\/\/nea.rs\/#website\"},\"datePublished\":\"2021-06-22T21:41:15+00:00\",\"dateModified\":\"2021-06-22T21:41:18+00:00\",\"breadcrumb\":{\"@id\":\"https:\/\/nea.rs\/index.php\/2021\/06\/22\/pesak-iz-sahare-uslovio-kvalitet-vazduha-kao-da-je-zima\/#breadcrumb\"},\"inLanguage\":\"sr-RS\",\"potentialAction\":[{\"@type\":\"ReadAction\",\"target\":[\"https:\/\/nea.rs\/index.php\/2021\/06\/22\/pesak-iz-sahare-uslovio-kvalitet-vazduha-kao-da-je-zima\/\"]}]},{\"@type\":\"BreadcrumbList\",\"@id\":\"https:\/\/nea.rs\/index.php\/2021\/06\/22\/pesak-iz-sahare-uslovio-kvalitet-vazduha-kao-da-je-zima\/#breadcrumb\",\"itemListElement\":[{\"@type\":\"ListItem\",\"position\":1,\"name\":\"Po\u010detna\",\"item\":\"https:\/\/nea.rs\/\"},{\"@type\":\"ListItem\",\"position\":2,\"name\":\"Pesak iz Sahare uslovio kvalitet vazduha kao da je zima\"}]},{\"@type\":\"WebSite\",\"@id\":\"https:\/\/nea.rs\/#website\",\"url\":\"https:\/\/nea.rs\/\",\"name\":\"Nacionalna ekolo\u0161ka asocijacija\",\"description\":\"\",\"publisher\":{\"@id\":\"https:\/\/nea.rs\/#organization\"},\"potentialAction\":[{\"@type\":\"SearchAction\",\"target\":{\"@type\":\"EntryPoint\",\"urlTemplate\":\"https:\/\/nea.rs\/?s={search_term_string}\"},\"query-input\":{\"@type\":\"PropertyValueSpecification\",\"valueRequired\":true,\"valueName\":\"search_term_string\"}}],\"inLanguage\":\"sr-RS\"},{\"@type\":\"Organization\",\"@id\":\"https:\/\/nea.rs\/#organization\",\"name\":\"Nacionalna ekolo\u0161ka asocijacija\",\"url\":\"https:\/\/nea.rs\/\",\"logo\":{\"@type\":\"ImageObject\",\"inLanguage\":\"sr-RS\",\"@id\":\"https:\/\/nea.rs\/#\/schema\/logo\/image\/\",\"url\":\"https:\/\/nea.rs\/wp-content\/uploads\/2021\/05\/cropped-logoNEA_crop_180_nowhite.jpg\",\"contentUrl\":\"https:\/\/nea.rs\/wp-content\/uploads\/2021\/05\/cropped-logoNEA_crop_180_nowhite.jpg\",\"width\":276,\"height\":154,\"caption\":\"Nacionalna ekolo\u0161ka asocijacija\"},\"image\":{\"@id\":\"https:\/\/nea.rs\/#\/schema\/logo\/image\/\"},\"sameAs\":[\"https:\/\/www.facebook.com\/NEASrbija\",\"https:\/\/x.com\/NEASrbija\",\"https:\/\/www.instagram.com\/neasrbija\/\",\"https:\/\/www.youtube.com\/channel\/UCxwdyhNFV-rjanyqj7JIFow\"]},{\"@type\":\"Person\",\"@id\":\"https:\/\/nea.rs\/#\/schema\/person\/daf5180476fd224bc67bb42ea6d87925\",\"name\":\"admin\",\"image\":{\"@type\":\"ImageObject\",\"inLanguage\":\"sr-RS\",\"@id\":\"https:\/\/nea.rs\/#\/schema\/person\/image\/\",\"url\":\"https:\/\/secure.gravatar.com\/avatar\/208ddce103f55aec8415cbae6044df1aa912c6d56bb8e74d76628d5d221bad04?s=96&d=mm&r=g\",\"contentUrl\":\"https:\/\/secure.gravatar.com\/avatar\/208ddce103f55aec8415cbae6044df1aa912c6d56bb8e74d76628d5d221bad04?s=96&d=mm&r=g\",\"caption\":\"admin\"},\"sameAs\":[\"https:\/\/nea.rs\"],\"url\":\"https:\/\/nea.rs\/index.php\/author\/admin_5kpl02hl\/\"}]}<\/script>\n<!-- \/ Yoast SEO plugin. -->","yoast_head_json":{"title":"Pesak iz Sahare uslovio kvalitet vazduha kao da je zima - Nacionalna ekolo\u0161ka asocijacija","robots":{"index":"index","follow":"follow","max-snippet":"max-snippet:-1","max-image-preview":"max-image-preview:large","max-video-preview":"max-video-preview:-1"},"canonical":"https:\/\/nea.rs\/index.php\/2021\/06\/22\/pesak-iz-sahare-uslovio-kvalitet-vazduha-kao-da-je-zima\/","og_locale":"sr_RS","og_type":"article","og_title":"Pesak iz Sahare uslovio kvalitet vazduha kao da je zima - Nacionalna ekolo\u0161ka asocijacija","og_description":"Ve\u0107 drugi dan, prvenstveno u zapadnim i ju\u017enim oblastima Srbije je do\u0161lo do pove\u0107anja koncentracija suspendovanih \u010destica. Razlog je transport saharskog peska i njegovo &#8222;prizemljenje&#8220;&hellip;","og_url":"https:\/\/nea.rs\/index.php\/2021\/06\/22\/pesak-iz-sahare-uslovio-kvalitet-vazduha-kao-da-je-zima\/","og_site_name":"Nacionalna ekolo\u0161ka asocijacija","article_publisher":"https:\/\/www.facebook.com\/NEASrbija","article_published_time":"2021-06-22T21:41:15+00:00","article_modified_time":"2021-06-22T21:41:18+00:00","author":"admin","twitter_card":"summary_large_image","twitter_creator":"@NEASrbija","twitter_site":"@NEASrbija","twitter_misc":{"Napisano od":"admin","Procenjeno vreme \u010ditanja":"1 minut"},"schema":{"@context":"https:\/\/schema.org","@graph":[{"@type":"Article","@id":"https:\/\/nea.rs\/index.php\/2021\/06\/22\/pesak-iz-sahare-uslovio-kvalitet-vazduha-kao-da-je-zima\/#article","isPartOf":{"@id":"https:\/\/nea.rs\/index.php\/2021\/06\/22\/pesak-iz-sahare-uslovio-kvalitet-vazduha-kao-da-je-zima\/"},"author":{"name":"admin","@id":"https:\/\/nea.rs\/#\/schema\/person\/daf5180476fd224bc67bb42ea6d87925"},"headline":"Pesak iz Sahare uslovio kvalitet vazduha kao da je zima","datePublished":"2021-06-22T21:41:15+00:00","dateModified":"2021-06-22T21:41:18+00:00","mainEntityOfPage":{"@id":"https:\/\/nea.rs\/index.php\/2021\/06\/22\/pesak-iz-sahare-uslovio-kvalitet-vazduha-kao-da-je-zima\/"},"wordCount":198,"publisher":{"@id":"https:\/\/nea.rs\/#organization"},"articleSection":["Saop\u0161tenja"],"inLanguage":"sr-RS"},{"@type":"WebPage","@id":"https:\/\/nea.rs\/index.php\/2021\/06\/22\/pesak-iz-sahare-uslovio-kvalitet-vazduha-kao-da-je-zima\/","url":"https:\/\/nea.rs\/index.php\/2021\/06\/22\/pesak-iz-sahare-uslovio-kvalitet-vazduha-kao-da-je-zima\/","name":"Pesak iz Sahare uslovio kvalitet vazduha kao da je zima - Nacionalna ekolo\u0161ka asocijacija","isPartOf":{"@id":"https:\/\/nea.rs\/#website"},"datePublished":"2021-06-22T21:41:15+00:00","dateModified":"2021-06-22T21:41:18+00:00","breadcrumb":{"@id":"https:\/\/nea.rs\/index.php\/2021\/06\/22\/pesak-iz-sahare-uslovio-kvalitet-vazduha-kao-da-je-zima\/#breadcrumb"},"inLanguage":"sr-RS","potentialAction":[{"@type":"ReadAction","target":["https:\/\/nea.rs\/index.php\/2021\/06\/22\/pesak-iz-sahare-uslovio-kvalitet-vazduha-kao-da-je-zima\/"]}]},{"@type":"BreadcrumbList","@id":"https:\/\/nea.rs\/index.php\/2021\/06\/22\/pesak-iz-sahare-uslovio-kvalitet-vazduha-kao-da-je-zima\/#breadcrumb","itemListElement":[{"@type":"ListItem","position":1,"name":"Po\u010detna","item":"https:\/\/nea.rs\/"},{"@type":"ListItem","position":2,"name":"Pesak iz Sahare uslovio kvalitet vazduha kao da je zima"}]},{"@type":"WebSite","@id":"https:\/\/nea.rs\/#website","url":"https:\/\/nea.rs\/","name":"Nacionalna ekolo\u0161ka asocijacija","description":"","publisher":{"@id":"https:\/\/nea.rs\/#organization"},"potentialAction":[{"@type":"SearchAction","target":{"@type":"EntryPoint","urlTemplate":"https:\/\/nea.rs\/?s={search_term_string}"},"query-input":{"@type":"PropertyValueSpecification","valueRequired":true,"valueName":"search_term_string"}}],"inLanguage":"sr-RS"},{"@type":"Organization","@id":"https:\/\/nea.rs\/#organization","name":"Nacionalna ekolo\u0161ka asocijacija","url":"https:\/\/nea.rs\/","logo":{"@type":"ImageObject","inLanguage":"sr-RS","@id":"https:\/\/nea.rs\/#\/schema\/logo\/image\/","url":"https:\/\/nea.rs\/wp-content\/uploads\/2021\/05\/cropped-logoNEA_crop_180_nowhite.jpg","contentUrl":"https:\/\/nea.rs\/wp-content\/uploads\/2021\/05\/cropped-logoNEA_crop_180_nowhite.jpg","width":276,"height":154,"caption":"Nacionalna ekolo\u0161ka asocijacija"},"image":{"@id":"https:\/\/nea.rs\/#\/schema\/logo\/image\/"},"sameAs":["https:\/\/www.facebook.com\/NEASrbija","https:\/\/x.com\/NEASrbija","https:\/\/www.instagram.com\/neasrbija\/","https:\/\/www.youtube.com\/channel\/UCxwdyhNFV-rjanyqj7JIFow"]},{"@type":"Person","@id":"https:\/\/nea.rs\/#\/schema\/person\/daf5180476fd224bc67bb42ea6d87925","name":"admin","image":{"@type":"ImageObject","inLanguage":"sr-RS","@id":"https:\/\/nea.rs\/#\/schema\/person\/image\/","url":"https:\/\/secure.gravatar.com\/avatar\/208ddce103f55aec8415cbae6044df1aa912c6d56bb8e74d76628d5d221bad04?s=96&d=mm&r=g","contentUrl":"https:\/\/secure.gravatar.com\/avatar\/208ddce103f55aec8415cbae6044df1aa912c6d56bb8e74d76628d5d221bad04?s=96&d=mm&r=g","caption":"admin"},"sameAs":["https:\/\/nea.rs"],"url":"https:\/\/nea.rs\/index.php\/author\/admin_5kpl02hl\/"}]}},"jetpack_sharing_enabled":true,"jetpack_featured_media_url":"","_links":{"self":[{"href":"https:\/\/nea.rs\/index.php\/wp-json\/wp\/v2\/posts\/527","targetHints":{"allow":["GET"]}}],"collection":[{"href":"https:\/\/nea.rs\/index.php\/wp-json\/wp\/v2\/posts"}],"about":[{"href":"https:\/\/nea.rs\/index.php\/wp-json\/wp\/v2\/types\/post"}],"author":[{"embeddable":true,"href":"https:\/\/nea.rs\/index.php\/wp-json\/wp\/v2\/users\/1"}],"replies":[{"embeddable":true,"href":"https:\/\/nea.rs\/index.php\/wp-json\/wp\/v2\/comments?post=527"}],"version-history":[{"count":1,"href":"https:\/\/nea.rs\/index.php\/wp-json\/wp\/v2\/posts\/527\/revisions"}],"predecessor-version":[{"id":528,"href":"https:\/\/nea.rs\/index.php\/wp-json\/wp\/v2\/posts\/527\/revisions\/528"}],"wp:attachment":[{"href":"https:\/\/nea.rs\/index.php\/wp-json\/wp\/v2\/media?parent=527"}],"wp:term":[{"taxonomy":"category","embeddable":true,"href":"https:\/\/nea.rs\/index.php\/wp-json\/wp\/v2\/categories?post=527"},{"taxonomy":"post_tag","embeddable":true,"href":"https:\/\/nea.rs\/index.php\/wp-json\/wp\/v2\/tags?post=527"}],"curies":[{"name":"wp","href":"https:\/\/api.w.org\/{rel}","templated":true}]}}