{"id":480,"date":"2021-06-05T18:48:22","date_gmt":"2021-06-05T18:48:22","guid":{"rendered":"https:\/\/nea.rs\/?p=480"},"modified":"2021-06-16T16:28:37","modified_gmt":"2021-06-16T16:28:37","slug":"kvalitet-vazduha-u-gradovima-gde-smo-u-evropi-po-kvalitetu-vazduha","status":"publish","type":"post","link":"https:\/\/nea.rs\/index.php\/2021\/06\/05\/kvalitet-vazduha-u-gradovima-gde-smo-u-evropi-po-kvalitetu-vazduha\/","title":{"rendered":"Kvalitet vazduha u gradovima &#8211; Gde smo u Evropi po kvalitetu vazduha?"},"content":{"rendered":"\n<p>Na\u0161a percepcija stanja \u017eivotne sredine u Srbiji \u010desto je zasnovana na voluntaristi\u010dkim procenama pojedinaca koji nevoljno govore o temama koje nisu u skladu sa op\u0161te prihva\u0107enom &#8222;afirmativnom&#8220; ideologijom. Zato se svaki put iznenadimo kada saznamo&#8230;.<\/p>\n\n\n\n<p>Evropska agencija za \u017eivotnu sredinu (European Environment Agency &#8211; EEA) \u0107e uskoro objaviti onlajn aplikaciju za kvalitet vazduha u evropskim gradovima (<a href=\"https:\/\/lnkd.in\/drrXd5e\" target=\"_blank\" rel=\"noreferrer noopener\">https:\/\/www.eea.europa.eu\/themes\/air\/urban-air-quality\/european-city-air-quality-viewer<\/a>). Ova aplikacija prikazuje samo jedan indikator, godi\u0161nju srednju vrednost koncentracije finih suspendovanih \u010destica PM2,5 i rangira preko 300 evropskih gradova po ovom kriterijumu. Kvalitet vazduha je rangiran u 4 kategorije gde se najvi\u0161e koncentracije kvalifikuju kao &#8222;veoma lo\u0161&#8220; vazduh sa srednjim godi\u0161njim koncentracijama PM2,5 izme\u0111u 25 i 35\u03bcg\/m3. Koncentracije iznad 35\u03bcg\/m3 nisu izmerene, ne o\u010dekuju se, pa se ni ne kategori\u0161u.<\/p>\n\n\n\n<figure class=\"wp-block-image size-large\"><img loading=\"lazy\" decoding=\"async\" width=\"797\" height=\"301\" src=\"https:\/\/nea.rs\/wp-content\/uploads\/2021\/06\/cities1.png\" alt=\"\" class=\"wp-image-483\" srcset=\"https:\/\/nea.rs\/wp-content\/uploads\/2021\/06\/cities1.png 797w, https:\/\/nea.rs\/wp-content\/uploads\/2021\/06\/cities1-768x290.png 768w\" sizes=\"auto, (max-width: 797px) 100vw, 797px\" \/><figcaption>European city air quality viewer &#8211; 10 gradova sa najvi\u0161im koncentracijama PM2,5<\/figcaption><\/figure>\n\n\n\n<p>Na slici je dato 10 gradova sa najvi\u0161im prose\u010dnim koncentracijama. Gde je tu Srbija? Nema je jer nije \u010dlanica EEA. Mo\u017eda je tako i bolje, za\u0161to?&nbsp;<\/p>\n\n\n\n<p>Najlo\u0161iji na gornjoj listi je grad Nowy Sacz u Poljskoj, na poslednjem, 321. mestu, sa srednjom godi\u0161njom koncentracijom PM2.5 od 27ug\/m3. Aplikacija&nbsp;<a href=\"https:\/\/xeco.info\/xeco\/vazduh\/\" target=\"_blank\" rel=\"noreferrer noopener\">xEco Vazduh&nbsp;<\/a>nam omogu\u0107ava da odmah vidimo gde se mi nalazimo. Evo srednjih godi\u0161njih koncentraciju PM2.5 u 2020. godini, zaklju\u010dite sami.<\/p>\n\n\n\n<div class=\"wp-block-image\"><figure class=\"aligncenter size-large\"><img loading=\"lazy\" decoding=\"async\" width=\"437\" height=\"669\" src=\"https:\/\/nea.rs\/wp-content\/uploads\/2021\/06\/cities2.png\" alt=\"\" class=\"wp-image-484\"\/><figcaption>\u010cetrnaest (14) lokacija u Srbiji koje u 2020. godini imaju prekora\u010denu srednju godi\u0161nju grani\u010dnu vrednost za PM2,5<\/figcaption><\/figure><\/div>\n\n\n\n<p>\u010cak sedam (7) gradova u Srbiji, zauzeli bi 7 poslednjih mesta na listi EEA. To su: Valjevo, Novi Pazar, Ni\u0161, Beograd, Kosjeri\u0107, U\u017eice i&nbsp;Smederevo. Fantasti\u010dne pozicije od 322. do 329. mesta!&nbsp; Od toga \u010dak 5 lokacija ima srednje godi\u0161nje koncentracije koje zapravo izlaze iznad definisanih rangova jer su ve\u0107e od&nbsp;35\u03bcg\/m3. Dakle vazduh je lo\u0161iji od &#8222;Veoma lo\u0161&#8220;. <\/p>\n\n\n\n<p>Kako bi vi nazvali tu kategoriju? <\/p>\n","protected":false},"excerpt":{"rendered":"<p>Na\u0161a percepcija stanja \u017eivotne sredine u Srbiji \u010desto je zasnovana na voluntaristi\u010dkim procenama pojedinaca koji nevoljno govore o temama koje nisu u skladu sa op\u0161te&hellip;<\/p>\n","protected":false},"author":1,"featured_media":0,"comment_status":"closed","ping_status":"open","sticky":false,"template":"","format":"standard","meta":{"footnotes":""},"categories":[11],"tags":[],"class_list":["post-480","post","type-post","status-publish","format-standard","hentry","category-saopstenja"],"yoast_head":"<!-- This site is optimized with the Yoast SEO plugin v24.9 - https:\/\/yoast.com\/wordpress\/plugins\/seo\/ -->\n<title>Kvalitet vazduha u gradovima - Gde smo u Evropi po kvalitetu vazduha? - Nacionalna ekolo\u0161ka asocijacija<\/title>\n<meta name=\"robots\" content=\"index, follow, max-snippet:-1, max-image-preview:large, max-video-preview:-1\" \/>\n<link rel=\"canonical\" href=\"https:\/\/nea.rs\/index.php\/2021\/06\/05\/kvalitet-vazduha-u-gradovima-gde-smo-u-evropi-po-kvalitetu-vazduha\/\" \/>\n<meta property=\"og:locale\" content=\"sr_RS\" \/>\n<meta property=\"og:type\" content=\"article\" \/>\n<meta property=\"og:title\" content=\"Kvalitet vazduha u gradovima - Gde smo u Evropi po kvalitetu vazduha? - Nacionalna ekolo\u0161ka asocijacija\" \/>\n<meta property=\"og:description\" content=\"Na\u0161a percepcija stanja \u017eivotne sredine u Srbiji \u010desto je zasnovana na voluntaristi\u010dkim procenama pojedinaca koji nevoljno govore o temama koje nisu u skladu sa op\u0161te&hellip;\" \/>\n<meta property=\"og:url\" content=\"https:\/\/nea.rs\/index.php\/2021\/06\/05\/kvalitet-vazduha-u-gradovima-gde-smo-u-evropi-po-kvalitetu-vazduha\/\" \/>\n<meta property=\"og:site_name\" content=\"Nacionalna ekolo\u0161ka asocijacija\" \/>\n<meta property=\"article:publisher\" content=\"https:\/\/www.facebook.com\/NEASrbija\" \/>\n<meta property=\"article:published_time\" content=\"2021-06-05T18:48:22+00:00\" \/>\n<meta property=\"article:modified_time\" content=\"2021-06-16T16:28:37+00:00\" \/>\n<meta property=\"og:image\" content=\"https:\/\/nea.rs\/wp-content\/uploads\/2021\/06\/cities1.png\" \/>\n<meta name=\"author\" content=\"admin\" \/>\n<meta name=\"twitter:card\" content=\"summary_large_image\" \/>\n<meta name=\"twitter:creator\" content=\"@NEASrbija\" \/>\n<meta name=\"twitter:site\" content=\"@NEASrbija\" \/>\n<meta name=\"twitter:label1\" content=\"Napisano od\" \/>\n\t<meta name=\"twitter:data1\" content=\"admin\" \/>\n\t<meta name=\"twitter:label2\" content=\"Procenjeno vreme \u010ditanja\" \/>\n\t<meta name=\"twitter:data2\" content=\"2 minuta\" \/>\n<script type=\"application\/ld+json\" class=\"yoast-schema-graph\">{\"@context\":\"https:\/\/schema.org\",\"@graph\":[{\"@type\":\"Article\",\"@id\":\"https:\/\/nea.rs\/index.php\/2021\/06\/05\/kvalitet-vazduha-u-gradovima-gde-smo-u-evropi-po-kvalitetu-vazduha\/#article\",\"isPartOf\":{\"@id\":\"https:\/\/nea.rs\/index.php\/2021\/06\/05\/kvalitet-vazduha-u-gradovima-gde-smo-u-evropi-po-kvalitetu-vazduha\/\"},\"author\":{\"name\":\"admin\",\"@id\":\"https:\/\/nea.rs\/#\/schema\/person\/daf5180476fd224bc67bb42ea6d87925\"},\"headline\":\"Kvalitet vazduha u gradovima &#8211; Gde smo u Evropi po kvalitetu vazduha?\",\"datePublished\":\"2021-06-05T18:48:22+00:00\",\"dateModified\":\"2021-06-16T16:28:37+00:00\",\"mainEntityOfPage\":{\"@id\":\"https:\/\/nea.rs\/index.php\/2021\/06\/05\/kvalitet-vazduha-u-gradovima-gde-smo-u-evropi-po-kvalitetu-vazduha\/\"},\"wordCount\":325,\"publisher\":{\"@id\":\"https:\/\/nea.rs\/#organization\"},\"image\":{\"@id\":\"https:\/\/nea.rs\/index.php\/2021\/06\/05\/kvalitet-vazduha-u-gradovima-gde-smo-u-evropi-po-kvalitetu-vazduha\/#primaryimage\"},\"thumbnailUrl\":\"https:\/\/nea.rs\/wp-content\/uploads\/2021\/06\/cities1.png\",\"articleSection\":[\"Saop\u0161tenja\"],\"inLanguage\":\"sr-RS\"},{\"@type\":\"WebPage\",\"@id\":\"https:\/\/nea.rs\/index.php\/2021\/06\/05\/kvalitet-vazduha-u-gradovima-gde-smo-u-evropi-po-kvalitetu-vazduha\/\",\"url\":\"https:\/\/nea.rs\/index.php\/2021\/06\/05\/kvalitet-vazduha-u-gradovima-gde-smo-u-evropi-po-kvalitetu-vazduha\/\",\"name\":\"Kvalitet vazduha u gradovima - Gde smo u Evropi po kvalitetu vazduha? - Nacionalna ekolo\u0161ka asocijacija\",\"isPartOf\":{\"@id\":\"https:\/\/nea.rs\/#website\"},\"primaryImageOfPage\":{\"@id\":\"https:\/\/nea.rs\/index.php\/2021\/06\/05\/kvalitet-vazduha-u-gradovima-gde-smo-u-evropi-po-kvalitetu-vazduha\/#primaryimage\"},\"image\":{\"@id\":\"https:\/\/nea.rs\/index.php\/2021\/06\/05\/kvalitet-vazduha-u-gradovima-gde-smo-u-evropi-po-kvalitetu-vazduha\/#primaryimage\"},\"thumbnailUrl\":\"https:\/\/nea.rs\/wp-content\/uploads\/2021\/06\/cities1.png\",\"datePublished\":\"2021-06-05T18:48:22+00:00\",\"dateModified\":\"2021-06-16T16:28:37+00:00\",\"breadcrumb\":{\"@id\":\"https:\/\/nea.rs\/index.php\/2021\/06\/05\/kvalitet-vazduha-u-gradovima-gde-smo-u-evropi-po-kvalitetu-vazduha\/#breadcrumb\"},\"inLanguage\":\"sr-RS\",\"potentialAction\":[{\"@type\":\"ReadAction\",\"target\":[\"https:\/\/nea.rs\/index.php\/2021\/06\/05\/kvalitet-vazduha-u-gradovima-gde-smo-u-evropi-po-kvalitetu-vazduha\/\"]}]},{\"@type\":\"ImageObject\",\"inLanguage\":\"sr-RS\",\"@id\":\"https:\/\/nea.rs\/index.php\/2021\/06\/05\/kvalitet-vazduha-u-gradovima-gde-smo-u-evropi-po-kvalitetu-vazduha\/#primaryimage\",\"url\":\"https:\/\/nea.rs\/wp-content\/uploads\/2021\/06\/cities1.png\",\"contentUrl\":\"https:\/\/nea.rs\/wp-content\/uploads\/2021\/06\/cities1.png\",\"width\":797,\"height\":301},{\"@type\":\"BreadcrumbList\",\"@id\":\"https:\/\/nea.rs\/index.php\/2021\/06\/05\/kvalitet-vazduha-u-gradovima-gde-smo-u-evropi-po-kvalitetu-vazduha\/#breadcrumb\",\"itemListElement\":[{\"@type\":\"ListItem\",\"position\":1,\"name\":\"Po\u010detna\",\"item\":\"https:\/\/nea.rs\/\"},{\"@type\":\"ListItem\",\"position\":2,\"name\":\"Kvalitet vazduha u gradovima &#8211; Gde smo u Evropi po kvalitetu vazduha?\"}]},{\"@type\":\"WebSite\",\"@id\":\"https:\/\/nea.rs\/#website\",\"url\":\"https:\/\/nea.rs\/\",\"name\":\"Nacionalna ekolo\u0161ka asocijacija\",\"description\":\"\",\"publisher\":{\"@id\":\"https:\/\/nea.rs\/#organization\"},\"potentialAction\":[{\"@type\":\"SearchAction\",\"target\":{\"@type\":\"EntryPoint\",\"urlTemplate\":\"https:\/\/nea.rs\/?s={search_term_string}\"},\"query-input\":{\"@type\":\"PropertyValueSpecification\",\"valueRequired\":true,\"valueName\":\"search_term_string\"}}],\"inLanguage\":\"sr-RS\"},{\"@type\":\"Organization\",\"@id\":\"https:\/\/nea.rs\/#organization\",\"name\":\"Nacionalna ekolo\u0161ka asocijacija\",\"url\":\"https:\/\/nea.rs\/\",\"logo\":{\"@type\":\"ImageObject\",\"inLanguage\":\"sr-RS\",\"@id\":\"https:\/\/nea.rs\/#\/schema\/logo\/image\/\",\"url\":\"https:\/\/nea.rs\/wp-content\/uploads\/2021\/05\/cropped-logoNEA_crop_180_nowhite.jpg\",\"contentUrl\":\"https:\/\/nea.rs\/wp-content\/uploads\/2021\/05\/cropped-logoNEA_crop_180_nowhite.jpg\",\"width\":276,\"height\":154,\"caption\":\"Nacionalna ekolo\u0161ka asocijacija\"},\"image\":{\"@id\":\"https:\/\/nea.rs\/#\/schema\/logo\/image\/\"},\"sameAs\":[\"https:\/\/www.facebook.com\/NEASrbija\",\"https:\/\/x.com\/NEASrbija\",\"https:\/\/www.instagram.com\/neasrbija\/\",\"https:\/\/www.youtube.com\/channel\/UCxwdyhNFV-rjanyqj7JIFow\"]},{\"@type\":\"Person\",\"@id\":\"https:\/\/nea.rs\/#\/schema\/person\/daf5180476fd224bc67bb42ea6d87925\",\"name\":\"admin\",\"image\":{\"@type\":\"ImageObject\",\"inLanguage\":\"sr-RS\",\"@id\":\"https:\/\/nea.rs\/#\/schema\/person\/image\/\",\"url\":\"https:\/\/secure.gravatar.com\/avatar\/208ddce103f55aec8415cbae6044df1aa912c6d56bb8e74d76628d5d221bad04?s=96&d=mm&r=g\",\"contentUrl\":\"https:\/\/secure.gravatar.com\/avatar\/208ddce103f55aec8415cbae6044df1aa912c6d56bb8e74d76628d5d221bad04?s=96&d=mm&r=g\",\"caption\":\"admin\"},\"sameAs\":[\"https:\/\/nea.rs\"],\"url\":\"https:\/\/nea.rs\/index.php\/author\/admin_5kpl02hl\/\"}]}<\/script>\n<!-- \/ Yoast SEO plugin. -->","yoast_head_json":{"title":"Kvalitet vazduha u gradovima - Gde smo u Evropi po kvalitetu vazduha? - Nacionalna ekolo\u0161ka asocijacija","robots":{"index":"index","follow":"follow","max-snippet":"max-snippet:-1","max-image-preview":"max-image-preview:large","max-video-preview":"max-video-preview:-1"},"canonical":"https:\/\/nea.rs\/index.php\/2021\/06\/05\/kvalitet-vazduha-u-gradovima-gde-smo-u-evropi-po-kvalitetu-vazduha\/","og_locale":"sr_RS","og_type":"article","og_title":"Kvalitet vazduha u gradovima - Gde smo u Evropi po kvalitetu vazduha? - Nacionalna ekolo\u0161ka asocijacija","og_description":"Na\u0161a percepcija stanja \u017eivotne sredine u Srbiji \u010desto je zasnovana na voluntaristi\u010dkim procenama pojedinaca koji nevoljno govore o temama koje nisu u skladu sa op\u0161te&hellip;","og_url":"https:\/\/nea.rs\/index.php\/2021\/06\/05\/kvalitet-vazduha-u-gradovima-gde-smo-u-evropi-po-kvalitetu-vazduha\/","og_site_name":"Nacionalna ekolo\u0161ka asocijacija","article_publisher":"https:\/\/www.facebook.com\/NEASrbija","article_published_time":"2021-06-05T18:48:22+00:00","article_modified_time":"2021-06-16T16:28:37+00:00","og_image":[{"url":"https:\/\/nea.rs\/wp-content\/uploads\/2021\/06\/cities1.png","type":"","width":"","height":""}],"author":"admin","twitter_card":"summary_large_image","twitter_creator":"@NEASrbija","twitter_site":"@NEASrbija","twitter_misc":{"Napisano od":"admin","Procenjeno vreme \u010ditanja":"2 minuta"},"schema":{"@context":"https:\/\/schema.org","@graph":[{"@type":"Article","@id":"https:\/\/nea.rs\/index.php\/2021\/06\/05\/kvalitet-vazduha-u-gradovima-gde-smo-u-evropi-po-kvalitetu-vazduha\/#article","isPartOf":{"@id":"https:\/\/nea.rs\/index.php\/2021\/06\/05\/kvalitet-vazduha-u-gradovima-gde-smo-u-evropi-po-kvalitetu-vazduha\/"},"author":{"name":"admin","@id":"https:\/\/nea.rs\/#\/schema\/person\/daf5180476fd224bc67bb42ea6d87925"},"headline":"Kvalitet vazduha u gradovima &#8211; Gde smo u Evropi po kvalitetu vazduha?","datePublished":"2021-06-05T18:48:22+00:00","dateModified":"2021-06-16T16:28:37+00:00","mainEntityOfPage":{"@id":"https:\/\/nea.rs\/index.php\/2021\/06\/05\/kvalitet-vazduha-u-gradovima-gde-smo-u-evropi-po-kvalitetu-vazduha\/"},"wordCount":325,"publisher":{"@id":"https:\/\/nea.rs\/#organization"},"image":{"@id":"https:\/\/nea.rs\/index.php\/2021\/06\/05\/kvalitet-vazduha-u-gradovima-gde-smo-u-evropi-po-kvalitetu-vazduha\/#primaryimage"},"thumbnailUrl":"https:\/\/nea.rs\/wp-content\/uploads\/2021\/06\/cities1.png","articleSection":["Saop\u0161tenja"],"inLanguage":"sr-RS"},{"@type":"WebPage","@id":"https:\/\/nea.rs\/index.php\/2021\/06\/05\/kvalitet-vazduha-u-gradovima-gde-smo-u-evropi-po-kvalitetu-vazduha\/","url":"https:\/\/nea.rs\/index.php\/2021\/06\/05\/kvalitet-vazduha-u-gradovima-gde-smo-u-evropi-po-kvalitetu-vazduha\/","name":"Kvalitet vazduha u gradovima - Gde smo u Evropi po kvalitetu vazduha? - Nacionalna ekolo\u0161ka asocijacija","isPartOf":{"@id":"https:\/\/nea.rs\/#website"},"primaryImageOfPage":{"@id":"https:\/\/nea.rs\/index.php\/2021\/06\/05\/kvalitet-vazduha-u-gradovima-gde-smo-u-evropi-po-kvalitetu-vazduha\/#primaryimage"},"image":{"@id":"https:\/\/nea.rs\/index.php\/2021\/06\/05\/kvalitet-vazduha-u-gradovima-gde-smo-u-evropi-po-kvalitetu-vazduha\/#primaryimage"},"thumbnailUrl":"https:\/\/nea.rs\/wp-content\/uploads\/2021\/06\/cities1.png","datePublished":"2021-06-05T18:48:22+00:00","dateModified":"2021-06-16T16:28:37+00:00","breadcrumb":{"@id":"https:\/\/nea.rs\/index.php\/2021\/06\/05\/kvalitet-vazduha-u-gradovima-gde-smo-u-evropi-po-kvalitetu-vazduha\/#breadcrumb"},"inLanguage":"sr-RS","potentialAction":[{"@type":"ReadAction","target":["https:\/\/nea.rs\/index.php\/2021\/06\/05\/kvalitet-vazduha-u-gradovima-gde-smo-u-evropi-po-kvalitetu-vazduha\/"]}]},{"@type":"ImageObject","inLanguage":"sr-RS","@id":"https:\/\/nea.rs\/index.php\/2021\/06\/05\/kvalitet-vazduha-u-gradovima-gde-smo-u-evropi-po-kvalitetu-vazduha\/#primaryimage","url":"https:\/\/nea.rs\/wp-content\/uploads\/2021\/06\/cities1.png","contentUrl":"https:\/\/nea.rs\/wp-content\/uploads\/2021\/06\/cities1.png","width":797,"height":301},{"@type":"BreadcrumbList","@id":"https:\/\/nea.rs\/index.php\/2021\/06\/05\/kvalitet-vazduha-u-gradovima-gde-smo-u-evropi-po-kvalitetu-vazduha\/#breadcrumb","itemListElement":[{"@type":"ListItem","position":1,"name":"Po\u010detna","item":"https:\/\/nea.rs\/"},{"@type":"ListItem","position":2,"name":"Kvalitet vazduha u gradovima &#8211; Gde smo u Evropi po kvalitetu vazduha?"}]},{"@type":"WebSite","@id":"https:\/\/nea.rs\/#website","url":"https:\/\/nea.rs\/","name":"Nacionalna ekolo\u0161ka asocijacija","description":"","publisher":{"@id":"https:\/\/nea.rs\/#organization"},"potentialAction":[{"@type":"SearchAction","target":{"@type":"EntryPoint","urlTemplate":"https:\/\/nea.rs\/?s={search_term_string}"},"query-input":{"@type":"PropertyValueSpecification","valueRequired":true,"valueName":"search_term_string"}}],"inLanguage":"sr-RS"},{"@type":"Organization","@id":"https:\/\/nea.rs\/#organization","name":"Nacionalna ekolo\u0161ka asocijacija","url":"https:\/\/nea.rs\/","logo":{"@type":"ImageObject","inLanguage":"sr-RS","@id":"https:\/\/nea.rs\/#\/schema\/logo\/image\/","url":"https:\/\/nea.rs\/wp-content\/uploads\/2021\/05\/cropped-logoNEA_crop_180_nowhite.jpg","contentUrl":"https:\/\/nea.rs\/wp-content\/uploads\/2021\/05\/cropped-logoNEA_crop_180_nowhite.jpg","width":276,"height":154,"caption":"Nacionalna ekolo\u0161ka asocijacija"},"image":{"@id":"https:\/\/nea.rs\/#\/schema\/logo\/image\/"},"sameAs":["https:\/\/www.facebook.com\/NEASrbija","https:\/\/x.com\/NEASrbija","https:\/\/www.instagram.com\/neasrbija\/","https:\/\/www.youtube.com\/channel\/UCxwdyhNFV-rjanyqj7JIFow"]},{"@type":"Person","@id":"https:\/\/nea.rs\/#\/schema\/person\/daf5180476fd224bc67bb42ea6d87925","name":"admin","image":{"@type":"ImageObject","inLanguage":"sr-RS","@id":"https:\/\/nea.rs\/#\/schema\/person\/image\/","url":"https:\/\/secure.gravatar.com\/avatar\/208ddce103f55aec8415cbae6044df1aa912c6d56bb8e74d76628d5d221bad04?s=96&d=mm&r=g","contentUrl":"https:\/\/secure.gravatar.com\/avatar\/208ddce103f55aec8415cbae6044df1aa912c6d56bb8e74d76628d5d221bad04?s=96&d=mm&r=g","caption":"admin"},"sameAs":["https:\/\/nea.rs"],"url":"https:\/\/nea.rs\/index.php\/author\/admin_5kpl02hl\/"}]}},"jetpack_sharing_enabled":true,"jetpack_featured_media_url":"","_links":{"self":[{"href":"https:\/\/nea.rs\/index.php\/wp-json\/wp\/v2\/posts\/480","targetHints":{"allow":["GET"]}}],"collection":[{"href":"https:\/\/nea.rs\/index.php\/wp-json\/wp\/v2\/posts"}],"about":[{"href":"https:\/\/nea.rs\/index.php\/wp-json\/wp\/v2\/types\/post"}],"author":[{"embeddable":true,"href":"https:\/\/nea.rs\/index.php\/wp-json\/wp\/v2\/users\/1"}],"replies":[{"embeddable":true,"href":"https:\/\/nea.rs\/index.php\/wp-json\/wp\/v2\/comments?post=480"}],"version-history":[{"count":8,"href":"https:\/\/nea.rs\/index.php\/wp-json\/wp\/v2\/posts\/480\/revisions"}],"predecessor-version":[{"id":503,"href":"https:\/\/nea.rs\/index.php\/wp-json\/wp\/v2\/posts\/480\/revisions\/503"}],"wp:attachment":[{"href":"https:\/\/nea.rs\/index.php\/wp-json\/wp\/v2\/media?parent=480"}],"wp:term":[{"taxonomy":"category","embeddable":true,"href":"https:\/\/nea.rs\/index.php\/wp-json\/wp\/v2\/categories?post=480"},{"taxonomy":"post_tag","embeddable":true,"href":"https:\/\/nea.rs\/index.php\/wp-json\/wp\/v2\/tags?post=480"}],"curies":[{"name":"wp","href":"https:\/\/api.w.org\/{rel}","templated":true}]}}