{"id":474,"date":"2021-06-03T13:33:07","date_gmt":"2021-06-03T13:33:07","guid":{"rendered":"https:\/\/nea.rs\/?p=474"},"modified":"2021-06-03T13:35:08","modified_gmt":"2021-06-03T13:35:08","slug":"u-susret-5-junu-svetskom-danu-zastite-zivotne-sredine","status":"publish","type":"post","link":"https:\/\/nea.rs\/index.php\/2021\/06\/03\/u-susret-5-junu-svetskom-danu-zastite-zivotne-sredine\/","title":{"rendered":"U susret 5.junu &#8211; Svetskom danu za\u0161tite \u017eivotne sredine"},"content":{"rendered":"\n<p>Jo\u0161 od 1972. godine, kada je Generalna skup\u0161tina Ujedinjenih nacija &nbsp;za vreme trajanja Stokholmske konferencije, na predlog delegacije tada\u0161nje Jugoslavije odredila 5.jun za Svetski dan za\u0161tite \u017eivotne sredine intenzivira se borba svih dr\u017eava za ostvarenje prava za\u0161tite &nbsp;gra\u0111ana i na\u0161e planete. U ovom periodu, borba se odvijala slabijim ili ja\u010dim intenzitetom, menjala se strategija i taktika, bilo je opstrukcija i blokovskih podela, suprotstavljenih interesa mo\u0107nih dr\u017eava, ali mnoge bitke su dobijene u ovom svetom ratu za opstanak na\u0161e vrste.<\/p>\n\n\n\n<div class=\"wp-block-image\"><figure class=\"aligncenter size-large is-resized\"><img loading=\"lazy\" decoding=\"async\" src=\"https:\/\/nea.rs\/wp-content\/uploads\/2021\/06\/viber_image_2021-06-03_10-13-02.jpg\" alt=\"\" class=\"wp-image-476\" width=\"600\" height=\"800\" srcset=\"https:\/\/nea.rs\/wp-content\/uploads\/2021\/06\/viber_image_2021-06-03_10-13-02.jpg 1200w, https:\/\/nea.rs\/wp-content\/uploads\/2021\/06\/viber_image_2021-06-03_10-13-02-768x1024.jpg 768w, https:\/\/nea.rs\/wp-content\/uploads\/2021\/06\/viber_image_2021-06-03_10-13-02-1152x1536.jpg 1152w\" sizes=\"auto, (max-width: 600px) 100vw, 600px\" \/><figcaption>Da li ovo treba da nestane?<\/figcaption><\/figure><\/div>\n\n\n\n<p>Sada, posle skoro 50 godina, postavljati pitanje va\u017enosti za\u0161tite na\u0161eg okru\u017eenja od stalnog zaga\u0111ivanja, a samim tim za\u0161tite zdravlja ljudi je vi\u0161e nego nemoralno, a ne samo nezakonito. I Srbija je usvojila ve\u0107inu me\u0111unarodno obavezuju\u0107ih propisa iz ove oblasti, ali ih ne sprovodi na dobrobit svojih gra\u0111ana. Dok se u ve\u0107ini zemalja samo prilago\u0111avaju postoje\u0107e aktivnosti koje treba da \u0161to efikasnije \u0161tite gra\u0111ane od \u0161tetnog uticaja zaga\u0111enja vode, vazduha i zemlji\u0161ta, kod nas se jo\u0161 dokazuje da je ovaj ustavni i zakonski prioritet moderan, a ne neophodan i da stanje \u017eivotne sredine nije gore, a ne da mora biti bolje. Svest gra\u0111ana je, na \u017ealost, iznad samosvesti donosioca odluka u ovoj oblasti i zahvaljuju\u0107i tome gra\u0111anski aktivizam postaje sve ve\u0107a brana za nepo\u0161tovanje i kr\u0161enja prava gra\u0111ana od strane onih koji treba da ih \u0161tite. Zbog ove apsurdne situacije, Nacionalna ekolo\u0161ka asocijacija poziva sve aktere da dosledno sprovode zakonske obaveze, da odluke donose samo prema stru\u010dnim analizama i preporukama, a da je javni interes, interes svih gra\u0111ana i mora biti ispred svakog pojedina\u010dnog i parcijalnog. NEA \u0107e svim zainteresovanim udru\u017eenjima i pojedincima pru\u017eiti stru\u010dnu pomo\u0107 u skladu sa svojim kapacitetima. Ta pomo\u0107 ne\u0107e biti ograni\u010dena bilo kojim pritiscima i politi\u010dkim autoritetima.&nbsp;<\/p>\n\n\n\n<figure class=\"wp-block-image size-large\"><img loading=\"lazy\" decoding=\"async\" width=\"1600\" height=\"1200\" src=\"https:\/\/nea.rs\/wp-content\/uploads\/2021\/06\/viber_image_2021-06-03_10-13-00.jpg\" alt=\"\" class=\"wp-image-475\" srcset=\"https:\/\/nea.rs\/wp-content\/uploads\/2021\/06\/viber_image_2021-06-03_10-13-00.jpg 1600w, https:\/\/nea.rs\/wp-content\/uploads\/2021\/06\/viber_image_2021-06-03_10-13-00-768x576.jpg 768w, https:\/\/nea.rs\/wp-content\/uploads\/2021\/06\/viber_image_2021-06-03_10-13-00-1536x1152.jpg 1536w\" sizes=\"auto, (max-width: 1600px) 100vw, 1600px\" \/><\/figure>\n","protected":false},"excerpt":{"rendered":"<p>Jo\u0161 od 1972. godine, kada je Generalna skup\u0161tina Ujedinjenih nacija &nbsp;za vreme trajanja Stokholmske konferencije, na predlog delegacije tada\u0161nje Jugoslavije odredila 5.jun za Svetski dan&hellip;<\/p>\n","protected":false},"author":1,"featured_media":0,"comment_status":"closed","ping_status":"open","sticky":false,"template":"","format":"standard","meta":{"footnotes":""},"categories":[11],"tags":[],"class_list":["post-474","post","type-post","status-publish","format-standard","hentry","category-saopstenja"],"yoast_head":"<!-- This site is optimized with the Yoast SEO plugin v24.9 - https:\/\/yoast.com\/wordpress\/plugins\/seo\/ -->\n<title>U susret 5.junu - Svetskom danu za\u0161tite \u017eivotne sredine - Nacionalna ekolo\u0161ka asocijacija<\/title>\n<meta name=\"robots\" content=\"index, follow, max-snippet:-1, max-image-preview:large, max-video-preview:-1\" \/>\n<link rel=\"canonical\" href=\"https:\/\/nea.rs\/index.php\/2021\/06\/03\/u-susret-5-junu-svetskom-danu-zastite-zivotne-sredine\/\" \/>\n<meta property=\"og:locale\" content=\"sr_RS\" \/>\n<meta property=\"og:type\" content=\"article\" \/>\n<meta property=\"og:title\" content=\"U susret 5.junu - Svetskom danu za\u0161tite \u017eivotne sredine - Nacionalna ekolo\u0161ka asocijacija\" \/>\n<meta property=\"og:description\" content=\"Jo\u0161 od 1972. godine, kada je Generalna skup\u0161tina Ujedinjenih nacija &nbsp;za vreme trajanja Stokholmske konferencije, na predlog delegacije tada\u0161nje Jugoslavije odredila 5.jun za Svetski dan&hellip;\" \/>\n<meta property=\"og:url\" content=\"https:\/\/nea.rs\/index.php\/2021\/06\/03\/u-susret-5-junu-svetskom-danu-zastite-zivotne-sredine\/\" \/>\n<meta property=\"og:site_name\" content=\"Nacionalna ekolo\u0161ka asocijacija\" \/>\n<meta property=\"article:publisher\" content=\"https:\/\/www.facebook.com\/NEASrbija\" \/>\n<meta property=\"article:published_time\" content=\"2021-06-03T13:33:07+00:00\" \/>\n<meta property=\"article:modified_time\" content=\"2021-06-03T13:35:08+00:00\" \/>\n<meta property=\"og:image\" content=\"https:\/\/nea.rs\/wp-content\/uploads\/2021\/06\/viber_image_2021-06-03_10-13-02.jpg\" \/>\n<meta name=\"author\" content=\"admin\" \/>\n<meta name=\"twitter:card\" content=\"summary_large_image\" \/>\n<meta name=\"twitter:creator\" content=\"@NEASrbija\" \/>\n<meta name=\"twitter:site\" content=\"@NEASrbija\" \/>\n<meta name=\"twitter:label1\" content=\"Napisano od\" \/>\n\t<meta name=\"twitter:data1\" content=\"admin\" \/>\n\t<meta name=\"twitter:label2\" content=\"Procenjeno vreme \u010ditanja\" \/>\n\t<meta name=\"twitter:data2\" content=\"2 minuta\" \/>\n<script type=\"application\/ld+json\" class=\"yoast-schema-graph\">{\"@context\":\"https:\/\/schema.org\",\"@graph\":[{\"@type\":\"Article\",\"@id\":\"https:\/\/nea.rs\/index.php\/2021\/06\/03\/u-susret-5-junu-svetskom-danu-zastite-zivotne-sredine\/#article\",\"isPartOf\":{\"@id\":\"https:\/\/nea.rs\/index.php\/2021\/06\/03\/u-susret-5-junu-svetskom-danu-zastite-zivotne-sredine\/\"},\"author\":{\"name\":\"admin\",\"@id\":\"https:\/\/nea.rs\/#\/schema\/person\/daf5180476fd224bc67bb42ea6d87925\"},\"headline\":\"U susret 5.junu &#8211; Svetskom danu za\u0161tite \u017eivotne sredine\",\"datePublished\":\"2021-06-03T13:33:07+00:00\",\"dateModified\":\"2021-06-03T13:35:08+00:00\",\"mainEntityOfPage\":{\"@id\":\"https:\/\/nea.rs\/index.php\/2021\/06\/03\/u-susret-5-junu-svetskom-danu-zastite-zivotne-sredine\/\"},\"wordCount\":342,\"publisher\":{\"@id\":\"https:\/\/nea.rs\/#organization\"},\"image\":{\"@id\":\"https:\/\/nea.rs\/index.php\/2021\/06\/03\/u-susret-5-junu-svetskom-danu-zastite-zivotne-sredine\/#primaryimage\"},\"thumbnailUrl\":\"https:\/\/nea.rs\/wp-content\/uploads\/2021\/06\/viber_image_2021-06-03_10-13-02.jpg\",\"articleSection\":[\"Saop\u0161tenja\"],\"inLanguage\":\"sr-RS\"},{\"@type\":\"WebPage\",\"@id\":\"https:\/\/nea.rs\/index.php\/2021\/06\/03\/u-susret-5-junu-svetskom-danu-zastite-zivotne-sredine\/\",\"url\":\"https:\/\/nea.rs\/index.php\/2021\/06\/03\/u-susret-5-junu-svetskom-danu-zastite-zivotne-sredine\/\",\"name\":\"U susret 5.junu - Svetskom danu za\u0161tite \u017eivotne sredine - Nacionalna ekolo\u0161ka asocijacija\",\"isPartOf\":{\"@id\":\"https:\/\/nea.rs\/#website\"},\"primaryImageOfPage\":{\"@id\":\"https:\/\/nea.rs\/index.php\/2021\/06\/03\/u-susret-5-junu-svetskom-danu-zastite-zivotne-sredine\/#primaryimage\"},\"image\":{\"@id\":\"https:\/\/nea.rs\/index.php\/2021\/06\/03\/u-susret-5-junu-svetskom-danu-zastite-zivotne-sredine\/#primaryimage\"},\"thumbnailUrl\":\"https:\/\/nea.rs\/wp-content\/uploads\/2021\/06\/viber_image_2021-06-03_10-13-02.jpg\",\"datePublished\":\"2021-06-03T13:33:07+00:00\",\"dateModified\":\"2021-06-03T13:35:08+00:00\",\"breadcrumb\":{\"@id\":\"https:\/\/nea.rs\/index.php\/2021\/06\/03\/u-susret-5-junu-svetskom-danu-zastite-zivotne-sredine\/#breadcrumb\"},\"inLanguage\":\"sr-RS\",\"potentialAction\":[{\"@type\":\"ReadAction\",\"target\":[\"https:\/\/nea.rs\/index.php\/2021\/06\/03\/u-susret-5-junu-svetskom-danu-zastite-zivotne-sredine\/\"]}]},{\"@type\":\"ImageObject\",\"inLanguage\":\"sr-RS\",\"@id\":\"https:\/\/nea.rs\/index.php\/2021\/06\/03\/u-susret-5-junu-svetskom-danu-zastite-zivotne-sredine\/#primaryimage\",\"url\":\"https:\/\/nea.rs\/wp-content\/uploads\/2021\/06\/viber_image_2021-06-03_10-13-02.jpg\",\"contentUrl\":\"https:\/\/nea.rs\/wp-content\/uploads\/2021\/06\/viber_image_2021-06-03_10-13-02.jpg\",\"width\":1200,\"height\":1600},{\"@type\":\"BreadcrumbList\",\"@id\":\"https:\/\/nea.rs\/index.php\/2021\/06\/03\/u-susret-5-junu-svetskom-danu-zastite-zivotne-sredine\/#breadcrumb\",\"itemListElement\":[{\"@type\":\"ListItem\",\"position\":1,\"name\":\"Po\u010detna\",\"item\":\"https:\/\/nea.rs\/\"},{\"@type\":\"ListItem\",\"position\":2,\"name\":\"U susret 5.junu &#8211; Svetskom danu za\u0161tite \u017eivotne sredine\"}]},{\"@type\":\"WebSite\",\"@id\":\"https:\/\/nea.rs\/#website\",\"url\":\"https:\/\/nea.rs\/\",\"name\":\"Nacionalna ekolo\u0161ka asocijacija\",\"description\":\"\",\"publisher\":{\"@id\":\"https:\/\/nea.rs\/#organization\"},\"potentialAction\":[{\"@type\":\"SearchAction\",\"target\":{\"@type\":\"EntryPoint\",\"urlTemplate\":\"https:\/\/nea.rs\/?s={search_term_string}\"},\"query-input\":{\"@type\":\"PropertyValueSpecification\",\"valueRequired\":true,\"valueName\":\"search_term_string\"}}],\"inLanguage\":\"sr-RS\"},{\"@type\":\"Organization\",\"@id\":\"https:\/\/nea.rs\/#organization\",\"name\":\"Nacionalna ekolo\u0161ka asocijacija\",\"url\":\"https:\/\/nea.rs\/\",\"logo\":{\"@type\":\"ImageObject\",\"inLanguage\":\"sr-RS\",\"@id\":\"https:\/\/nea.rs\/#\/schema\/logo\/image\/\",\"url\":\"https:\/\/nea.rs\/wp-content\/uploads\/2021\/05\/cropped-logoNEA_crop_180_nowhite.jpg\",\"contentUrl\":\"https:\/\/nea.rs\/wp-content\/uploads\/2021\/05\/cropped-logoNEA_crop_180_nowhite.jpg\",\"width\":276,\"height\":154,\"caption\":\"Nacionalna ekolo\u0161ka asocijacija\"},\"image\":{\"@id\":\"https:\/\/nea.rs\/#\/schema\/logo\/image\/\"},\"sameAs\":[\"https:\/\/www.facebook.com\/NEASrbija\",\"https:\/\/x.com\/NEASrbija\",\"https:\/\/www.instagram.com\/neasrbija\/\",\"https:\/\/www.youtube.com\/channel\/UCxwdyhNFV-rjanyqj7JIFow\"]},{\"@type\":\"Person\",\"@id\":\"https:\/\/nea.rs\/#\/schema\/person\/daf5180476fd224bc67bb42ea6d87925\",\"name\":\"admin\",\"image\":{\"@type\":\"ImageObject\",\"inLanguage\":\"sr-RS\",\"@id\":\"https:\/\/nea.rs\/#\/schema\/person\/image\/\",\"url\":\"https:\/\/secure.gravatar.com\/avatar\/208ddce103f55aec8415cbae6044df1aa912c6d56bb8e74d76628d5d221bad04?s=96&d=mm&r=g\",\"contentUrl\":\"https:\/\/secure.gravatar.com\/avatar\/208ddce103f55aec8415cbae6044df1aa912c6d56bb8e74d76628d5d221bad04?s=96&d=mm&r=g\",\"caption\":\"admin\"},\"sameAs\":[\"https:\/\/nea.rs\"],\"url\":\"https:\/\/nea.rs\/index.php\/author\/admin_5kpl02hl\/\"}]}<\/script>\n<!-- \/ Yoast SEO plugin. -->","yoast_head_json":{"title":"U susret 5.junu - Svetskom danu za\u0161tite \u017eivotne sredine - Nacionalna ekolo\u0161ka asocijacija","robots":{"index":"index","follow":"follow","max-snippet":"max-snippet:-1","max-image-preview":"max-image-preview:large","max-video-preview":"max-video-preview:-1"},"canonical":"https:\/\/nea.rs\/index.php\/2021\/06\/03\/u-susret-5-junu-svetskom-danu-zastite-zivotne-sredine\/","og_locale":"sr_RS","og_type":"article","og_title":"U susret 5.junu - Svetskom danu za\u0161tite \u017eivotne sredine - Nacionalna ekolo\u0161ka asocijacija","og_description":"Jo\u0161 od 1972. godine, kada je Generalna skup\u0161tina Ujedinjenih nacija &nbsp;za vreme trajanja Stokholmske konferencije, na predlog delegacije tada\u0161nje Jugoslavije odredila 5.jun za Svetski dan&hellip;","og_url":"https:\/\/nea.rs\/index.php\/2021\/06\/03\/u-susret-5-junu-svetskom-danu-zastite-zivotne-sredine\/","og_site_name":"Nacionalna ekolo\u0161ka asocijacija","article_publisher":"https:\/\/www.facebook.com\/NEASrbija","article_published_time":"2021-06-03T13:33:07+00:00","article_modified_time":"2021-06-03T13:35:08+00:00","og_image":[{"url":"https:\/\/nea.rs\/wp-content\/uploads\/2021\/06\/viber_image_2021-06-03_10-13-02.jpg","type":"","width":"","height":""}],"author":"admin","twitter_card":"summary_large_image","twitter_creator":"@NEASrbija","twitter_site":"@NEASrbija","twitter_misc":{"Napisano od":"admin","Procenjeno vreme \u010ditanja":"2 minuta"},"schema":{"@context":"https:\/\/schema.org","@graph":[{"@type":"Article","@id":"https:\/\/nea.rs\/index.php\/2021\/06\/03\/u-susret-5-junu-svetskom-danu-zastite-zivotne-sredine\/#article","isPartOf":{"@id":"https:\/\/nea.rs\/index.php\/2021\/06\/03\/u-susret-5-junu-svetskom-danu-zastite-zivotne-sredine\/"},"author":{"name":"admin","@id":"https:\/\/nea.rs\/#\/schema\/person\/daf5180476fd224bc67bb42ea6d87925"},"headline":"U susret 5.junu &#8211; Svetskom danu za\u0161tite \u017eivotne sredine","datePublished":"2021-06-03T13:33:07+00:00","dateModified":"2021-06-03T13:35:08+00:00","mainEntityOfPage":{"@id":"https:\/\/nea.rs\/index.php\/2021\/06\/03\/u-susret-5-junu-svetskom-danu-zastite-zivotne-sredine\/"},"wordCount":342,"publisher":{"@id":"https:\/\/nea.rs\/#organization"},"image":{"@id":"https:\/\/nea.rs\/index.php\/2021\/06\/03\/u-susret-5-junu-svetskom-danu-zastite-zivotne-sredine\/#primaryimage"},"thumbnailUrl":"https:\/\/nea.rs\/wp-content\/uploads\/2021\/06\/viber_image_2021-06-03_10-13-02.jpg","articleSection":["Saop\u0161tenja"],"inLanguage":"sr-RS"},{"@type":"WebPage","@id":"https:\/\/nea.rs\/index.php\/2021\/06\/03\/u-susret-5-junu-svetskom-danu-zastite-zivotne-sredine\/","url":"https:\/\/nea.rs\/index.php\/2021\/06\/03\/u-susret-5-junu-svetskom-danu-zastite-zivotne-sredine\/","name":"U susret 5.junu - Svetskom danu za\u0161tite \u017eivotne sredine - Nacionalna ekolo\u0161ka asocijacija","isPartOf":{"@id":"https:\/\/nea.rs\/#website"},"primaryImageOfPage":{"@id":"https:\/\/nea.rs\/index.php\/2021\/06\/03\/u-susret-5-junu-svetskom-danu-zastite-zivotne-sredine\/#primaryimage"},"image":{"@id":"https:\/\/nea.rs\/index.php\/2021\/06\/03\/u-susret-5-junu-svetskom-danu-zastite-zivotne-sredine\/#primaryimage"},"thumbnailUrl":"https:\/\/nea.rs\/wp-content\/uploads\/2021\/06\/viber_image_2021-06-03_10-13-02.jpg","datePublished":"2021-06-03T13:33:07+00:00","dateModified":"2021-06-03T13:35:08+00:00","breadcrumb":{"@id":"https:\/\/nea.rs\/index.php\/2021\/06\/03\/u-susret-5-junu-svetskom-danu-zastite-zivotne-sredine\/#breadcrumb"},"inLanguage":"sr-RS","potentialAction":[{"@type":"ReadAction","target":["https:\/\/nea.rs\/index.php\/2021\/06\/03\/u-susret-5-junu-svetskom-danu-zastite-zivotne-sredine\/"]}]},{"@type":"ImageObject","inLanguage":"sr-RS","@id":"https:\/\/nea.rs\/index.php\/2021\/06\/03\/u-susret-5-junu-svetskom-danu-zastite-zivotne-sredine\/#primaryimage","url":"https:\/\/nea.rs\/wp-content\/uploads\/2021\/06\/viber_image_2021-06-03_10-13-02.jpg","contentUrl":"https:\/\/nea.rs\/wp-content\/uploads\/2021\/06\/viber_image_2021-06-03_10-13-02.jpg","width":1200,"height":1600},{"@type":"BreadcrumbList","@id":"https:\/\/nea.rs\/index.php\/2021\/06\/03\/u-susret-5-junu-svetskom-danu-zastite-zivotne-sredine\/#breadcrumb","itemListElement":[{"@type":"ListItem","position":1,"name":"Po\u010detna","item":"https:\/\/nea.rs\/"},{"@type":"ListItem","position":2,"name":"U susret 5.junu &#8211; Svetskom danu za\u0161tite \u017eivotne sredine"}]},{"@type":"WebSite","@id":"https:\/\/nea.rs\/#website","url":"https:\/\/nea.rs\/","name":"Nacionalna ekolo\u0161ka asocijacija","description":"","publisher":{"@id":"https:\/\/nea.rs\/#organization"},"potentialAction":[{"@type":"SearchAction","target":{"@type":"EntryPoint","urlTemplate":"https:\/\/nea.rs\/?s={search_term_string}"},"query-input":{"@type":"PropertyValueSpecification","valueRequired":true,"valueName":"search_term_string"}}],"inLanguage":"sr-RS"},{"@type":"Organization","@id":"https:\/\/nea.rs\/#organization","name":"Nacionalna ekolo\u0161ka asocijacija","url":"https:\/\/nea.rs\/","logo":{"@type":"ImageObject","inLanguage":"sr-RS","@id":"https:\/\/nea.rs\/#\/schema\/logo\/image\/","url":"https:\/\/nea.rs\/wp-content\/uploads\/2021\/05\/cropped-logoNEA_crop_180_nowhite.jpg","contentUrl":"https:\/\/nea.rs\/wp-content\/uploads\/2021\/05\/cropped-logoNEA_crop_180_nowhite.jpg","width":276,"height":154,"caption":"Nacionalna ekolo\u0161ka asocijacija"},"image":{"@id":"https:\/\/nea.rs\/#\/schema\/logo\/image\/"},"sameAs":["https:\/\/www.facebook.com\/NEASrbija","https:\/\/x.com\/NEASrbija","https:\/\/www.instagram.com\/neasrbija\/","https:\/\/www.youtube.com\/channel\/UCxwdyhNFV-rjanyqj7JIFow"]},{"@type":"Person","@id":"https:\/\/nea.rs\/#\/schema\/person\/daf5180476fd224bc67bb42ea6d87925","name":"admin","image":{"@type":"ImageObject","inLanguage":"sr-RS","@id":"https:\/\/nea.rs\/#\/schema\/person\/image\/","url":"https:\/\/secure.gravatar.com\/avatar\/208ddce103f55aec8415cbae6044df1aa912c6d56bb8e74d76628d5d221bad04?s=96&d=mm&r=g","contentUrl":"https:\/\/secure.gravatar.com\/avatar\/208ddce103f55aec8415cbae6044df1aa912c6d56bb8e74d76628d5d221bad04?s=96&d=mm&r=g","caption":"admin"},"sameAs":["https:\/\/nea.rs"],"url":"https:\/\/nea.rs\/index.php\/author\/admin_5kpl02hl\/"}]}},"jetpack_sharing_enabled":true,"jetpack_featured_media_url":"","_links":{"self":[{"href":"https:\/\/nea.rs\/index.php\/wp-json\/wp\/v2\/posts\/474","targetHints":{"allow":["GET"]}}],"collection":[{"href":"https:\/\/nea.rs\/index.php\/wp-json\/wp\/v2\/posts"}],"about":[{"href":"https:\/\/nea.rs\/index.php\/wp-json\/wp\/v2\/types\/post"}],"author":[{"embeddable":true,"href":"https:\/\/nea.rs\/index.php\/wp-json\/wp\/v2\/users\/1"}],"replies":[{"embeddable":true,"href":"https:\/\/nea.rs\/index.php\/wp-json\/wp\/v2\/comments?post=474"}],"version-history":[{"count":2,"href":"https:\/\/nea.rs\/index.php\/wp-json\/wp\/v2\/posts\/474\/revisions"}],"predecessor-version":[{"id":478,"href":"https:\/\/nea.rs\/index.php\/wp-json\/wp\/v2\/posts\/474\/revisions\/478"}],"wp:attachment":[{"href":"https:\/\/nea.rs\/index.php\/wp-json\/wp\/v2\/media?parent=474"}],"wp:term":[{"taxonomy":"category","embeddable":true,"href":"https:\/\/nea.rs\/index.php\/wp-json\/wp\/v2\/categories?post=474"},{"taxonomy":"post_tag","embeddable":true,"href":"https:\/\/nea.rs\/index.php\/wp-json\/wp\/v2\/tags?post=474"}],"curies":[{"name":"wp","href":"https:\/\/api.w.org\/{rel}","templated":true}]}}