{"id":446,"date":"2021-05-19T08:39:17","date_gmt":"2021-05-19T08:39:17","guid":{"rendered":"https:\/\/nea.rs\/?p=446"},"modified":"2021-05-19T15:37:23","modified_gmt":"2021-05-19T15:37:23","slug":"ponovo-opasni-nivo-zagadjenja-u-boru","status":"publish","type":"post","link":"https:\/\/nea.rs\/index.php\/2021\/05\/19\/ponovo-opasni-nivo-zagadjenja-u-boru\/","title":{"rendered":"Ponovo opasni nivo zaga\u0111enja u Boru"},"content":{"rendered":"\n<p>U Boru je jutros zabele\u017eena pojava opasnog nivoa aerozaga\u0111enja, koja je zakonom strogo zabranjena. Koncentracije SO<sub>2<\/sub> na satnom nivou su dostrizale 1623 mikrograma po kubnom metru (dozvoljeno je 350). Ali i to nije za brigu, jer su gra\u0111anke i gra\u0111ani Bora, a naro\u010dito deca navikli na to. Ponovo su tri sata uzastopno koncentracije bile preko 500 mikrograma, \u0161to je NEDOPUSTIVO. Ovo nije gre\u0161kom prikazana kopija ranijeg de\u0161avanja, ovo je opet ru\u017ena i tu\u017ena realnost u Boru. I pored truda da emiter kontroli\u0161e ispu\u0161tanje enormnih koncentracija SO<sub>2<\/sub>, da trovanje gra\u0111ana, odn visoke koncentracije budu \u201csamo\u201d 2 uzastopna sata, omaklo se kontroli i to ne kontroli nadle\u017enih institucija, nego onih koji to neka\u017enjieno i dalje rade.<\/p>\n","protected":false},"excerpt":{"rendered":"<p>U Boru je jutros zabele\u017eena pojava opasnog nivoa aerozaga\u0111enja, koja je zakonom strogo zabranjena. Koncentracije SO2 na satnom nivou su dostrizale 1623 mikrograma po kubnom&hellip;<\/p>\n","protected":false},"author":1,"featured_media":457,"comment_status":"closed","ping_status":"open","sticky":false,"template":"","format":"standard","meta":{"footnotes":""},"categories":[11],"tags":[],"class_list":["post-446","post","type-post","status-publish","format-standard","has-post-thumbnail","hentry","category-saopstenja"],"yoast_head":"<!-- This site is optimized with the Yoast SEO plugin v24.9 - https:\/\/yoast.com\/wordpress\/plugins\/seo\/ -->\n<title>Ponovo opasni nivo zaga\u0111enja u Boru - Nacionalna ekolo\u0161ka asocijacija<\/title>\n<meta name=\"robots\" content=\"index, follow, max-snippet:-1, max-image-preview:large, max-video-preview:-1\" \/>\n<link rel=\"canonical\" href=\"https:\/\/nea.rs\/index.php\/2021\/05\/19\/ponovo-opasni-nivo-zagadjenja-u-boru\/\" \/>\n<meta property=\"og:locale\" content=\"sr_RS\" \/>\n<meta property=\"og:type\" content=\"article\" \/>\n<meta property=\"og:title\" content=\"Ponovo opasni nivo zaga\u0111enja u Boru - Nacionalna ekolo\u0161ka asocijacija\" \/>\n<meta property=\"og:description\" content=\"U Boru je jutros zabele\u017eena pojava opasnog nivoa aerozaga\u0111enja, koja je zakonom strogo zabranjena. Koncentracije SO2 na satnom nivou su dostrizale 1623 mikrograma po kubnom&hellip;\" \/>\n<meta property=\"og:url\" content=\"https:\/\/nea.rs\/index.php\/2021\/05\/19\/ponovo-opasni-nivo-zagadjenja-u-boru\/\" \/>\n<meta property=\"og:site_name\" content=\"Nacionalna ekolo\u0161ka asocijacija\" \/>\n<meta property=\"article:publisher\" content=\"https:\/\/www.facebook.com\/NEASrbija\" \/>\n<meta property=\"article:published_time\" content=\"2021-05-19T08:39:17+00:00\" \/>\n<meta property=\"article:modified_time\" content=\"2021-05-19T15:37:23+00:00\" \/>\n<meta property=\"og:image\" content=\"https:\/\/nea.rs\/wp-content\/uploads\/2021\/05\/image_editor_output_image307015490-1621434769805.png\" \/>\n\t<meta property=\"og:image:width\" content=\"481\" \/>\n\t<meta property=\"og:image:height\" content=\"355\" \/>\n\t<meta property=\"og:image:type\" content=\"image\/png\" \/>\n<meta name=\"author\" content=\"admin\" \/>\n<meta name=\"twitter:card\" content=\"summary_large_image\" \/>\n<meta name=\"twitter:image\" content=\"https:\/\/nea.rs\/wp-content\/uploads\/2021\/05\/image_editor_output_image307015490-1621434769805.png\" \/>\n<meta name=\"twitter:creator\" content=\"@NEASrbija\" \/>\n<meta name=\"twitter:site\" content=\"@NEASrbija\" \/>\n<meta name=\"twitter:label1\" content=\"Napisano od\" \/>\n\t<meta name=\"twitter:data1\" content=\"admin\" \/>\n\t<meta name=\"twitter:label2\" content=\"Procenjeno vreme \u010ditanja\" \/>\n\t<meta name=\"twitter:data2\" content=\"1 minut\" \/>\n<script type=\"application\/ld+json\" class=\"yoast-schema-graph\">{\"@context\":\"https:\/\/schema.org\",\"@graph\":[{\"@type\":\"Article\",\"@id\":\"https:\/\/nea.rs\/index.php\/2021\/05\/19\/ponovo-opasni-nivo-zagadjenja-u-boru\/#article\",\"isPartOf\":{\"@id\":\"https:\/\/nea.rs\/index.php\/2021\/05\/19\/ponovo-opasni-nivo-zagadjenja-u-boru\/\"},\"author\":{\"name\":\"admin\",\"@id\":\"https:\/\/nea.rs\/#\/schema\/person\/daf5180476fd224bc67bb42ea6d87925\"},\"headline\":\"Ponovo opasni nivo zaga\u0111enja u Boru\",\"datePublished\":\"2021-05-19T08:39:17+00:00\",\"dateModified\":\"2021-05-19T15:37:23+00:00\",\"mainEntityOfPage\":{\"@id\":\"https:\/\/nea.rs\/index.php\/2021\/05\/19\/ponovo-opasni-nivo-zagadjenja-u-boru\/\"},\"wordCount\":131,\"publisher\":{\"@id\":\"https:\/\/nea.rs\/#organization\"},\"image\":{\"@id\":\"https:\/\/nea.rs\/index.php\/2021\/05\/19\/ponovo-opasni-nivo-zagadjenja-u-boru\/#primaryimage\"},\"thumbnailUrl\":\"https:\/\/nea.rs\/wp-content\/uploads\/2021\/05\/image_editor_output_image307015490-1621434769805.png\",\"articleSection\":[\"Saop\u0161tenja\"],\"inLanguage\":\"sr-RS\"},{\"@type\":\"WebPage\",\"@id\":\"https:\/\/nea.rs\/index.php\/2021\/05\/19\/ponovo-opasni-nivo-zagadjenja-u-boru\/\",\"url\":\"https:\/\/nea.rs\/index.php\/2021\/05\/19\/ponovo-opasni-nivo-zagadjenja-u-boru\/\",\"name\":\"Ponovo opasni nivo zaga\u0111enja u Boru - Nacionalna ekolo\u0161ka asocijacija\",\"isPartOf\":{\"@id\":\"https:\/\/nea.rs\/#website\"},\"primaryImageOfPage\":{\"@id\":\"https:\/\/nea.rs\/index.php\/2021\/05\/19\/ponovo-opasni-nivo-zagadjenja-u-boru\/#primaryimage\"},\"image\":{\"@id\":\"https:\/\/nea.rs\/index.php\/2021\/05\/19\/ponovo-opasni-nivo-zagadjenja-u-boru\/#primaryimage\"},\"thumbnailUrl\":\"https:\/\/nea.rs\/wp-content\/uploads\/2021\/05\/image_editor_output_image307015490-1621434769805.png\",\"datePublished\":\"2021-05-19T08:39:17+00:00\",\"dateModified\":\"2021-05-19T15:37:23+00:00\",\"breadcrumb\":{\"@id\":\"https:\/\/nea.rs\/index.php\/2021\/05\/19\/ponovo-opasni-nivo-zagadjenja-u-boru\/#breadcrumb\"},\"inLanguage\":\"sr-RS\",\"potentialAction\":[{\"@type\":\"ReadAction\",\"target\":[\"https:\/\/nea.rs\/index.php\/2021\/05\/19\/ponovo-opasni-nivo-zagadjenja-u-boru\/\"]}]},{\"@type\":\"ImageObject\",\"inLanguage\":\"sr-RS\",\"@id\":\"https:\/\/nea.rs\/index.php\/2021\/05\/19\/ponovo-opasni-nivo-zagadjenja-u-boru\/#primaryimage\",\"url\":\"https:\/\/nea.rs\/wp-content\/uploads\/2021\/05\/image_editor_output_image307015490-1621434769805.png\",\"contentUrl\":\"https:\/\/nea.rs\/wp-content\/uploads\/2021\/05\/image_editor_output_image307015490-1621434769805.png\",\"width\":481,\"height\":355},{\"@type\":\"BreadcrumbList\",\"@id\":\"https:\/\/nea.rs\/index.php\/2021\/05\/19\/ponovo-opasni-nivo-zagadjenja-u-boru\/#breadcrumb\",\"itemListElement\":[{\"@type\":\"ListItem\",\"position\":1,\"name\":\"Po\u010detna\",\"item\":\"https:\/\/nea.rs\/\"},{\"@type\":\"ListItem\",\"position\":2,\"name\":\"Ponovo opasni nivo zaga\u0111enja u Boru\"}]},{\"@type\":\"WebSite\",\"@id\":\"https:\/\/nea.rs\/#website\",\"url\":\"https:\/\/nea.rs\/\",\"name\":\"Nacionalna ekolo\u0161ka asocijacija\",\"description\":\"\",\"publisher\":{\"@id\":\"https:\/\/nea.rs\/#organization\"},\"potentialAction\":[{\"@type\":\"SearchAction\",\"target\":{\"@type\":\"EntryPoint\",\"urlTemplate\":\"https:\/\/nea.rs\/?s={search_term_string}\"},\"query-input\":{\"@type\":\"PropertyValueSpecification\",\"valueRequired\":true,\"valueName\":\"search_term_string\"}}],\"inLanguage\":\"sr-RS\"},{\"@type\":\"Organization\",\"@id\":\"https:\/\/nea.rs\/#organization\",\"name\":\"Nacionalna ekolo\u0161ka asocijacija\",\"url\":\"https:\/\/nea.rs\/\",\"logo\":{\"@type\":\"ImageObject\",\"inLanguage\":\"sr-RS\",\"@id\":\"https:\/\/nea.rs\/#\/schema\/logo\/image\/\",\"url\":\"https:\/\/nea.rs\/wp-content\/uploads\/2021\/05\/cropped-logoNEA_crop_180_nowhite.jpg\",\"contentUrl\":\"https:\/\/nea.rs\/wp-content\/uploads\/2021\/05\/cropped-logoNEA_crop_180_nowhite.jpg\",\"width\":276,\"height\":154,\"caption\":\"Nacionalna ekolo\u0161ka asocijacija\"},\"image\":{\"@id\":\"https:\/\/nea.rs\/#\/schema\/logo\/image\/\"},\"sameAs\":[\"https:\/\/www.facebook.com\/NEASrbija\",\"https:\/\/x.com\/NEASrbija\",\"https:\/\/www.instagram.com\/neasrbija\/\",\"https:\/\/www.youtube.com\/channel\/UCxwdyhNFV-rjanyqj7JIFow\"]},{\"@type\":\"Person\",\"@id\":\"https:\/\/nea.rs\/#\/schema\/person\/daf5180476fd224bc67bb42ea6d87925\",\"name\":\"admin\",\"image\":{\"@type\":\"ImageObject\",\"inLanguage\":\"sr-RS\",\"@id\":\"https:\/\/nea.rs\/#\/schema\/person\/image\/\",\"url\":\"https:\/\/secure.gravatar.com\/avatar\/208ddce103f55aec8415cbae6044df1aa912c6d56bb8e74d76628d5d221bad04?s=96&d=mm&r=g\",\"contentUrl\":\"https:\/\/secure.gravatar.com\/avatar\/208ddce103f55aec8415cbae6044df1aa912c6d56bb8e74d76628d5d221bad04?s=96&d=mm&r=g\",\"caption\":\"admin\"},\"sameAs\":[\"https:\/\/nea.rs\"],\"url\":\"https:\/\/nea.rs\/index.php\/author\/admin_5kpl02hl\/\"}]}<\/script>\n<!-- \/ Yoast SEO plugin. -->","yoast_head_json":{"title":"Ponovo opasni nivo zaga\u0111enja u Boru - Nacionalna ekolo\u0161ka asocijacija","robots":{"index":"index","follow":"follow","max-snippet":"max-snippet:-1","max-image-preview":"max-image-preview:large","max-video-preview":"max-video-preview:-1"},"canonical":"https:\/\/nea.rs\/index.php\/2021\/05\/19\/ponovo-opasni-nivo-zagadjenja-u-boru\/","og_locale":"sr_RS","og_type":"article","og_title":"Ponovo opasni nivo zaga\u0111enja u Boru - Nacionalna ekolo\u0161ka asocijacija","og_description":"U Boru je jutros zabele\u017eena pojava opasnog nivoa aerozaga\u0111enja, koja je zakonom strogo zabranjena. Koncentracije SO2 na satnom nivou su dostrizale 1623 mikrograma po kubnom&hellip;","og_url":"https:\/\/nea.rs\/index.php\/2021\/05\/19\/ponovo-opasni-nivo-zagadjenja-u-boru\/","og_site_name":"Nacionalna ekolo\u0161ka asocijacija","article_publisher":"https:\/\/www.facebook.com\/NEASrbija","article_published_time":"2021-05-19T08:39:17+00:00","article_modified_time":"2021-05-19T15:37:23+00:00","og_image":[{"width":481,"height":355,"url":"https:\/\/nea.rs\/wp-content\/uploads\/2021\/05\/image_editor_output_image307015490-1621434769805.png","type":"image\/png"}],"author":"admin","twitter_card":"summary_large_image","twitter_image":"https:\/\/nea.rs\/wp-content\/uploads\/2021\/05\/image_editor_output_image307015490-1621434769805.png","twitter_creator":"@NEASrbija","twitter_site":"@NEASrbija","twitter_misc":{"Napisano od":"admin","Procenjeno vreme \u010ditanja":"1 minut"},"schema":{"@context":"https:\/\/schema.org","@graph":[{"@type":"Article","@id":"https:\/\/nea.rs\/index.php\/2021\/05\/19\/ponovo-opasni-nivo-zagadjenja-u-boru\/#article","isPartOf":{"@id":"https:\/\/nea.rs\/index.php\/2021\/05\/19\/ponovo-opasni-nivo-zagadjenja-u-boru\/"},"author":{"name":"admin","@id":"https:\/\/nea.rs\/#\/schema\/person\/daf5180476fd224bc67bb42ea6d87925"},"headline":"Ponovo opasni nivo zaga\u0111enja u Boru","datePublished":"2021-05-19T08:39:17+00:00","dateModified":"2021-05-19T15:37:23+00:00","mainEntityOfPage":{"@id":"https:\/\/nea.rs\/index.php\/2021\/05\/19\/ponovo-opasni-nivo-zagadjenja-u-boru\/"},"wordCount":131,"publisher":{"@id":"https:\/\/nea.rs\/#organization"},"image":{"@id":"https:\/\/nea.rs\/index.php\/2021\/05\/19\/ponovo-opasni-nivo-zagadjenja-u-boru\/#primaryimage"},"thumbnailUrl":"https:\/\/nea.rs\/wp-content\/uploads\/2021\/05\/image_editor_output_image307015490-1621434769805.png","articleSection":["Saop\u0161tenja"],"inLanguage":"sr-RS"},{"@type":"WebPage","@id":"https:\/\/nea.rs\/index.php\/2021\/05\/19\/ponovo-opasni-nivo-zagadjenja-u-boru\/","url":"https:\/\/nea.rs\/index.php\/2021\/05\/19\/ponovo-opasni-nivo-zagadjenja-u-boru\/","name":"Ponovo opasni nivo zaga\u0111enja u Boru - Nacionalna ekolo\u0161ka asocijacija","isPartOf":{"@id":"https:\/\/nea.rs\/#website"},"primaryImageOfPage":{"@id":"https:\/\/nea.rs\/index.php\/2021\/05\/19\/ponovo-opasni-nivo-zagadjenja-u-boru\/#primaryimage"},"image":{"@id":"https:\/\/nea.rs\/index.php\/2021\/05\/19\/ponovo-opasni-nivo-zagadjenja-u-boru\/#primaryimage"},"thumbnailUrl":"https:\/\/nea.rs\/wp-content\/uploads\/2021\/05\/image_editor_output_image307015490-1621434769805.png","datePublished":"2021-05-19T08:39:17+00:00","dateModified":"2021-05-19T15:37:23+00:00","breadcrumb":{"@id":"https:\/\/nea.rs\/index.php\/2021\/05\/19\/ponovo-opasni-nivo-zagadjenja-u-boru\/#breadcrumb"},"inLanguage":"sr-RS","potentialAction":[{"@type":"ReadAction","target":["https:\/\/nea.rs\/index.php\/2021\/05\/19\/ponovo-opasni-nivo-zagadjenja-u-boru\/"]}]},{"@type":"ImageObject","inLanguage":"sr-RS","@id":"https:\/\/nea.rs\/index.php\/2021\/05\/19\/ponovo-opasni-nivo-zagadjenja-u-boru\/#primaryimage","url":"https:\/\/nea.rs\/wp-content\/uploads\/2021\/05\/image_editor_output_image307015490-1621434769805.png","contentUrl":"https:\/\/nea.rs\/wp-content\/uploads\/2021\/05\/image_editor_output_image307015490-1621434769805.png","width":481,"height":355},{"@type":"BreadcrumbList","@id":"https:\/\/nea.rs\/index.php\/2021\/05\/19\/ponovo-opasni-nivo-zagadjenja-u-boru\/#breadcrumb","itemListElement":[{"@type":"ListItem","position":1,"name":"Po\u010detna","item":"https:\/\/nea.rs\/"},{"@type":"ListItem","position":2,"name":"Ponovo opasni nivo zaga\u0111enja u Boru"}]},{"@type":"WebSite","@id":"https:\/\/nea.rs\/#website","url":"https:\/\/nea.rs\/","name":"Nacionalna ekolo\u0161ka asocijacija","description":"","publisher":{"@id":"https:\/\/nea.rs\/#organization"},"potentialAction":[{"@type":"SearchAction","target":{"@type":"EntryPoint","urlTemplate":"https:\/\/nea.rs\/?s={search_term_string}"},"query-input":{"@type":"PropertyValueSpecification","valueRequired":true,"valueName":"search_term_string"}}],"inLanguage":"sr-RS"},{"@type":"Organization","@id":"https:\/\/nea.rs\/#organization","name":"Nacionalna ekolo\u0161ka asocijacija","url":"https:\/\/nea.rs\/","logo":{"@type":"ImageObject","inLanguage":"sr-RS","@id":"https:\/\/nea.rs\/#\/schema\/logo\/image\/","url":"https:\/\/nea.rs\/wp-content\/uploads\/2021\/05\/cropped-logoNEA_crop_180_nowhite.jpg","contentUrl":"https:\/\/nea.rs\/wp-content\/uploads\/2021\/05\/cropped-logoNEA_crop_180_nowhite.jpg","width":276,"height":154,"caption":"Nacionalna ekolo\u0161ka asocijacija"},"image":{"@id":"https:\/\/nea.rs\/#\/schema\/logo\/image\/"},"sameAs":["https:\/\/www.facebook.com\/NEASrbija","https:\/\/x.com\/NEASrbija","https:\/\/www.instagram.com\/neasrbija\/","https:\/\/www.youtube.com\/channel\/UCxwdyhNFV-rjanyqj7JIFow"]},{"@type":"Person","@id":"https:\/\/nea.rs\/#\/schema\/person\/daf5180476fd224bc67bb42ea6d87925","name":"admin","image":{"@type":"ImageObject","inLanguage":"sr-RS","@id":"https:\/\/nea.rs\/#\/schema\/person\/image\/","url":"https:\/\/secure.gravatar.com\/avatar\/208ddce103f55aec8415cbae6044df1aa912c6d56bb8e74d76628d5d221bad04?s=96&d=mm&r=g","contentUrl":"https:\/\/secure.gravatar.com\/avatar\/208ddce103f55aec8415cbae6044df1aa912c6d56bb8e74d76628d5d221bad04?s=96&d=mm&r=g","caption":"admin"},"sameAs":["https:\/\/nea.rs"],"url":"https:\/\/nea.rs\/index.php\/author\/admin_5kpl02hl\/"}]}},"jetpack_sharing_enabled":true,"jetpack_featured_media_url":"https:\/\/nea.rs\/wp-content\/uploads\/2021\/05\/image_editor_output_image307015490-1621434769805.png","_links":{"self":[{"href":"https:\/\/nea.rs\/index.php\/wp-json\/wp\/v2\/posts\/446","targetHints":{"allow":["GET"]}}],"collection":[{"href":"https:\/\/nea.rs\/index.php\/wp-json\/wp\/v2\/posts"}],"about":[{"href":"https:\/\/nea.rs\/index.php\/wp-json\/wp\/v2\/types\/post"}],"author":[{"embeddable":true,"href":"https:\/\/nea.rs\/index.php\/wp-json\/wp\/v2\/users\/1"}],"replies":[{"embeddable":true,"href":"https:\/\/nea.rs\/index.php\/wp-json\/wp\/v2\/comments?post=446"}],"version-history":[{"count":3,"href":"https:\/\/nea.rs\/index.php\/wp-json\/wp\/v2\/posts\/446\/revisions"}],"predecessor-version":[{"id":459,"href":"https:\/\/nea.rs\/index.php\/wp-json\/wp\/v2\/posts\/446\/revisions\/459"}],"wp:featuredmedia":[{"embeddable":true,"href":"https:\/\/nea.rs\/index.php\/wp-json\/wp\/v2\/media\/457"}],"wp:attachment":[{"href":"https:\/\/nea.rs\/index.php\/wp-json\/wp\/v2\/media?parent=446"}],"wp:term":[{"taxonomy":"category","embeddable":true,"href":"https:\/\/nea.rs\/index.php\/wp-json\/wp\/v2\/categories?post=446"},{"taxonomy":"post_tag","embeddable":true,"href":"https:\/\/nea.rs\/index.php\/wp-json\/wp\/v2\/tags?post=446"}],"curies":[{"name":"wp","href":"https:\/\/api.w.org\/{rel}","templated":true}]}}