{"id":424,"date":"2021-05-16T10:23:07","date_gmt":"2021-05-16T10:23:07","guid":{"rendered":"https:\/\/nea.rs\/?p=424"},"modified":"2021-05-16T10:27:13","modified_gmt":"2021-05-16T10:27:13","slug":"o-planu-kvaliteta-vazduha-u-beogradu","status":"publish","type":"post","link":"https:\/\/nea.rs\/index.php\/2021\/05\/16\/o-planu-kvaliteta-vazduha-u-beogradu\/","title":{"rendered":"O Planu kvaliteta vazduha u Beogradu"},"content":{"rendered":"\n<p><a href=\"https:\/\/nea.rs\/index.php\/prim-dr-elizabet-paunovic-lekar\/\"><em>Prim. Dr. Elizabet Paunovi\u0107, lekar<\/em><\/a><\/p>\n\n\n\n<p>Evropska unija planira da smanji prevremenu smrtnost od zagadjenog vazduha do 2030. za vise od 55%. Po\u010de\u0107e sa pribli\u017eavanjem dozvoljenih vrednosti zagadjujucih materija onima koje preporu\u010duje WHO (kako i pise u preambuli Direktive za kvalitet vazduha). \u0160ta planira Srbija? Bilo bi interesantno \u010duti na\u0161e donosioce odluka. Na \u017ealost, ovaj indikator, broj prevremenih smrti od zagadjenog vazduha, koji je i globalno dogovoren indikator za merenje ostvarivanja ciljeva Agende odr\u017eivog razvoja, u ovom slucaju 3.9.1 (smanjiti broj prevremeno umrlih od zagadjenog vazduha, zemlje i hemikalija) ne nalazi se kao merilo niti kao cilj u Planu kvaliteta vazduha za Beograd. U javnoj raspravi o Planu kvaliteta vazduha za Beograd, zagovarala sam da i Grad Beograd prihvati pristup koji su 2015. prihvatili svi \u0161efovi drzava ili vlada (i Republike Srbije) kroz UN Rezoluciju Transformi\u0161emo na\u0161 svet: Agenda 2030 za odrzivi razvoj. Na \u017ealost kolege iz Gradskog zavoda za javno zdravlje koji su uradili ovaj Plan, nisu smatrali da treba meriti uspe\u0161nost primene Plana navodjenjem po\u010detnog stanja. U Beogradu godi\u0161nje pre vremena umre 1896 ljudi samo zbog zagadjenja najsitnijim i najopasnijim \u010desticama od 2.5 mikrona i manje. Po\u0161to se kod nas \u010desto mo\u017ee \u010duti da se zagadjenje \u017eivotne sredine \u201cpolitizuje\u201d, zavr\u0161ila bih ovaj komentar citiraju\u0107i biv\u0161u Direktorku WHO za Evropu:\u201d Zdravlje je politi\u010dki izbor\u201d.<\/p>\n","protected":false},"excerpt":{"rendered":"<p>Prim. Dr. Elizabet Paunovi\u0107, lekar Evropska unija planira da smanji prevremenu smrtnost od zagadjenog vazduha do 2030. za vise od 55%. Po\u010de\u0107e sa pribli\u017eavanjem dozvoljenih&hellip;<\/p>\n","protected":false},"author":1,"featured_media":0,"comment_status":"closed","ping_status":"open","sticky":false,"template":"","format":"standard","meta":{"footnotes":""},"categories":[8],"tags":[16,17,9,10],"class_list":["post-424","post","type-post","status-publish","format-standard","hentry","category-biblioteka","tag-granicna-vrednost","tag-szo","tag-zagadjenje-vazduha","tag-zdravlje"],"yoast_head":"<!-- This site is optimized with the Yoast SEO plugin v24.9 - https:\/\/yoast.com\/wordpress\/plugins\/seo\/ -->\n<title>O Planu kvaliteta vazduha u Beogradu - Nacionalna ekolo\u0161ka asocijacija<\/title>\n<meta name=\"robots\" content=\"index, follow, max-snippet:-1, max-image-preview:large, max-video-preview:-1\" \/>\n<link rel=\"canonical\" href=\"https:\/\/nea.rs\/index.php\/2021\/05\/16\/o-planu-kvaliteta-vazduha-u-beogradu\/\" \/>\n<meta property=\"og:locale\" content=\"sr_RS\" \/>\n<meta property=\"og:type\" content=\"article\" \/>\n<meta property=\"og:title\" content=\"O Planu kvaliteta vazduha u Beogradu - Nacionalna ekolo\u0161ka asocijacija\" \/>\n<meta property=\"og:description\" content=\"Prim. Dr. Elizabet Paunovi\u0107, lekar Evropska unija planira da smanji prevremenu smrtnost od zagadjenog vazduha do 2030. za vise od 55%. Po\u010de\u0107e sa pribli\u017eavanjem dozvoljenih&hellip;\" \/>\n<meta property=\"og:url\" content=\"https:\/\/nea.rs\/index.php\/2021\/05\/16\/o-planu-kvaliteta-vazduha-u-beogradu\/\" \/>\n<meta property=\"og:site_name\" content=\"Nacionalna ekolo\u0161ka asocijacija\" \/>\n<meta property=\"article:publisher\" content=\"https:\/\/www.facebook.com\/NEASrbija\" \/>\n<meta property=\"article:published_time\" content=\"2021-05-16T10:23:07+00:00\" \/>\n<meta property=\"article:modified_time\" content=\"2021-05-16T10:27:13+00:00\" \/>\n<meta name=\"author\" content=\"admin\" \/>\n<meta name=\"twitter:card\" content=\"summary_large_image\" \/>\n<meta name=\"twitter:creator\" content=\"@NEASrbija\" \/>\n<meta name=\"twitter:site\" content=\"@NEASrbija\" \/>\n<meta name=\"twitter:label1\" content=\"Napisano od\" \/>\n\t<meta name=\"twitter:data1\" content=\"admin\" \/>\n\t<meta name=\"twitter:label2\" content=\"Procenjeno vreme \u010ditanja\" \/>\n\t<meta name=\"twitter:data2\" content=\"1 minut\" \/>\n<script type=\"application\/ld+json\" class=\"yoast-schema-graph\">{\"@context\":\"https:\/\/schema.org\",\"@graph\":[{\"@type\":\"Article\",\"@id\":\"https:\/\/nea.rs\/index.php\/2021\/05\/16\/o-planu-kvaliteta-vazduha-u-beogradu\/#article\",\"isPartOf\":{\"@id\":\"https:\/\/nea.rs\/index.php\/2021\/05\/16\/o-planu-kvaliteta-vazduha-u-beogradu\/\"},\"author\":{\"name\":\"admin\",\"@id\":\"https:\/\/nea.rs\/#\/schema\/person\/daf5180476fd224bc67bb42ea6d87925\"},\"headline\":\"O Planu kvaliteta vazduha u Beogradu\",\"datePublished\":\"2021-05-16T10:23:07+00:00\",\"dateModified\":\"2021-05-16T10:27:13+00:00\",\"mainEntityOfPage\":{\"@id\":\"https:\/\/nea.rs\/index.php\/2021\/05\/16\/o-planu-kvaliteta-vazduha-u-beogradu\/\"},\"wordCount\":229,\"publisher\":{\"@id\":\"https:\/\/nea.rs\/#organization\"},\"keywords\":[\"Grani\u010dna vrednost\",\"SZO\",\"Zaga\u0111enje vazduha\",\"Zdravlje\"],\"articleSection\":[\"Biblioteka\"],\"inLanguage\":\"sr-RS\"},{\"@type\":\"WebPage\",\"@id\":\"https:\/\/nea.rs\/index.php\/2021\/05\/16\/o-planu-kvaliteta-vazduha-u-beogradu\/\",\"url\":\"https:\/\/nea.rs\/index.php\/2021\/05\/16\/o-planu-kvaliteta-vazduha-u-beogradu\/\",\"name\":\"O Planu kvaliteta vazduha u Beogradu - Nacionalna ekolo\u0161ka asocijacija\",\"isPartOf\":{\"@id\":\"https:\/\/nea.rs\/#website\"},\"datePublished\":\"2021-05-16T10:23:07+00:00\",\"dateModified\":\"2021-05-16T10:27:13+00:00\",\"breadcrumb\":{\"@id\":\"https:\/\/nea.rs\/index.php\/2021\/05\/16\/o-planu-kvaliteta-vazduha-u-beogradu\/#breadcrumb\"},\"inLanguage\":\"sr-RS\",\"potentialAction\":[{\"@type\":\"ReadAction\",\"target\":[\"https:\/\/nea.rs\/index.php\/2021\/05\/16\/o-planu-kvaliteta-vazduha-u-beogradu\/\"]}]},{\"@type\":\"BreadcrumbList\",\"@id\":\"https:\/\/nea.rs\/index.php\/2021\/05\/16\/o-planu-kvaliteta-vazduha-u-beogradu\/#breadcrumb\",\"itemListElement\":[{\"@type\":\"ListItem\",\"position\":1,\"name\":\"Po\u010detna\",\"item\":\"https:\/\/nea.rs\/\"},{\"@type\":\"ListItem\",\"position\":2,\"name\":\"O Planu kvaliteta vazduha u Beogradu\"}]},{\"@type\":\"WebSite\",\"@id\":\"https:\/\/nea.rs\/#website\",\"url\":\"https:\/\/nea.rs\/\",\"name\":\"Nacionalna ekolo\u0161ka asocijacija\",\"description\":\"\",\"publisher\":{\"@id\":\"https:\/\/nea.rs\/#organization\"},\"potentialAction\":[{\"@type\":\"SearchAction\",\"target\":{\"@type\":\"EntryPoint\",\"urlTemplate\":\"https:\/\/nea.rs\/?s={search_term_string}\"},\"query-input\":{\"@type\":\"PropertyValueSpecification\",\"valueRequired\":true,\"valueName\":\"search_term_string\"}}],\"inLanguage\":\"sr-RS\"},{\"@type\":\"Organization\",\"@id\":\"https:\/\/nea.rs\/#organization\",\"name\":\"Nacionalna ekolo\u0161ka asocijacija\",\"url\":\"https:\/\/nea.rs\/\",\"logo\":{\"@type\":\"ImageObject\",\"inLanguage\":\"sr-RS\",\"@id\":\"https:\/\/nea.rs\/#\/schema\/logo\/image\/\",\"url\":\"https:\/\/nea.rs\/wp-content\/uploads\/2021\/05\/cropped-logoNEA_crop_180_nowhite.jpg\",\"contentUrl\":\"https:\/\/nea.rs\/wp-content\/uploads\/2021\/05\/cropped-logoNEA_crop_180_nowhite.jpg\",\"width\":276,\"height\":154,\"caption\":\"Nacionalna ekolo\u0161ka asocijacija\"},\"image\":{\"@id\":\"https:\/\/nea.rs\/#\/schema\/logo\/image\/\"},\"sameAs\":[\"https:\/\/www.facebook.com\/NEASrbija\",\"https:\/\/x.com\/NEASrbija\",\"https:\/\/www.instagram.com\/neasrbija\/\",\"https:\/\/www.youtube.com\/channel\/UCxwdyhNFV-rjanyqj7JIFow\"]},{\"@type\":\"Person\",\"@id\":\"https:\/\/nea.rs\/#\/schema\/person\/daf5180476fd224bc67bb42ea6d87925\",\"name\":\"admin\",\"image\":{\"@type\":\"ImageObject\",\"inLanguage\":\"sr-RS\",\"@id\":\"https:\/\/nea.rs\/#\/schema\/person\/image\/\",\"url\":\"https:\/\/secure.gravatar.com\/avatar\/208ddce103f55aec8415cbae6044df1aa912c6d56bb8e74d76628d5d221bad04?s=96&d=mm&r=g\",\"contentUrl\":\"https:\/\/secure.gravatar.com\/avatar\/208ddce103f55aec8415cbae6044df1aa912c6d56bb8e74d76628d5d221bad04?s=96&d=mm&r=g\",\"caption\":\"admin\"},\"sameAs\":[\"https:\/\/nea.rs\"],\"url\":\"https:\/\/nea.rs\/index.php\/author\/admin_5kpl02hl\/\"}]}<\/script>\n<!-- \/ Yoast SEO plugin. -->","yoast_head_json":{"title":"O Planu kvaliteta vazduha u Beogradu - Nacionalna ekolo\u0161ka asocijacija","robots":{"index":"index","follow":"follow","max-snippet":"max-snippet:-1","max-image-preview":"max-image-preview:large","max-video-preview":"max-video-preview:-1"},"canonical":"https:\/\/nea.rs\/index.php\/2021\/05\/16\/o-planu-kvaliteta-vazduha-u-beogradu\/","og_locale":"sr_RS","og_type":"article","og_title":"O Planu kvaliteta vazduha u Beogradu - Nacionalna ekolo\u0161ka asocijacija","og_description":"Prim. Dr. Elizabet Paunovi\u0107, lekar Evropska unija planira da smanji prevremenu smrtnost od zagadjenog vazduha do 2030. za vise od 55%. Po\u010de\u0107e sa pribli\u017eavanjem dozvoljenih&hellip;","og_url":"https:\/\/nea.rs\/index.php\/2021\/05\/16\/o-planu-kvaliteta-vazduha-u-beogradu\/","og_site_name":"Nacionalna ekolo\u0161ka asocijacija","article_publisher":"https:\/\/www.facebook.com\/NEASrbija","article_published_time":"2021-05-16T10:23:07+00:00","article_modified_time":"2021-05-16T10:27:13+00:00","author":"admin","twitter_card":"summary_large_image","twitter_creator":"@NEASrbija","twitter_site":"@NEASrbija","twitter_misc":{"Napisano od":"admin","Procenjeno vreme \u010ditanja":"1 minut"},"schema":{"@context":"https:\/\/schema.org","@graph":[{"@type":"Article","@id":"https:\/\/nea.rs\/index.php\/2021\/05\/16\/o-planu-kvaliteta-vazduha-u-beogradu\/#article","isPartOf":{"@id":"https:\/\/nea.rs\/index.php\/2021\/05\/16\/o-planu-kvaliteta-vazduha-u-beogradu\/"},"author":{"name":"admin","@id":"https:\/\/nea.rs\/#\/schema\/person\/daf5180476fd224bc67bb42ea6d87925"},"headline":"O Planu kvaliteta vazduha u Beogradu","datePublished":"2021-05-16T10:23:07+00:00","dateModified":"2021-05-16T10:27:13+00:00","mainEntityOfPage":{"@id":"https:\/\/nea.rs\/index.php\/2021\/05\/16\/o-planu-kvaliteta-vazduha-u-beogradu\/"},"wordCount":229,"publisher":{"@id":"https:\/\/nea.rs\/#organization"},"keywords":["Grani\u010dna vrednost","SZO","Zaga\u0111enje vazduha","Zdravlje"],"articleSection":["Biblioteka"],"inLanguage":"sr-RS"},{"@type":"WebPage","@id":"https:\/\/nea.rs\/index.php\/2021\/05\/16\/o-planu-kvaliteta-vazduha-u-beogradu\/","url":"https:\/\/nea.rs\/index.php\/2021\/05\/16\/o-planu-kvaliteta-vazduha-u-beogradu\/","name":"O Planu kvaliteta vazduha u Beogradu - Nacionalna ekolo\u0161ka asocijacija","isPartOf":{"@id":"https:\/\/nea.rs\/#website"},"datePublished":"2021-05-16T10:23:07+00:00","dateModified":"2021-05-16T10:27:13+00:00","breadcrumb":{"@id":"https:\/\/nea.rs\/index.php\/2021\/05\/16\/o-planu-kvaliteta-vazduha-u-beogradu\/#breadcrumb"},"inLanguage":"sr-RS","potentialAction":[{"@type":"ReadAction","target":["https:\/\/nea.rs\/index.php\/2021\/05\/16\/o-planu-kvaliteta-vazduha-u-beogradu\/"]}]},{"@type":"BreadcrumbList","@id":"https:\/\/nea.rs\/index.php\/2021\/05\/16\/o-planu-kvaliteta-vazduha-u-beogradu\/#breadcrumb","itemListElement":[{"@type":"ListItem","position":1,"name":"Po\u010detna","item":"https:\/\/nea.rs\/"},{"@type":"ListItem","position":2,"name":"O Planu kvaliteta vazduha u Beogradu"}]},{"@type":"WebSite","@id":"https:\/\/nea.rs\/#website","url":"https:\/\/nea.rs\/","name":"Nacionalna ekolo\u0161ka asocijacija","description":"","publisher":{"@id":"https:\/\/nea.rs\/#organization"},"potentialAction":[{"@type":"SearchAction","target":{"@type":"EntryPoint","urlTemplate":"https:\/\/nea.rs\/?s={search_term_string}"},"query-input":{"@type":"PropertyValueSpecification","valueRequired":true,"valueName":"search_term_string"}}],"inLanguage":"sr-RS"},{"@type":"Organization","@id":"https:\/\/nea.rs\/#organization","name":"Nacionalna ekolo\u0161ka asocijacija","url":"https:\/\/nea.rs\/","logo":{"@type":"ImageObject","inLanguage":"sr-RS","@id":"https:\/\/nea.rs\/#\/schema\/logo\/image\/","url":"https:\/\/nea.rs\/wp-content\/uploads\/2021\/05\/cropped-logoNEA_crop_180_nowhite.jpg","contentUrl":"https:\/\/nea.rs\/wp-content\/uploads\/2021\/05\/cropped-logoNEA_crop_180_nowhite.jpg","width":276,"height":154,"caption":"Nacionalna ekolo\u0161ka asocijacija"},"image":{"@id":"https:\/\/nea.rs\/#\/schema\/logo\/image\/"},"sameAs":["https:\/\/www.facebook.com\/NEASrbija","https:\/\/x.com\/NEASrbija","https:\/\/www.instagram.com\/neasrbija\/","https:\/\/www.youtube.com\/channel\/UCxwdyhNFV-rjanyqj7JIFow"]},{"@type":"Person","@id":"https:\/\/nea.rs\/#\/schema\/person\/daf5180476fd224bc67bb42ea6d87925","name":"admin","image":{"@type":"ImageObject","inLanguage":"sr-RS","@id":"https:\/\/nea.rs\/#\/schema\/person\/image\/","url":"https:\/\/secure.gravatar.com\/avatar\/208ddce103f55aec8415cbae6044df1aa912c6d56bb8e74d76628d5d221bad04?s=96&d=mm&r=g","contentUrl":"https:\/\/secure.gravatar.com\/avatar\/208ddce103f55aec8415cbae6044df1aa912c6d56bb8e74d76628d5d221bad04?s=96&d=mm&r=g","caption":"admin"},"sameAs":["https:\/\/nea.rs"],"url":"https:\/\/nea.rs\/index.php\/author\/admin_5kpl02hl\/"}]}},"jetpack_sharing_enabled":true,"jetpack_featured_media_url":"","_links":{"self":[{"href":"https:\/\/nea.rs\/index.php\/wp-json\/wp\/v2\/posts\/424","targetHints":{"allow":["GET"]}}],"collection":[{"href":"https:\/\/nea.rs\/index.php\/wp-json\/wp\/v2\/posts"}],"about":[{"href":"https:\/\/nea.rs\/index.php\/wp-json\/wp\/v2\/types\/post"}],"author":[{"embeddable":true,"href":"https:\/\/nea.rs\/index.php\/wp-json\/wp\/v2\/users\/1"}],"replies":[{"embeddable":true,"href":"https:\/\/nea.rs\/index.php\/wp-json\/wp\/v2\/comments?post=424"}],"version-history":[{"count":2,"href":"https:\/\/nea.rs\/index.php\/wp-json\/wp\/v2\/posts\/424\/revisions"}],"predecessor-version":[{"id":426,"href":"https:\/\/nea.rs\/index.php\/wp-json\/wp\/v2\/posts\/424\/revisions\/426"}],"wp:attachment":[{"href":"https:\/\/nea.rs\/index.php\/wp-json\/wp\/v2\/media?parent=424"}],"wp:term":[{"taxonomy":"category","embeddable":true,"href":"https:\/\/nea.rs\/index.php\/wp-json\/wp\/v2\/categories?post=424"},{"taxonomy":"post_tag","embeddable":true,"href":"https:\/\/nea.rs\/index.php\/wp-json\/wp\/v2\/tags?post=424"}],"curies":[{"name":"wp","href":"https:\/\/api.w.org\/{rel}","templated":true}]}}