{"id":176,"date":"2021-04-20T20:43:00","date_gmt":"2021-04-20T20:43:00","guid":{"rendered":"https:\/\/nea.rs\/?p=176"},"modified":"2021-05-05T09:31:02","modified_gmt":"2021-05-05T09:31:02","slug":"osnovana-nacionalna-ekoloska-asocijacija","status":"publish","type":"post","link":"https:\/\/nea.rs\/index.php\/2021\/04\/20\/osnovana-nacionalna-ekoloska-asocijacija\/","title":{"rendered":"Osnovana Nacionalna ekolo\u0161ka asocijacija"},"content":{"rendered":"\n<p class=\"has-medium-font-size\">Stru\u010dnjaci i profesori iz oblasti za\u0161tite \u017eivotne sredine okupljeni oko novoformirane &#8222;Nacionalne ekolo\u0161ke asocijacije&#8220; (NEA) poru\u010dili su danas da \u0107e ova asocijacija biti &#8222;stru\u010dna institucija i udarna pesnica&#8220; u prikazu onoga \u0161to je realno i onoga \u0161to treba u\u010diniti da bi se prevazi\u0161li problemi u ovoj oblasti.<\/p>\n\n\n\n<p>&#8222;Postoji moralna du\u017enost, u situaciji u kojoj smo se na\u0161li kao dr\u017eava, da u oblasti za\u0161tite \u017eivotne sredine pomognemo da se ova pitanja razre\u0161e. Ne da se o njima pri\u010da, nego da se ponude konkretna re\u0161enja na konkretne probleme&#8220;, rekao je u obra\u0107anju u Medija centru meteorolog Milenko Jovanovi\u0107. On je istakao da NEA \u017eeli da pomogne institucijama koje &#8222;\u017eele da \u010duju&#8220;, kao i da daju stru\u010dnu podr\u0161ku svim udru\u017eenjima gra\u0111ana, pokretima kako bi bolje artikulisali ono \u0161to ih mu\u010di. &#8222;Mi nemamo nikakvo zakonsko ovla\u0161\u0107enje da donosimo odluke, ali \u0107emo biti jedan ozbiljan stru\u010dni konzilijum koji \u0107e dati dijagnozu i dati preporuke ostvarljivih re\u0161enja da bi se stanje pobolj\u0161alo&#8220;, poru\u010dio je on.<\/p>\n\n\n\n<div class=\"wp-block-image\"><figure class=\"aligncenter size-full\"><img loading=\"lazy\" decoding=\"async\" width=\"450\" height=\"299\" src=\"https:\/\/nea.rs\/wp-content\/uploads\/2021\/05\/DSC_0391_small.jpg\" alt=\"\" class=\"wp-image-177\" srcset=\"https:\/\/nea.rs\/wp-content\/uploads\/2021\/05\/DSC_0391_small.jpg 450w, https:\/\/nea.rs\/wp-content\/uploads\/2021\/05\/DSC_0391_small-300x199.jpg 300w\" sizes=\"auto, (max-width: 450px) 100vw, 450px\" \/><figcaption>Konferencija za \u0161tampu u Medija centru<\/figcaption><\/figure><\/div>\n\n\n\n<p>Geolog i biv\u0161i sekretar za za\u0161titu \u017eivotne sredine Branislav Bo\u017eovi\u0107 je istakao da stru\u010dnjaci i nau\u010dnici moraju posmatrati \u017eivotnu sredinu sa aspekta kontrole preventive i rizika. Bo\u017eovi\u0107 je poru\u010dio da \u0107e NEA slu\u017eiti kao &#8222;odbrana znanja&#8220; i da \u0107e upravo tim znanjem ste\u0107i autoritet u javnosti, kao i da je ekologija prihod, a ne tro\u0161ak, kako se na nju \u010desto gleda.<\/p>\n\n\n\n<p>Profesor na Biolo\u0161kom fakultetu u Beogradu Predrag Simonovi\u0107 ocenio je da su oni koji prave probleme u oblasti za\u0161tite \u017eivotne sredine \u010desto izme\u0161teni izvan udara zakona. &#8222;U sektoru za\u0161tite prirode ne\u0161to debelo nije u redu i to traje poprili\u010dno dugo. Glavni problem je neprimenjivanje ili selektivno primenjivanje zakona koji su sasvim okej&#8220;, istakao je Simonovi\u0107. Kao problem, on je naveo i najavu gradnje na Velikom ratnom ostrvu u Beogradu koje spada u za\u0161ti\u0107ena prirodna dobra. On smatra i da bi gra\u0111evinski radovi lo\u0161e uticali na brojne vrste ptica koje \u017eive na tom ostrvu i &#8222;rasterali&#8220; ih iz njihovog prirodnog stani\u0161ta, kao i da dr\u017eava na ovaj na\u010din &#8222;puca sama sebi u noge&#8220;.<\/p>\n\n\n\n<p>Arhitekta Dragoljub Baki\u0107 je po\u010detak rada Nacionalne ekolo\u0161ke asocijacije uporedio sa &#8222;ulaskom u javni prostor jednog neophodnog, po\u0161tenog policajca koji \u0107e da ukazuje na one koji kr\u0161e zakone \u0161to se ti\u010de za\u0161tite \u017eivotne sredine&#8220;. On smatra da je ova asocijacija pravi nastavak nedavno odr\u017eanog &#8222;Ekolo\u0161kog ustanka&#8220; koji se odr\u017eao u Beogradu. Baki\u0107 je poru\u010dio da je to bio i ekolo\u0161ki i politi\u010dki ustanak i da se gra\u0111anima to ne sme zameriti, jer su im ugro\u017eena i ekolo\u0161ka i politi\u010dka prava.<\/p>\n\n\n\n<div class=\"wp-block-columns is-layout-flex wp-container-core-columns-is-layout-9d6595d7 wp-block-columns-is-layout-flex\">\n<div class=\"wp-block-column is-layout-flow wp-block-column-is-layout-flow\" style=\"flex-basis:50%\">\n<div class=\"wp-block-group\"><div class=\"wp-block-group__inner-container is-layout-flow wp-block-group-is-layout-flow\">\n<div class=\"wp-block-image\"><figure class=\"aligncenter size-large\"><img loading=\"lazy\" decoding=\"async\" width=\"450\" height=\"299\" src=\"https:\/\/nea.rs\/wp-content\/uploads\/2021\/05\/DSC_0428_small.jpg\" alt=\"\" class=\"wp-image-178\" srcset=\"https:\/\/nea.rs\/wp-content\/uploads\/2021\/05\/DSC_0428_small.jpg 450w, https:\/\/nea.rs\/wp-content\/uploads\/2021\/05\/DSC_0428_small-300x199.jpg 300w\" sizes=\"auto, (max-width: 450px) 100vw, 450px\" \/><\/figure><\/div>\n\n\n\n<p><\/p>\n<\/div><\/div>\n<\/div>\n\n\n\n<div class=\"wp-block-column is-vertically-aligned-top is-layout-flow wp-block-column-is-layout-flow\" style=\"flex-basis:50%\">\n<p>Me\u0111unarodni ekspert za za\u0161titu \u017eivotne sredine, Dejan Leki\u0107 predstavio je aplikaciju koja prikazuje kvalitet vazduha u Srbiji u realnom vremenu. On je rekao da su preslikani kriterijumi Evropske agencije za \u017eivotnu sredinu i da te kriterijume u Evropi primenjuje &#8222;37 od 38 dr\u017eava, sem jedne&#8220;, aludiraju\u0107i na Srbiju. &#8222;Taj kriterijum (Evropske agencije za \u017eivotnu sredinu) je ugra\u0111en u ovu aplikaciju. Ona daje rezultate u \u0161est kategorija po dve vrste kriterijuma &#8211; dvadeset\u010detvoro\u010dasovnim i srednje\u010dasovnim, kao \u0161to to radi i ona organizacija \u010diji mi \u010dlan \u017eelimo da budemo, ali ne \u017eelimo da prihvatimo njene standarde zato \u0161to mi znamo bolje&#8220;, poru\u010dio je Leki\u0107. On je ocenio i da kod nas ne postoji na\u010din da se iska\u017ee profesionalna etika, i da bi &#8222;profesionalci&#8220; iz ovih oblasti bi do sada reagovali na to \u0161to je grad Valjevo imao 84 dana sa prekora\u010denim zaga\u0111enjem vazduha od po\u010detka godine, od dozvoljenih 35 za celu godinu.<\/p>\n<\/div>\n<\/div>\n\n\n\n<figure class=\"wp-block-embed is-type-video is-provider-youtube wp-block-embed-youtube wp-embed-aspect-16-9 wp-has-aspect-ratio\"><div class=\"wp-block-embed__wrapper\">\n<iframe loading=\"lazy\" title=\"Konferencija za novinare Nacionalne ekolo\u0161ke asocijacije (NEA)\" width=\"843\" height=\"474\" src=\"https:\/\/www.youtube.com\/embed\/qwIBbHdoFO4?feature=oembed\" frameborder=\"0\" allow=\"accelerometer; autoplay; clipboard-write; encrypted-media; gyroscope; picture-in-picture\" allowfullscreen><\/iframe>\n<\/div><\/figure>\n","protected":false},"excerpt":{"rendered":"<p>Stru\u010dnjaci i profesori iz oblasti za\u0161tite \u017eivotne sredine okupljeni oko novoformirane &#8222;Nacionalne ekolo\u0161ke asocijacije&#8220; (NEA) poru\u010dili su danas da \u0107e ova asocijacija biti &#8222;stru\u010dna institucija&hellip;<\/p>\n","protected":false},"author":1,"featured_media":0,"comment_status":"closed","ping_status":"open","sticky":false,"template":"","format":"standard","meta":{"footnotes":""},"categories":[5],"tags":[],"class_list":["post-176","post","type-post","status-publish","format-standard","hentry","category-aktivnosti"],"yoast_head":"<!-- This site is optimized with the Yoast SEO plugin v24.9 - https:\/\/yoast.com\/wordpress\/plugins\/seo\/ -->\n<title>Osnovana Nacionalna ekolo\u0161ka asocijacija - Nacionalna ekolo\u0161ka asocijacija<\/title>\n<meta name=\"robots\" content=\"index, follow, max-snippet:-1, max-image-preview:large, max-video-preview:-1\" \/>\n<link rel=\"canonical\" href=\"https:\/\/nea.rs\/index.php\/2021\/04\/20\/osnovana-nacionalna-ekoloska-asocijacija\/\" \/>\n<meta property=\"og:locale\" content=\"sr_RS\" \/>\n<meta property=\"og:type\" content=\"article\" \/>\n<meta property=\"og:title\" content=\"Osnovana Nacionalna ekolo\u0161ka asocijacija - Nacionalna ekolo\u0161ka asocijacija\" \/>\n<meta property=\"og:description\" content=\"Stru\u010dnjaci i profesori iz oblasti za\u0161tite \u017eivotne sredine okupljeni oko novoformirane &#8222;Nacionalne ekolo\u0161ke asocijacije&#8220; (NEA) poru\u010dili su danas da \u0107e ova asocijacija biti &#8222;stru\u010dna institucija&hellip;\" \/>\n<meta property=\"og:url\" content=\"https:\/\/nea.rs\/index.php\/2021\/04\/20\/osnovana-nacionalna-ekoloska-asocijacija\/\" \/>\n<meta property=\"og:site_name\" content=\"Nacionalna ekolo\u0161ka asocijacija\" \/>\n<meta property=\"article:publisher\" content=\"https:\/\/www.facebook.com\/NEASrbija\" \/>\n<meta property=\"article:published_time\" content=\"2021-04-20T20:43:00+00:00\" \/>\n<meta property=\"article:modified_time\" content=\"2021-05-05T09:31:02+00:00\" \/>\n<meta property=\"og:image\" content=\"https:\/\/nea.rs\/wp-content\/uploads\/2021\/05\/DSC_0391_small.jpg\" \/>\n<meta name=\"author\" content=\"admin\" \/>\n<meta name=\"twitter:card\" content=\"summary_large_image\" \/>\n<meta name=\"twitter:creator\" content=\"@NEASrbija\" \/>\n<meta name=\"twitter:site\" content=\"@NEASrbija\" \/>\n<meta name=\"twitter:label1\" content=\"Napisano od\" \/>\n\t<meta name=\"twitter:data1\" content=\"admin\" \/>\n\t<meta name=\"twitter:label2\" content=\"Procenjeno vreme \u010ditanja\" \/>\n\t<meta name=\"twitter:data2\" content=\"3 minuta\" \/>\n<script type=\"application\/ld+json\" class=\"yoast-schema-graph\">{\"@context\":\"https:\/\/schema.org\",\"@graph\":[{\"@type\":\"Article\",\"@id\":\"https:\/\/nea.rs\/index.php\/2021\/04\/20\/osnovana-nacionalna-ekoloska-asocijacija\/#article\",\"isPartOf\":{\"@id\":\"https:\/\/nea.rs\/index.php\/2021\/04\/20\/osnovana-nacionalna-ekoloska-asocijacija\/\"},\"author\":{\"name\":\"admin\",\"@id\":\"https:\/\/nea.rs\/#\/schema\/person\/daf5180476fd224bc67bb42ea6d87925\"},\"headline\":\"Osnovana Nacionalna ekolo\u0161ka asocijacija\",\"datePublished\":\"2021-04-20T20:43:00+00:00\",\"dateModified\":\"2021-05-05T09:31:02+00:00\",\"mainEntityOfPage\":{\"@id\":\"https:\/\/nea.rs\/index.php\/2021\/04\/20\/osnovana-nacionalna-ekoloska-asocijacija\/\"},\"wordCount\":651,\"publisher\":{\"@id\":\"https:\/\/nea.rs\/#organization\"},\"image\":{\"@id\":\"https:\/\/nea.rs\/index.php\/2021\/04\/20\/osnovana-nacionalna-ekoloska-asocijacija\/#primaryimage\"},\"thumbnailUrl\":\"https:\/\/nea.rs\/wp-content\/uploads\/2021\/05\/DSC_0391_small.jpg\",\"articleSection\":[\"Aktivnosti\"],\"inLanguage\":\"sr-RS\"},{\"@type\":\"WebPage\",\"@id\":\"https:\/\/nea.rs\/index.php\/2021\/04\/20\/osnovana-nacionalna-ekoloska-asocijacija\/\",\"url\":\"https:\/\/nea.rs\/index.php\/2021\/04\/20\/osnovana-nacionalna-ekoloska-asocijacija\/\",\"name\":\"Osnovana Nacionalna ekolo\u0161ka asocijacija - Nacionalna ekolo\u0161ka asocijacija\",\"isPartOf\":{\"@id\":\"https:\/\/nea.rs\/#website\"},\"primaryImageOfPage\":{\"@id\":\"https:\/\/nea.rs\/index.php\/2021\/04\/20\/osnovana-nacionalna-ekoloska-asocijacija\/#primaryimage\"},\"image\":{\"@id\":\"https:\/\/nea.rs\/index.php\/2021\/04\/20\/osnovana-nacionalna-ekoloska-asocijacija\/#primaryimage\"},\"thumbnailUrl\":\"https:\/\/nea.rs\/wp-content\/uploads\/2021\/05\/DSC_0391_small.jpg\",\"datePublished\":\"2021-04-20T20:43:00+00:00\",\"dateModified\":\"2021-05-05T09:31:02+00:00\",\"breadcrumb\":{\"@id\":\"https:\/\/nea.rs\/index.php\/2021\/04\/20\/osnovana-nacionalna-ekoloska-asocijacija\/#breadcrumb\"},\"inLanguage\":\"sr-RS\",\"potentialAction\":[{\"@type\":\"ReadAction\",\"target\":[\"https:\/\/nea.rs\/index.php\/2021\/04\/20\/osnovana-nacionalna-ekoloska-asocijacija\/\"]}]},{\"@type\":\"ImageObject\",\"inLanguage\":\"sr-RS\",\"@id\":\"https:\/\/nea.rs\/index.php\/2021\/04\/20\/osnovana-nacionalna-ekoloska-asocijacija\/#primaryimage\",\"url\":\"https:\/\/nea.rs\/wp-content\/uploads\/2021\/05\/DSC_0391_small.jpg\",\"contentUrl\":\"https:\/\/nea.rs\/wp-content\/uploads\/2021\/05\/DSC_0391_small.jpg\",\"width\":450,\"height\":299},{\"@type\":\"BreadcrumbList\",\"@id\":\"https:\/\/nea.rs\/index.php\/2021\/04\/20\/osnovana-nacionalna-ekoloska-asocijacija\/#breadcrumb\",\"itemListElement\":[{\"@type\":\"ListItem\",\"position\":1,\"name\":\"Po\u010detna\",\"item\":\"https:\/\/nea.rs\/\"},{\"@type\":\"ListItem\",\"position\":2,\"name\":\"Osnovana Nacionalna ekolo\u0161ka asocijacija\"}]},{\"@type\":\"WebSite\",\"@id\":\"https:\/\/nea.rs\/#website\",\"url\":\"https:\/\/nea.rs\/\",\"name\":\"Nacionalna ekolo\u0161ka asocijacija\",\"description\":\"\",\"publisher\":{\"@id\":\"https:\/\/nea.rs\/#organization\"},\"potentialAction\":[{\"@type\":\"SearchAction\",\"target\":{\"@type\":\"EntryPoint\",\"urlTemplate\":\"https:\/\/nea.rs\/?s={search_term_string}\"},\"query-input\":{\"@type\":\"PropertyValueSpecification\",\"valueRequired\":true,\"valueName\":\"search_term_string\"}}],\"inLanguage\":\"sr-RS\"},{\"@type\":\"Organization\",\"@id\":\"https:\/\/nea.rs\/#organization\",\"name\":\"Nacionalna ekolo\u0161ka asocijacija\",\"url\":\"https:\/\/nea.rs\/\",\"logo\":{\"@type\":\"ImageObject\",\"inLanguage\":\"sr-RS\",\"@id\":\"https:\/\/nea.rs\/#\/schema\/logo\/image\/\",\"url\":\"https:\/\/nea.rs\/wp-content\/uploads\/2021\/05\/cropped-logoNEA_crop_180_nowhite.jpg\",\"contentUrl\":\"https:\/\/nea.rs\/wp-content\/uploads\/2021\/05\/cropped-logoNEA_crop_180_nowhite.jpg\",\"width\":276,\"height\":154,\"caption\":\"Nacionalna ekolo\u0161ka asocijacija\"},\"image\":{\"@id\":\"https:\/\/nea.rs\/#\/schema\/logo\/image\/\"},\"sameAs\":[\"https:\/\/www.facebook.com\/NEASrbija\",\"https:\/\/x.com\/NEASrbija\",\"https:\/\/www.instagram.com\/neasrbija\/\",\"https:\/\/www.youtube.com\/channel\/UCxwdyhNFV-rjanyqj7JIFow\"]},{\"@type\":\"Person\",\"@id\":\"https:\/\/nea.rs\/#\/schema\/person\/daf5180476fd224bc67bb42ea6d87925\",\"name\":\"admin\",\"image\":{\"@type\":\"ImageObject\",\"inLanguage\":\"sr-RS\",\"@id\":\"https:\/\/nea.rs\/#\/schema\/person\/image\/\",\"url\":\"https:\/\/secure.gravatar.com\/avatar\/208ddce103f55aec8415cbae6044df1aa912c6d56bb8e74d76628d5d221bad04?s=96&d=mm&r=g\",\"contentUrl\":\"https:\/\/secure.gravatar.com\/avatar\/208ddce103f55aec8415cbae6044df1aa912c6d56bb8e74d76628d5d221bad04?s=96&d=mm&r=g\",\"caption\":\"admin\"},\"sameAs\":[\"https:\/\/nea.rs\"],\"url\":\"https:\/\/nea.rs\/index.php\/author\/admin_5kpl02hl\/\"}]}<\/script>\n<!-- \/ Yoast SEO plugin. -->","yoast_head_json":{"title":"Osnovana Nacionalna ekolo\u0161ka asocijacija - Nacionalna ekolo\u0161ka asocijacija","robots":{"index":"index","follow":"follow","max-snippet":"max-snippet:-1","max-image-preview":"max-image-preview:large","max-video-preview":"max-video-preview:-1"},"canonical":"https:\/\/nea.rs\/index.php\/2021\/04\/20\/osnovana-nacionalna-ekoloska-asocijacija\/","og_locale":"sr_RS","og_type":"article","og_title":"Osnovana Nacionalna ekolo\u0161ka asocijacija - Nacionalna ekolo\u0161ka asocijacija","og_description":"Stru\u010dnjaci i profesori iz oblasti za\u0161tite \u017eivotne sredine okupljeni oko novoformirane &#8222;Nacionalne ekolo\u0161ke asocijacije&#8220; (NEA) poru\u010dili su danas da \u0107e ova asocijacija biti &#8222;stru\u010dna institucija&hellip;","og_url":"https:\/\/nea.rs\/index.php\/2021\/04\/20\/osnovana-nacionalna-ekoloska-asocijacija\/","og_site_name":"Nacionalna ekolo\u0161ka asocijacija","article_publisher":"https:\/\/www.facebook.com\/NEASrbija","article_published_time":"2021-04-20T20:43:00+00:00","article_modified_time":"2021-05-05T09:31:02+00:00","og_image":[{"url":"https:\/\/nea.rs\/wp-content\/uploads\/2021\/05\/DSC_0391_small.jpg","type":"","width":"","height":""}],"author":"admin","twitter_card":"summary_large_image","twitter_creator":"@NEASrbija","twitter_site":"@NEASrbija","twitter_misc":{"Napisano od":"admin","Procenjeno vreme \u010ditanja":"3 minuta"},"schema":{"@context":"https:\/\/schema.org","@graph":[{"@type":"Article","@id":"https:\/\/nea.rs\/index.php\/2021\/04\/20\/osnovana-nacionalna-ekoloska-asocijacija\/#article","isPartOf":{"@id":"https:\/\/nea.rs\/index.php\/2021\/04\/20\/osnovana-nacionalna-ekoloska-asocijacija\/"},"author":{"name":"admin","@id":"https:\/\/nea.rs\/#\/schema\/person\/daf5180476fd224bc67bb42ea6d87925"},"headline":"Osnovana Nacionalna ekolo\u0161ka asocijacija","datePublished":"2021-04-20T20:43:00+00:00","dateModified":"2021-05-05T09:31:02+00:00","mainEntityOfPage":{"@id":"https:\/\/nea.rs\/index.php\/2021\/04\/20\/osnovana-nacionalna-ekoloska-asocijacija\/"},"wordCount":651,"publisher":{"@id":"https:\/\/nea.rs\/#organization"},"image":{"@id":"https:\/\/nea.rs\/index.php\/2021\/04\/20\/osnovana-nacionalna-ekoloska-asocijacija\/#primaryimage"},"thumbnailUrl":"https:\/\/nea.rs\/wp-content\/uploads\/2021\/05\/DSC_0391_small.jpg","articleSection":["Aktivnosti"],"inLanguage":"sr-RS"},{"@type":"WebPage","@id":"https:\/\/nea.rs\/index.php\/2021\/04\/20\/osnovana-nacionalna-ekoloska-asocijacija\/","url":"https:\/\/nea.rs\/index.php\/2021\/04\/20\/osnovana-nacionalna-ekoloska-asocijacija\/","name":"Osnovana Nacionalna ekolo\u0161ka asocijacija - Nacionalna ekolo\u0161ka asocijacija","isPartOf":{"@id":"https:\/\/nea.rs\/#website"},"primaryImageOfPage":{"@id":"https:\/\/nea.rs\/index.php\/2021\/04\/20\/osnovana-nacionalna-ekoloska-asocijacija\/#primaryimage"},"image":{"@id":"https:\/\/nea.rs\/index.php\/2021\/04\/20\/osnovana-nacionalna-ekoloska-asocijacija\/#primaryimage"},"thumbnailUrl":"https:\/\/nea.rs\/wp-content\/uploads\/2021\/05\/DSC_0391_small.jpg","datePublished":"2021-04-20T20:43:00+00:00","dateModified":"2021-05-05T09:31:02+00:00","breadcrumb":{"@id":"https:\/\/nea.rs\/index.php\/2021\/04\/20\/osnovana-nacionalna-ekoloska-asocijacija\/#breadcrumb"},"inLanguage":"sr-RS","potentialAction":[{"@type":"ReadAction","target":["https:\/\/nea.rs\/index.php\/2021\/04\/20\/osnovana-nacionalna-ekoloska-asocijacija\/"]}]},{"@type":"ImageObject","inLanguage":"sr-RS","@id":"https:\/\/nea.rs\/index.php\/2021\/04\/20\/osnovana-nacionalna-ekoloska-asocijacija\/#primaryimage","url":"https:\/\/nea.rs\/wp-content\/uploads\/2021\/05\/DSC_0391_small.jpg","contentUrl":"https:\/\/nea.rs\/wp-content\/uploads\/2021\/05\/DSC_0391_small.jpg","width":450,"height":299},{"@type":"BreadcrumbList","@id":"https:\/\/nea.rs\/index.php\/2021\/04\/20\/osnovana-nacionalna-ekoloska-asocijacija\/#breadcrumb","itemListElement":[{"@type":"ListItem","position":1,"name":"Po\u010detna","item":"https:\/\/nea.rs\/"},{"@type":"ListItem","position":2,"name":"Osnovana Nacionalna ekolo\u0161ka asocijacija"}]},{"@type":"WebSite","@id":"https:\/\/nea.rs\/#website","url":"https:\/\/nea.rs\/","name":"Nacionalna ekolo\u0161ka asocijacija","description":"","publisher":{"@id":"https:\/\/nea.rs\/#organization"},"potentialAction":[{"@type":"SearchAction","target":{"@type":"EntryPoint","urlTemplate":"https:\/\/nea.rs\/?s={search_term_string}"},"query-input":{"@type":"PropertyValueSpecification","valueRequired":true,"valueName":"search_term_string"}}],"inLanguage":"sr-RS"},{"@type":"Organization","@id":"https:\/\/nea.rs\/#organization","name":"Nacionalna ekolo\u0161ka asocijacija","url":"https:\/\/nea.rs\/","logo":{"@type":"ImageObject","inLanguage":"sr-RS","@id":"https:\/\/nea.rs\/#\/schema\/logo\/image\/","url":"https:\/\/nea.rs\/wp-content\/uploads\/2021\/05\/cropped-logoNEA_crop_180_nowhite.jpg","contentUrl":"https:\/\/nea.rs\/wp-content\/uploads\/2021\/05\/cropped-logoNEA_crop_180_nowhite.jpg","width":276,"height":154,"caption":"Nacionalna ekolo\u0161ka asocijacija"},"image":{"@id":"https:\/\/nea.rs\/#\/schema\/logo\/image\/"},"sameAs":["https:\/\/www.facebook.com\/NEASrbija","https:\/\/x.com\/NEASrbija","https:\/\/www.instagram.com\/neasrbija\/","https:\/\/www.youtube.com\/channel\/UCxwdyhNFV-rjanyqj7JIFow"]},{"@type":"Person","@id":"https:\/\/nea.rs\/#\/schema\/person\/daf5180476fd224bc67bb42ea6d87925","name":"admin","image":{"@type":"ImageObject","inLanguage":"sr-RS","@id":"https:\/\/nea.rs\/#\/schema\/person\/image\/","url":"https:\/\/secure.gravatar.com\/avatar\/208ddce103f55aec8415cbae6044df1aa912c6d56bb8e74d76628d5d221bad04?s=96&d=mm&r=g","contentUrl":"https:\/\/secure.gravatar.com\/avatar\/208ddce103f55aec8415cbae6044df1aa912c6d56bb8e74d76628d5d221bad04?s=96&d=mm&r=g","caption":"admin"},"sameAs":["https:\/\/nea.rs"],"url":"https:\/\/nea.rs\/index.php\/author\/admin_5kpl02hl\/"}]}},"jetpack_sharing_enabled":true,"jetpack_featured_media_url":"","_links":{"self":[{"href":"https:\/\/nea.rs\/index.php\/wp-json\/wp\/v2\/posts\/176","targetHints":{"allow":["GET"]}}],"collection":[{"href":"https:\/\/nea.rs\/index.php\/wp-json\/wp\/v2\/posts"}],"about":[{"href":"https:\/\/nea.rs\/index.php\/wp-json\/wp\/v2\/types\/post"}],"author":[{"embeddable":true,"href":"https:\/\/nea.rs\/index.php\/wp-json\/wp\/v2\/users\/1"}],"replies":[{"embeddable":true,"href":"https:\/\/nea.rs\/index.php\/wp-json\/wp\/v2\/comments?post=176"}],"version-history":[{"count":3,"href":"https:\/\/nea.rs\/index.php\/wp-json\/wp\/v2\/posts\/176\/revisions"}],"predecessor-version":[{"id":341,"href":"https:\/\/nea.rs\/index.php\/wp-json\/wp\/v2\/posts\/176\/revisions\/341"}],"wp:attachment":[{"href":"https:\/\/nea.rs\/index.php\/wp-json\/wp\/v2\/media?parent=176"}],"wp:term":[{"taxonomy":"category","embeddable":true,"href":"https:\/\/nea.rs\/index.php\/wp-json\/wp\/v2\/categories?post=176"},{"taxonomy":"post_tag","embeddable":true,"href":"https:\/\/nea.rs\/index.php\/wp-json\/wp\/v2\/tags?post=176"}],"curies":[{"name":"wp","href":"https:\/\/api.w.org\/{rel}","templated":true}]}}