{"id":1342,"date":"2024-09-25T05:58:39","date_gmt":"2024-09-25T05:58:39","guid":{"rendered":"https:\/\/nea.rs\/?p=1342"},"modified":"2025-03-04T09:19:09","modified_gmt":"2025-03-04T09:19:09","slug":"sta-nam-izvestaj-o-kvalitetu-vazduha-ne-govori-broj-prevremenih-smrti-u-srbiji-premasuje-17-500-godisnje","status":"publish","type":"post","link":"https:\/\/nea.rs\/index.php\/2024\/09\/25\/sta-nam-izvestaj-o-kvalitetu-vazduha-ne-govori-broj-prevremenih-smrti-u-srbiji-premasuje-17-500-godisnje\/","title":{"rendered":"\u0160ta nam izve\u0161taj o kvalitetu vazduha ne govori: Broj prevremenih smrti u Srbiji prema\u0161uje 17.500 godi\u0161nje"},"content":{"rendered":"\n<p>Milenko Jovanovi\u0107 i Elizbaet Paunovi\u0107 na tribini posve\u0107enoj novom Izve\u0161taju o kvalitetu vazduha u Republici Srbiji u 2023. godini: \u201cNe treba se govoriti da li je \u2018vazduh bolji\u2019, ve\u0107 da li su primenjene mere smanjile stopu smrtnosti. Prema procenama, broj prevremenih smrti u Srbiji prema\u0161uje 17.500 godi\u0161nje. Va\u017eno je da procene rizika zaga\u0111enog vazduha budu dostupne javnosti i da se koriste za pra\u0107enje efekata primenjenih mera\u201d, isti\u010de za Novi magazin dr Elizabet Paunovi\u0107, \u010dlanica Stru\u010dnog saveta Nacionalne ekolo\u0161ke asocijacije (NEA) govore\u0107i o Godi\u0161njem izve\u0161taju o stanju kvaliteta vazduha u Srbiji i saop\u0161tenju u kom Agencija za za\u0161titu \u017eivotne sredine tvrdi da su podaci u njemu potvrdili bolji kvalitet vazduha u 2023. u odnosu na 2022.<\/p>\n\n\n\n<p><a href=\"https:\/\/novimagazin.rs\/vesti\/334344-sta-nam-izvestaj-o-kvalitetu-vazduha-ne-govori-broj-prevremenih-smrti-u-srbiji-premasuje-17500-godisnje\">https:\/\/novimagazin.rs\/vesti\/334344-sta-nam-izvestaj-o-kvalitetu-vazduha-ne-govori-broj-prevremenih-smrti-u-srbiji-premasuje-17500-godisnje<\/a><\/p>\n\n\n<div class=\"wp-block-image\">\n<figure class=\"aligncenter size-full\"><img loading=\"lazy\" decoding=\"async\" width=\"754\" height=\"847\" src=\"https:\/\/nea.rs\/wp-content\/uploads\/2024\/09\/image.png\" alt=\"\" class=\"wp-image-1343\"\/><\/figure>\n<\/div>","protected":false},"excerpt":{"rendered":"<p>Milenko Jovanovi\u0107 i Elizbaet Paunovi\u0107 na tribini posve\u0107enoj novom Izve\u0161taju o kvalitetu vazduha u Republici Srbiji u 2023. godini: \u201cNe treba se govoriti da li&hellip;<\/p>\n","protected":false},"author":1,"featured_media":0,"comment_status":"closed","ping_status":"open","sticky":false,"template":"","format":"standard","meta":{"footnotes":""},"categories":[5,11],"tags":[],"class_list":["post-1342","post","type-post","status-publish","format-standard","hentry","category-aktivnosti","category-saopstenja"],"yoast_head":"<!-- This site is optimized with the Yoast SEO plugin v24.9 - https:\/\/yoast.com\/wordpress\/plugins\/seo\/ -->\n<title>\u0160ta nam izve\u0161taj o kvalitetu vazduha ne govori: Broj prevremenih smrti u Srbiji prema\u0161uje 17.500 godi\u0161nje - Nacionalna ekolo\u0161ka asocijacija<\/title>\n<meta name=\"robots\" content=\"index, follow, max-snippet:-1, max-image-preview:large, max-video-preview:-1\" \/>\n<link rel=\"canonical\" href=\"https:\/\/nea.rs\/index.php\/2024\/09\/25\/sta-nam-izvestaj-o-kvalitetu-vazduha-ne-govori-broj-prevremenih-smrti-u-srbiji-premasuje-17-500-godisnje\/\" \/>\n<meta property=\"og:locale\" content=\"sr_RS\" \/>\n<meta property=\"og:type\" content=\"article\" \/>\n<meta property=\"og:title\" content=\"\u0160ta nam izve\u0161taj o kvalitetu vazduha ne govori: Broj prevremenih smrti u Srbiji prema\u0161uje 17.500 godi\u0161nje - Nacionalna ekolo\u0161ka asocijacija\" \/>\n<meta property=\"og:description\" content=\"Milenko Jovanovi\u0107 i Elizbaet Paunovi\u0107 na tribini posve\u0107enoj novom Izve\u0161taju o kvalitetu vazduha u Republici Srbiji u 2023. godini: \u201cNe treba se govoriti da li&hellip;\" \/>\n<meta property=\"og:url\" content=\"https:\/\/nea.rs\/index.php\/2024\/09\/25\/sta-nam-izvestaj-o-kvalitetu-vazduha-ne-govori-broj-prevremenih-smrti-u-srbiji-premasuje-17-500-godisnje\/\" \/>\n<meta property=\"og:site_name\" content=\"Nacionalna ekolo\u0161ka asocijacija\" \/>\n<meta property=\"article:publisher\" content=\"https:\/\/www.facebook.com\/NEASrbija\" \/>\n<meta property=\"article:published_time\" content=\"2024-09-25T05:58:39+00:00\" \/>\n<meta property=\"article:modified_time\" content=\"2025-03-04T09:19:09+00:00\" \/>\n<meta property=\"og:image\" content=\"https:\/\/nea.rs\/wp-content\/uploads\/2024\/09\/image.png\" \/>\n\t<meta property=\"og:image:width\" content=\"754\" \/>\n\t<meta property=\"og:image:height\" content=\"847\" \/>\n\t<meta property=\"og:image:type\" content=\"image\/png\" \/>\n<meta name=\"author\" content=\"admin\" \/>\n<meta name=\"twitter:card\" content=\"summary_large_image\" \/>\n<meta name=\"twitter:creator\" content=\"@NEASrbija\" \/>\n<meta name=\"twitter:site\" content=\"@NEASrbija\" \/>\n<meta name=\"twitter:label1\" content=\"Napisano od\" \/>\n\t<meta name=\"twitter:data1\" content=\"admin\" \/>\n\t<meta name=\"twitter:label2\" content=\"Procenjeno vreme \u010ditanja\" \/>\n\t<meta name=\"twitter:data2\" content=\"1 minut\" \/>\n<script type=\"application\/ld+json\" class=\"yoast-schema-graph\">{\"@context\":\"https:\/\/schema.org\",\"@graph\":[{\"@type\":\"Article\",\"@id\":\"https:\/\/nea.rs\/index.php\/2024\/09\/25\/sta-nam-izvestaj-o-kvalitetu-vazduha-ne-govori-broj-prevremenih-smrti-u-srbiji-premasuje-17-500-godisnje\/#article\",\"isPartOf\":{\"@id\":\"https:\/\/nea.rs\/index.php\/2024\/09\/25\/sta-nam-izvestaj-o-kvalitetu-vazduha-ne-govori-broj-prevremenih-smrti-u-srbiji-premasuje-17-500-godisnje\/\"},\"author\":{\"name\":\"admin\",\"@id\":\"https:\/\/nea.rs\/#\/schema\/person\/daf5180476fd224bc67bb42ea6d87925\"},\"headline\":\"\u0160ta nam izve\u0161taj o kvalitetu vazduha ne govori: Broj prevremenih smrti u Srbiji prema\u0161uje 17.500 godi\u0161nje\",\"datePublished\":\"2024-09-25T05:58:39+00:00\",\"dateModified\":\"2025-03-04T09:19:09+00:00\",\"mainEntityOfPage\":{\"@id\":\"https:\/\/nea.rs\/index.php\/2024\/09\/25\/sta-nam-izvestaj-o-kvalitetu-vazduha-ne-govori-broj-prevremenih-smrti-u-srbiji-premasuje-17-500-godisnje\/\"},\"wordCount\":150,\"publisher\":{\"@id\":\"https:\/\/nea.rs\/#organization\"},\"image\":{\"@id\":\"https:\/\/nea.rs\/index.php\/2024\/09\/25\/sta-nam-izvestaj-o-kvalitetu-vazduha-ne-govori-broj-prevremenih-smrti-u-srbiji-premasuje-17-500-godisnje\/#primaryimage\"},\"thumbnailUrl\":\"https:\/\/nea.rs\/wp-content\/uploads\/2024\/09\/image.png\",\"articleSection\":[\"Aktivnosti\",\"Saop\u0161tenja\"],\"inLanguage\":\"sr-RS\"},{\"@type\":\"WebPage\",\"@id\":\"https:\/\/nea.rs\/index.php\/2024\/09\/25\/sta-nam-izvestaj-o-kvalitetu-vazduha-ne-govori-broj-prevremenih-smrti-u-srbiji-premasuje-17-500-godisnje\/\",\"url\":\"https:\/\/nea.rs\/index.php\/2024\/09\/25\/sta-nam-izvestaj-o-kvalitetu-vazduha-ne-govori-broj-prevremenih-smrti-u-srbiji-premasuje-17-500-godisnje\/\",\"name\":\"\u0160ta nam izve\u0161taj o kvalitetu vazduha ne govori: Broj prevremenih smrti u Srbiji prema\u0161uje 17.500 godi\u0161nje - Nacionalna ekolo\u0161ka asocijacija\",\"isPartOf\":{\"@id\":\"https:\/\/nea.rs\/#website\"},\"primaryImageOfPage\":{\"@id\":\"https:\/\/nea.rs\/index.php\/2024\/09\/25\/sta-nam-izvestaj-o-kvalitetu-vazduha-ne-govori-broj-prevremenih-smrti-u-srbiji-premasuje-17-500-godisnje\/#primaryimage\"},\"image\":{\"@id\":\"https:\/\/nea.rs\/index.php\/2024\/09\/25\/sta-nam-izvestaj-o-kvalitetu-vazduha-ne-govori-broj-prevremenih-smrti-u-srbiji-premasuje-17-500-godisnje\/#primaryimage\"},\"thumbnailUrl\":\"https:\/\/nea.rs\/wp-content\/uploads\/2024\/09\/image.png\",\"datePublished\":\"2024-09-25T05:58:39+00:00\",\"dateModified\":\"2025-03-04T09:19:09+00:00\",\"breadcrumb\":{\"@id\":\"https:\/\/nea.rs\/index.php\/2024\/09\/25\/sta-nam-izvestaj-o-kvalitetu-vazduha-ne-govori-broj-prevremenih-smrti-u-srbiji-premasuje-17-500-godisnje\/#breadcrumb\"},\"inLanguage\":\"sr-RS\",\"potentialAction\":[{\"@type\":\"ReadAction\",\"target\":[\"https:\/\/nea.rs\/index.php\/2024\/09\/25\/sta-nam-izvestaj-o-kvalitetu-vazduha-ne-govori-broj-prevremenih-smrti-u-srbiji-premasuje-17-500-godisnje\/\"]}]},{\"@type\":\"ImageObject\",\"inLanguage\":\"sr-RS\",\"@id\":\"https:\/\/nea.rs\/index.php\/2024\/09\/25\/sta-nam-izvestaj-o-kvalitetu-vazduha-ne-govori-broj-prevremenih-smrti-u-srbiji-premasuje-17-500-godisnje\/#primaryimage\",\"url\":\"https:\/\/nea.rs\/wp-content\/uploads\/2024\/09\/image.png\",\"contentUrl\":\"https:\/\/nea.rs\/wp-content\/uploads\/2024\/09\/image.png\",\"width\":754,\"height\":847},{\"@type\":\"BreadcrumbList\",\"@id\":\"https:\/\/nea.rs\/index.php\/2024\/09\/25\/sta-nam-izvestaj-o-kvalitetu-vazduha-ne-govori-broj-prevremenih-smrti-u-srbiji-premasuje-17-500-godisnje\/#breadcrumb\",\"itemListElement\":[{\"@type\":\"ListItem\",\"position\":1,\"name\":\"Po\u010detna\",\"item\":\"https:\/\/nea.rs\/\"},{\"@type\":\"ListItem\",\"position\":2,\"name\":\"\u0160ta nam izve\u0161taj o kvalitetu vazduha ne govori: Broj prevremenih smrti u Srbiji prema\u0161uje 17.500 godi\u0161nje\"}]},{\"@type\":\"WebSite\",\"@id\":\"https:\/\/nea.rs\/#website\",\"url\":\"https:\/\/nea.rs\/\",\"name\":\"Nacionalna ekolo\u0161ka asocijacija\",\"description\":\"\",\"publisher\":{\"@id\":\"https:\/\/nea.rs\/#organization\"},\"potentialAction\":[{\"@type\":\"SearchAction\",\"target\":{\"@type\":\"EntryPoint\",\"urlTemplate\":\"https:\/\/nea.rs\/?s={search_term_string}\"},\"query-input\":{\"@type\":\"PropertyValueSpecification\",\"valueRequired\":true,\"valueName\":\"search_term_string\"}}],\"inLanguage\":\"sr-RS\"},{\"@type\":\"Organization\",\"@id\":\"https:\/\/nea.rs\/#organization\",\"name\":\"Nacionalna ekolo\u0161ka asocijacija\",\"url\":\"https:\/\/nea.rs\/\",\"logo\":{\"@type\":\"ImageObject\",\"inLanguage\":\"sr-RS\",\"@id\":\"https:\/\/nea.rs\/#\/schema\/logo\/image\/\",\"url\":\"https:\/\/nea.rs\/wp-content\/uploads\/2021\/05\/cropped-logoNEA_crop_180_nowhite.jpg\",\"contentUrl\":\"https:\/\/nea.rs\/wp-content\/uploads\/2021\/05\/cropped-logoNEA_crop_180_nowhite.jpg\",\"width\":276,\"height\":154,\"caption\":\"Nacionalna ekolo\u0161ka asocijacija\"},\"image\":{\"@id\":\"https:\/\/nea.rs\/#\/schema\/logo\/image\/\"},\"sameAs\":[\"https:\/\/www.facebook.com\/NEASrbija\",\"https:\/\/x.com\/NEASrbija\",\"https:\/\/www.instagram.com\/neasrbija\/\",\"https:\/\/www.youtube.com\/channel\/UCxwdyhNFV-rjanyqj7JIFow\"]},{\"@type\":\"Person\",\"@id\":\"https:\/\/nea.rs\/#\/schema\/person\/daf5180476fd224bc67bb42ea6d87925\",\"name\":\"admin\",\"image\":{\"@type\":\"ImageObject\",\"inLanguage\":\"sr-RS\",\"@id\":\"https:\/\/nea.rs\/#\/schema\/person\/image\/\",\"url\":\"https:\/\/secure.gravatar.com\/avatar\/208ddce103f55aec8415cbae6044df1aa912c6d56bb8e74d76628d5d221bad04?s=96&d=mm&r=g\",\"contentUrl\":\"https:\/\/secure.gravatar.com\/avatar\/208ddce103f55aec8415cbae6044df1aa912c6d56bb8e74d76628d5d221bad04?s=96&d=mm&r=g\",\"caption\":\"admin\"},\"sameAs\":[\"https:\/\/nea.rs\"],\"url\":\"https:\/\/nea.rs\/index.php\/author\/admin_5kpl02hl\/\"}]}<\/script>\n<!-- \/ Yoast SEO plugin. -->","yoast_head_json":{"title":"\u0160ta nam izve\u0161taj o kvalitetu vazduha ne govori: Broj prevremenih smrti u Srbiji prema\u0161uje 17.500 godi\u0161nje - Nacionalna ekolo\u0161ka asocijacija","robots":{"index":"index","follow":"follow","max-snippet":"max-snippet:-1","max-image-preview":"max-image-preview:large","max-video-preview":"max-video-preview:-1"},"canonical":"https:\/\/nea.rs\/index.php\/2024\/09\/25\/sta-nam-izvestaj-o-kvalitetu-vazduha-ne-govori-broj-prevremenih-smrti-u-srbiji-premasuje-17-500-godisnje\/","og_locale":"sr_RS","og_type":"article","og_title":"\u0160ta nam izve\u0161taj o kvalitetu vazduha ne govori: Broj prevremenih smrti u Srbiji prema\u0161uje 17.500 godi\u0161nje - Nacionalna ekolo\u0161ka asocijacija","og_description":"Milenko Jovanovi\u0107 i Elizbaet Paunovi\u0107 na tribini posve\u0107enoj novom Izve\u0161taju o kvalitetu vazduha u Republici Srbiji u 2023. godini: \u201cNe treba se govoriti da li&hellip;","og_url":"https:\/\/nea.rs\/index.php\/2024\/09\/25\/sta-nam-izvestaj-o-kvalitetu-vazduha-ne-govori-broj-prevremenih-smrti-u-srbiji-premasuje-17-500-godisnje\/","og_site_name":"Nacionalna ekolo\u0161ka asocijacija","article_publisher":"https:\/\/www.facebook.com\/NEASrbija","article_published_time":"2024-09-25T05:58:39+00:00","article_modified_time":"2025-03-04T09:19:09+00:00","og_image":[{"width":754,"height":847,"url":"https:\/\/nea.rs\/wp-content\/uploads\/2024\/09\/image.png","type":"image\/png"}],"author":"admin","twitter_card":"summary_large_image","twitter_creator":"@NEASrbija","twitter_site":"@NEASrbija","twitter_misc":{"Napisano od":"admin","Procenjeno vreme \u010ditanja":"1 minut"},"schema":{"@context":"https:\/\/schema.org","@graph":[{"@type":"Article","@id":"https:\/\/nea.rs\/index.php\/2024\/09\/25\/sta-nam-izvestaj-o-kvalitetu-vazduha-ne-govori-broj-prevremenih-smrti-u-srbiji-premasuje-17-500-godisnje\/#article","isPartOf":{"@id":"https:\/\/nea.rs\/index.php\/2024\/09\/25\/sta-nam-izvestaj-o-kvalitetu-vazduha-ne-govori-broj-prevremenih-smrti-u-srbiji-premasuje-17-500-godisnje\/"},"author":{"name":"admin","@id":"https:\/\/nea.rs\/#\/schema\/person\/daf5180476fd224bc67bb42ea6d87925"},"headline":"\u0160ta nam izve\u0161taj o kvalitetu vazduha ne govori: Broj prevremenih smrti u Srbiji prema\u0161uje 17.500 godi\u0161nje","datePublished":"2024-09-25T05:58:39+00:00","dateModified":"2025-03-04T09:19:09+00:00","mainEntityOfPage":{"@id":"https:\/\/nea.rs\/index.php\/2024\/09\/25\/sta-nam-izvestaj-o-kvalitetu-vazduha-ne-govori-broj-prevremenih-smrti-u-srbiji-premasuje-17-500-godisnje\/"},"wordCount":150,"publisher":{"@id":"https:\/\/nea.rs\/#organization"},"image":{"@id":"https:\/\/nea.rs\/index.php\/2024\/09\/25\/sta-nam-izvestaj-o-kvalitetu-vazduha-ne-govori-broj-prevremenih-smrti-u-srbiji-premasuje-17-500-godisnje\/#primaryimage"},"thumbnailUrl":"https:\/\/nea.rs\/wp-content\/uploads\/2024\/09\/image.png","articleSection":["Aktivnosti","Saop\u0161tenja"],"inLanguage":"sr-RS"},{"@type":"WebPage","@id":"https:\/\/nea.rs\/index.php\/2024\/09\/25\/sta-nam-izvestaj-o-kvalitetu-vazduha-ne-govori-broj-prevremenih-smrti-u-srbiji-premasuje-17-500-godisnje\/","url":"https:\/\/nea.rs\/index.php\/2024\/09\/25\/sta-nam-izvestaj-o-kvalitetu-vazduha-ne-govori-broj-prevremenih-smrti-u-srbiji-premasuje-17-500-godisnje\/","name":"\u0160ta nam izve\u0161taj o kvalitetu vazduha ne govori: Broj prevremenih smrti u Srbiji prema\u0161uje 17.500 godi\u0161nje - Nacionalna ekolo\u0161ka asocijacija","isPartOf":{"@id":"https:\/\/nea.rs\/#website"},"primaryImageOfPage":{"@id":"https:\/\/nea.rs\/index.php\/2024\/09\/25\/sta-nam-izvestaj-o-kvalitetu-vazduha-ne-govori-broj-prevremenih-smrti-u-srbiji-premasuje-17-500-godisnje\/#primaryimage"},"image":{"@id":"https:\/\/nea.rs\/index.php\/2024\/09\/25\/sta-nam-izvestaj-o-kvalitetu-vazduha-ne-govori-broj-prevremenih-smrti-u-srbiji-premasuje-17-500-godisnje\/#primaryimage"},"thumbnailUrl":"https:\/\/nea.rs\/wp-content\/uploads\/2024\/09\/image.png","datePublished":"2024-09-25T05:58:39+00:00","dateModified":"2025-03-04T09:19:09+00:00","breadcrumb":{"@id":"https:\/\/nea.rs\/index.php\/2024\/09\/25\/sta-nam-izvestaj-o-kvalitetu-vazduha-ne-govori-broj-prevremenih-smrti-u-srbiji-premasuje-17-500-godisnje\/#breadcrumb"},"inLanguage":"sr-RS","potentialAction":[{"@type":"ReadAction","target":["https:\/\/nea.rs\/index.php\/2024\/09\/25\/sta-nam-izvestaj-o-kvalitetu-vazduha-ne-govori-broj-prevremenih-smrti-u-srbiji-premasuje-17-500-godisnje\/"]}]},{"@type":"ImageObject","inLanguage":"sr-RS","@id":"https:\/\/nea.rs\/index.php\/2024\/09\/25\/sta-nam-izvestaj-o-kvalitetu-vazduha-ne-govori-broj-prevremenih-smrti-u-srbiji-premasuje-17-500-godisnje\/#primaryimage","url":"https:\/\/nea.rs\/wp-content\/uploads\/2024\/09\/image.png","contentUrl":"https:\/\/nea.rs\/wp-content\/uploads\/2024\/09\/image.png","width":754,"height":847},{"@type":"BreadcrumbList","@id":"https:\/\/nea.rs\/index.php\/2024\/09\/25\/sta-nam-izvestaj-o-kvalitetu-vazduha-ne-govori-broj-prevremenih-smrti-u-srbiji-premasuje-17-500-godisnje\/#breadcrumb","itemListElement":[{"@type":"ListItem","position":1,"name":"Po\u010detna","item":"https:\/\/nea.rs\/"},{"@type":"ListItem","position":2,"name":"\u0160ta nam izve\u0161taj o kvalitetu vazduha ne govori: Broj prevremenih smrti u Srbiji prema\u0161uje 17.500 godi\u0161nje"}]},{"@type":"WebSite","@id":"https:\/\/nea.rs\/#website","url":"https:\/\/nea.rs\/","name":"Nacionalna ekolo\u0161ka asocijacija","description":"","publisher":{"@id":"https:\/\/nea.rs\/#organization"},"potentialAction":[{"@type":"SearchAction","target":{"@type":"EntryPoint","urlTemplate":"https:\/\/nea.rs\/?s={search_term_string}"},"query-input":{"@type":"PropertyValueSpecification","valueRequired":true,"valueName":"search_term_string"}}],"inLanguage":"sr-RS"},{"@type":"Organization","@id":"https:\/\/nea.rs\/#organization","name":"Nacionalna ekolo\u0161ka asocijacija","url":"https:\/\/nea.rs\/","logo":{"@type":"ImageObject","inLanguage":"sr-RS","@id":"https:\/\/nea.rs\/#\/schema\/logo\/image\/","url":"https:\/\/nea.rs\/wp-content\/uploads\/2021\/05\/cropped-logoNEA_crop_180_nowhite.jpg","contentUrl":"https:\/\/nea.rs\/wp-content\/uploads\/2021\/05\/cropped-logoNEA_crop_180_nowhite.jpg","width":276,"height":154,"caption":"Nacionalna ekolo\u0161ka asocijacija"},"image":{"@id":"https:\/\/nea.rs\/#\/schema\/logo\/image\/"},"sameAs":["https:\/\/www.facebook.com\/NEASrbija","https:\/\/x.com\/NEASrbija","https:\/\/www.instagram.com\/neasrbija\/","https:\/\/www.youtube.com\/channel\/UCxwdyhNFV-rjanyqj7JIFow"]},{"@type":"Person","@id":"https:\/\/nea.rs\/#\/schema\/person\/daf5180476fd224bc67bb42ea6d87925","name":"admin","image":{"@type":"ImageObject","inLanguage":"sr-RS","@id":"https:\/\/nea.rs\/#\/schema\/person\/image\/","url":"https:\/\/secure.gravatar.com\/avatar\/208ddce103f55aec8415cbae6044df1aa912c6d56bb8e74d76628d5d221bad04?s=96&d=mm&r=g","contentUrl":"https:\/\/secure.gravatar.com\/avatar\/208ddce103f55aec8415cbae6044df1aa912c6d56bb8e74d76628d5d221bad04?s=96&d=mm&r=g","caption":"admin"},"sameAs":["https:\/\/nea.rs"],"url":"https:\/\/nea.rs\/index.php\/author\/admin_5kpl02hl\/"}]}},"jetpack_sharing_enabled":true,"jetpack_featured_media_url":"","_links":{"self":[{"href":"https:\/\/nea.rs\/index.php\/wp-json\/wp\/v2\/posts\/1342","targetHints":{"allow":["GET"]}}],"collection":[{"href":"https:\/\/nea.rs\/index.php\/wp-json\/wp\/v2\/posts"}],"about":[{"href":"https:\/\/nea.rs\/index.php\/wp-json\/wp\/v2\/types\/post"}],"author":[{"embeddable":true,"href":"https:\/\/nea.rs\/index.php\/wp-json\/wp\/v2\/users\/1"}],"replies":[{"embeddable":true,"href":"https:\/\/nea.rs\/index.php\/wp-json\/wp\/v2\/comments?post=1342"}],"version-history":[{"count":1,"href":"https:\/\/nea.rs\/index.php\/wp-json\/wp\/v2\/posts\/1342\/revisions"}],"predecessor-version":[{"id":1344,"href":"https:\/\/nea.rs\/index.php\/wp-json\/wp\/v2\/posts\/1342\/revisions\/1344"}],"wp:attachment":[{"href":"https:\/\/nea.rs\/index.php\/wp-json\/wp\/v2\/media?parent=1342"}],"wp:term":[{"taxonomy":"category","embeddable":true,"href":"https:\/\/nea.rs\/index.php\/wp-json\/wp\/v2\/categories?post=1342"},{"taxonomy":"post_tag","embeddable":true,"href":"https:\/\/nea.rs\/index.php\/wp-json\/wp\/v2\/tags?post=1342"}],"curies":[{"name":"wp","href":"https:\/\/api.w.org\/{rel}","templated":true}]}}