{"id":1329,"date":"2024-09-24T07:26:40","date_gmt":"2024-09-24T07:26:40","guid":{"rendered":"https:\/\/nea.rs\/?p=1329"},"modified":"2025-03-04T09:19:09","modified_gmt":"2025-03-04T09:19:09","slug":"debata-o-kvalitetu-vode-za-pice-na-tv-insajder","status":"publish","type":"post","link":"https:\/\/nea.rs\/index.php\/2024\/09\/24\/debata-o-kvalitetu-vode-za-pice-na-tv-insajder\/","title":{"rendered":"Debata o kvalitetu vode za pi\u0107e na TV Insajder"},"content":{"rendered":"\n<p>Kako se Srbija na\u0161la pred gotovo Hamletovskim pitanjem: PITI ILI NE PITI VODU? Tema je o kojoj su sa Suzanom Trnini\u0107 razgovarati ekspertima: prof. Gordanom Subakov Simi\u0107, dr Elizabet Paunovi\u0107, dipl. in\u017e. Branislavom Bo\u017eovi\u0107em i Sla\u0111anom Stankovi\u0107. Gospo\u0111a Paunovi\u0107 i gospodin Bo\u017eovi\u0107 su \u010dlanovi stru\u010dnog saveta Nacionalne ekolo\u0161ke asocijacije.<\/p>\n\n\n\n<figure class=\"wp-block-embed is-type-video is-provider-youtube wp-block-embed-youtube wp-embed-aspect-16-9 wp-has-aspect-ratio\"><div class=\"wp-block-embed__wrapper\">\n<iframe loading=\"lazy\" title=\"Insajder debata: Piti ili ne piti - vodu?\" width=\"843\" height=\"474\" src=\"https:\/\/www.youtube.com\/embed\/tSnzl7uSSRE?feature=oembed\" frameborder=\"0\" allow=\"accelerometer; autoplay; clipboard-write; encrypted-media; gyroscope; picture-in-picture; web-share\" referrerpolicy=\"strict-origin-when-cross-origin\" allowfullscreen><\/iframe>\n<\/div><\/figure>\n","protected":false},"excerpt":{"rendered":"<p>Kako se Srbija na\u0161la pred gotovo Hamletovskim pitanjem: PITI ILI NE PITI VODU? Tema je o kojoj su sa Suzanom Trnini\u0107 razgovarati ekspertima: prof. Gordanom&hellip;<\/p>\n","protected":false},"author":1,"featured_media":0,"comment_status":"closed","ping_status":"open","sticky":false,"template":"","format":"standard","meta":{"footnotes":""},"categories":[5,19],"tags":[],"class_list":["post-1329","post","type-post","status-publish","format-standard","hentry","category-aktivnosti","category-video"],"yoast_head":"<!-- This site is optimized with the Yoast SEO plugin v24.9 - https:\/\/yoast.com\/wordpress\/plugins\/seo\/ -->\n<title>Debata o kvalitetu vode za pi\u0107e na TV Insajder - Nacionalna ekolo\u0161ka asocijacija<\/title>\n<meta name=\"robots\" content=\"index, follow, max-snippet:-1, max-image-preview:large, max-video-preview:-1\" \/>\n<link rel=\"canonical\" href=\"https:\/\/nea.rs\/index.php\/2024\/09\/24\/debata-o-kvalitetu-vode-za-pice-na-tv-insajder\/\" \/>\n<meta property=\"og:locale\" content=\"sr_RS\" \/>\n<meta property=\"og:type\" content=\"article\" \/>\n<meta property=\"og:title\" content=\"Debata o kvalitetu vode za pi\u0107e na TV Insajder - Nacionalna ekolo\u0161ka asocijacija\" \/>\n<meta property=\"og:description\" content=\"Kako se Srbija na\u0161la pred gotovo Hamletovskim pitanjem: PITI ILI NE PITI VODU? Tema je o kojoj su sa Suzanom Trnini\u0107 razgovarati ekspertima: prof. Gordanom&hellip;\" \/>\n<meta property=\"og:url\" content=\"https:\/\/nea.rs\/index.php\/2024\/09\/24\/debata-o-kvalitetu-vode-za-pice-na-tv-insajder\/\" \/>\n<meta property=\"og:site_name\" content=\"Nacionalna ekolo\u0161ka asocijacija\" \/>\n<meta property=\"article:publisher\" content=\"https:\/\/www.facebook.com\/NEASrbija\" \/>\n<meta property=\"article:published_time\" content=\"2024-09-24T07:26:40+00:00\" \/>\n<meta property=\"article:modified_time\" content=\"2025-03-04T09:19:09+00:00\" \/>\n<meta name=\"author\" content=\"admin\" \/>\n<meta name=\"twitter:card\" content=\"summary_large_image\" \/>\n<meta name=\"twitter:creator\" content=\"@NEASrbija\" \/>\n<meta name=\"twitter:site\" content=\"@NEASrbija\" \/>\n<meta name=\"twitter:label1\" content=\"Napisano od\" \/>\n\t<meta name=\"twitter:data1\" content=\"admin\" \/>\n\t<meta name=\"twitter:label2\" content=\"Procenjeno vreme \u010ditanja\" \/>\n\t<meta name=\"twitter:data2\" content=\"1 minut\" \/>\n<script type=\"application\/ld+json\" class=\"yoast-schema-graph\">{\"@context\":\"https:\/\/schema.org\",\"@graph\":[{\"@type\":\"Article\",\"@id\":\"https:\/\/nea.rs\/index.php\/2024\/09\/24\/debata-o-kvalitetu-vode-za-pice-na-tv-insajder\/#article\",\"isPartOf\":{\"@id\":\"https:\/\/nea.rs\/index.php\/2024\/09\/24\/debata-o-kvalitetu-vode-za-pice-na-tv-insajder\/\"},\"author\":{\"name\":\"admin\",\"@id\":\"https:\/\/nea.rs\/#\/schema\/person\/daf5180476fd224bc67bb42ea6d87925\"},\"headline\":\"Debata o kvalitetu vode za pi\u0107e na TV Insajder\",\"datePublished\":\"2024-09-24T07:26:40+00:00\",\"dateModified\":\"2025-03-04T09:19:09+00:00\",\"mainEntityOfPage\":{\"@id\":\"https:\/\/nea.rs\/index.php\/2024\/09\/24\/debata-o-kvalitetu-vode-za-pice-na-tv-insajder\/\"},\"wordCount\":76,\"publisher\":{\"@id\":\"https:\/\/nea.rs\/#organization\"},\"articleSection\":[\"Aktivnosti\",\"Video\"],\"inLanguage\":\"sr-RS\"},{\"@type\":\"WebPage\",\"@id\":\"https:\/\/nea.rs\/index.php\/2024\/09\/24\/debata-o-kvalitetu-vode-za-pice-na-tv-insajder\/\",\"url\":\"https:\/\/nea.rs\/index.php\/2024\/09\/24\/debata-o-kvalitetu-vode-za-pice-na-tv-insajder\/\",\"name\":\"Debata o kvalitetu vode za pi\u0107e na TV Insajder - Nacionalna ekolo\u0161ka asocijacija\",\"isPartOf\":{\"@id\":\"https:\/\/nea.rs\/#website\"},\"datePublished\":\"2024-09-24T07:26:40+00:00\",\"dateModified\":\"2025-03-04T09:19:09+00:00\",\"breadcrumb\":{\"@id\":\"https:\/\/nea.rs\/index.php\/2024\/09\/24\/debata-o-kvalitetu-vode-za-pice-na-tv-insajder\/#breadcrumb\"},\"inLanguage\":\"sr-RS\",\"potentialAction\":[{\"@type\":\"ReadAction\",\"target\":[\"https:\/\/nea.rs\/index.php\/2024\/09\/24\/debata-o-kvalitetu-vode-za-pice-na-tv-insajder\/\"]}]},{\"@type\":\"BreadcrumbList\",\"@id\":\"https:\/\/nea.rs\/index.php\/2024\/09\/24\/debata-o-kvalitetu-vode-za-pice-na-tv-insajder\/#breadcrumb\",\"itemListElement\":[{\"@type\":\"ListItem\",\"position\":1,\"name\":\"Po\u010detna\",\"item\":\"https:\/\/nea.rs\/\"},{\"@type\":\"ListItem\",\"position\":2,\"name\":\"Debata o kvalitetu vode za pi\u0107e na TV Insajder\"}]},{\"@type\":\"WebSite\",\"@id\":\"https:\/\/nea.rs\/#website\",\"url\":\"https:\/\/nea.rs\/\",\"name\":\"Nacionalna ekolo\u0161ka asocijacija\",\"description\":\"\",\"publisher\":{\"@id\":\"https:\/\/nea.rs\/#organization\"},\"potentialAction\":[{\"@type\":\"SearchAction\",\"target\":{\"@type\":\"EntryPoint\",\"urlTemplate\":\"https:\/\/nea.rs\/?s={search_term_string}\"},\"query-input\":{\"@type\":\"PropertyValueSpecification\",\"valueRequired\":true,\"valueName\":\"search_term_string\"}}],\"inLanguage\":\"sr-RS\"},{\"@type\":\"Organization\",\"@id\":\"https:\/\/nea.rs\/#organization\",\"name\":\"Nacionalna ekolo\u0161ka asocijacija\",\"url\":\"https:\/\/nea.rs\/\",\"logo\":{\"@type\":\"ImageObject\",\"inLanguage\":\"sr-RS\",\"@id\":\"https:\/\/nea.rs\/#\/schema\/logo\/image\/\",\"url\":\"https:\/\/nea.rs\/wp-content\/uploads\/2021\/05\/cropped-logoNEA_crop_180_nowhite.jpg\",\"contentUrl\":\"https:\/\/nea.rs\/wp-content\/uploads\/2021\/05\/cropped-logoNEA_crop_180_nowhite.jpg\",\"width\":276,\"height\":154,\"caption\":\"Nacionalna ekolo\u0161ka asocijacija\"},\"image\":{\"@id\":\"https:\/\/nea.rs\/#\/schema\/logo\/image\/\"},\"sameAs\":[\"https:\/\/www.facebook.com\/NEASrbija\",\"https:\/\/x.com\/NEASrbija\",\"https:\/\/www.instagram.com\/neasrbija\/\",\"https:\/\/www.youtube.com\/channel\/UCxwdyhNFV-rjanyqj7JIFow\"]},{\"@type\":\"Person\",\"@id\":\"https:\/\/nea.rs\/#\/schema\/person\/daf5180476fd224bc67bb42ea6d87925\",\"name\":\"admin\",\"image\":{\"@type\":\"ImageObject\",\"inLanguage\":\"sr-RS\",\"@id\":\"https:\/\/nea.rs\/#\/schema\/person\/image\/\",\"url\":\"https:\/\/secure.gravatar.com\/avatar\/208ddce103f55aec8415cbae6044df1aa912c6d56bb8e74d76628d5d221bad04?s=96&d=mm&r=g\",\"contentUrl\":\"https:\/\/secure.gravatar.com\/avatar\/208ddce103f55aec8415cbae6044df1aa912c6d56bb8e74d76628d5d221bad04?s=96&d=mm&r=g\",\"caption\":\"admin\"},\"sameAs\":[\"https:\/\/nea.rs\"],\"url\":\"https:\/\/nea.rs\/index.php\/author\/admin_5kpl02hl\/\"}]}<\/script>\n<!-- \/ Yoast SEO plugin. -->","yoast_head_json":{"title":"Debata o kvalitetu vode za pi\u0107e na TV Insajder - Nacionalna ekolo\u0161ka asocijacija","robots":{"index":"index","follow":"follow","max-snippet":"max-snippet:-1","max-image-preview":"max-image-preview:large","max-video-preview":"max-video-preview:-1"},"canonical":"https:\/\/nea.rs\/index.php\/2024\/09\/24\/debata-o-kvalitetu-vode-za-pice-na-tv-insajder\/","og_locale":"sr_RS","og_type":"article","og_title":"Debata o kvalitetu vode za pi\u0107e na TV Insajder - Nacionalna ekolo\u0161ka asocijacija","og_description":"Kako se Srbija na\u0161la pred gotovo Hamletovskim pitanjem: PITI ILI NE PITI VODU? Tema je o kojoj su sa Suzanom Trnini\u0107 razgovarati ekspertima: prof. Gordanom&hellip;","og_url":"https:\/\/nea.rs\/index.php\/2024\/09\/24\/debata-o-kvalitetu-vode-za-pice-na-tv-insajder\/","og_site_name":"Nacionalna ekolo\u0161ka asocijacija","article_publisher":"https:\/\/www.facebook.com\/NEASrbija","article_published_time":"2024-09-24T07:26:40+00:00","article_modified_time":"2025-03-04T09:19:09+00:00","author":"admin","twitter_card":"summary_large_image","twitter_creator":"@NEASrbija","twitter_site":"@NEASrbija","twitter_misc":{"Napisano od":"admin","Procenjeno vreme \u010ditanja":"1 minut"},"schema":{"@context":"https:\/\/schema.org","@graph":[{"@type":"Article","@id":"https:\/\/nea.rs\/index.php\/2024\/09\/24\/debata-o-kvalitetu-vode-za-pice-na-tv-insajder\/#article","isPartOf":{"@id":"https:\/\/nea.rs\/index.php\/2024\/09\/24\/debata-o-kvalitetu-vode-za-pice-na-tv-insajder\/"},"author":{"name":"admin","@id":"https:\/\/nea.rs\/#\/schema\/person\/daf5180476fd224bc67bb42ea6d87925"},"headline":"Debata o kvalitetu vode za pi\u0107e na TV Insajder","datePublished":"2024-09-24T07:26:40+00:00","dateModified":"2025-03-04T09:19:09+00:00","mainEntityOfPage":{"@id":"https:\/\/nea.rs\/index.php\/2024\/09\/24\/debata-o-kvalitetu-vode-za-pice-na-tv-insajder\/"},"wordCount":76,"publisher":{"@id":"https:\/\/nea.rs\/#organization"},"articleSection":["Aktivnosti","Video"],"inLanguage":"sr-RS"},{"@type":"WebPage","@id":"https:\/\/nea.rs\/index.php\/2024\/09\/24\/debata-o-kvalitetu-vode-za-pice-na-tv-insajder\/","url":"https:\/\/nea.rs\/index.php\/2024\/09\/24\/debata-o-kvalitetu-vode-za-pice-na-tv-insajder\/","name":"Debata o kvalitetu vode za pi\u0107e na TV Insajder - Nacionalna ekolo\u0161ka asocijacija","isPartOf":{"@id":"https:\/\/nea.rs\/#website"},"datePublished":"2024-09-24T07:26:40+00:00","dateModified":"2025-03-04T09:19:09+00:00","breadcrumb":{"@id":"https:\/\/nea.rs\/index.php\/2024\/09\/24\/debata-o-kvalitetu-vode-za-pice-na-tv-insajder\/#breadcrumb"},"inLanguage":"sr-RS","potentialAction":[{"@type":"ReadAction","target":["https:\/\/nea.rs\/index.php\/2024\/09\/24\/debata-o-kvalitetu-vode-za-pice-na-tv-insajder\/"]}]},{"@type":"BreadcrumbList","@id":"https:\/\/nea.rs\/index.php\/2024\/09\/24\/debata-o-kvalitetu-vode-za-pice-na-tv-insajder\/#breadcrumb","itemListElement":[{"@type":"ListItem","position":1,"name":"Po\u010detna","item":"https:\/\/nea.rs\/"},{"@type":"ListItem","position":2,"name":"Debata o kvalitetu vode za pi\u0107e na TV Insajder"}]},{"@type":"WebSite","@id":"https:\/\/nea.rs\/#website","url":"https:\/\/nea.rs\/","name":"Nacionalna ekolo\u0161ka asocijacija","description":"","publisher":{"@id":"https:\/\/nea.rs\/#organization"},"potentialAction":[{"@type":"SearchAction","target":{"@type":"EntryPoint","urlTemplate":"https:\/\/nea.rs\/?s={search_term_string}"},"query-input":{"@type":"PropertyValueSpecification","valueRequired":true,"valueName":"search_term_string"}}],"inLanguage":"sr-RS"},{"@type":"Organization","@id":"https:\/\/nea.rs\/#organization","name":"Nacionalna ekolo\u0161ka asocijacija","url":"https:\/\/nea.rs\/","logo":{"@type":"ImageObject","inLanguage":"sr-RS","@id":"https:\/\/nea.rs\/#\/schema\/logo\/image\/","url":"https:\/\/nea.rs\/wp-content\/uploads\/2021\/05\/cropped-logoNEA_crop_180_nowhite.jpg","contentUrl":"https:\/\/nea.rs\/wp-content\/uploads\/2021\/05\/cropped-logoNEA_crop_180_nowhite.jpg","width":276,"height":154,"caption":"Nacionalna ekolo\u0161ka asocijacija"},"image":{"@id":"https:\/\/nea.rs\/#\/schema\/logo\/image\/"},"sameAs":["https:\/\/www.facebook.com\/NEASrbija","https:\/\/x.com\/NEASrbija","https:\/\/www.instagram.com\/neasrbija\/","https:\/\/www.youtube.com\/channel\/UCxwdyhNFV-rjanyqj7JIFow"]},{"@type":"Person","@id":"https:\/\/nea.rs\/#\/schema\/person\/daf5180476fd224bc67bb42ea6d87925","name":"admin","image":{"@type":"ImageObject","inLanguage":"sr-RS","@id":"https:\/\/nea.rs\/#\/schema\/person\/image\/","url":"https:\/\/secure.gravatar.com\/avatar\/208ddce103f55aec8415cbae6044df1aa912c6d56bb8e74d76628d5d221bad04?s=96&d=mm&r=g","contentUrl":"https:\/\/secure.gravatar.com\/avatar\/208ddce103f55aec8415cbae6044df1aa912c6d56bb8e74d76628d5d221bad04?s=96&d=mm&r=g","caption":"admin"},"sameAs":["https:\/\/nea.rs"],"url":"https:\/\/nea.rs\/index.php\/author\/admin_5kpl02hl\/"}]}},"jetpack_sharing_enabled":true,"jetpack_featured_media_url":"","_links":{"self":[{"href":"https:\/\/nea.rs\/index.php\/wp-json\/wp\/v2\/posts\/1329","targetHints":{"allow":["GET"]}}],"collection":[{"href":"https:\/\/nea.rs\/index.php\/wp-json\/wp\/v2\/posts"}],"about":[{"href":"https:\/\/nea.rs\/index.php\/wp-json\/wp\/v2\/types\/post"}],"author":[{"embeddable":true,"href":"https:\/\/nea.rs\/index.php\/wp-json\/wp\/v2\/users\/1"}],"replies":[{"embeddable":true,"href":"https:\/\/nea.rs\/index.php\/wp-json\/wp\/v2\/comments?post=1329"}],"version-history":[{"count":1,"href":"https:\/\/nea.rs\/index.php\/wp-json\/wp\/v2\/posts\/1329\/revisions"}],"predecessor-version":[{"id":1330,"href":"https:\/\/nea.rs\/index.php\/wp-json\/wp\/v2\/posts\/1329\/revisions\/1330"}],"wp:attachment":[{"href":"https:\/\/nea.rs\/index.php\/wp-json\/wp\/v2\/media?parent=1329"}],"wp:term":[{"taxonomy":"category","embeddable":true,"href":"https:\/\/nea.rs\/index.php\/wp-json\/wp\/v2\/categories?post=1329"},{"taxonomy":"post_tag","embeddable":true,"href":"https:\/\/nea.rs\/index.php\/wp-json\/wp\/v2\/tags?post=1329"}],"curies":[{"name":"wp","href":"https:\/\/api.w.org\/{rel}","templated":true}]}}