{"id":1296,"date":"2023-12-05T19:50:12","date_gmt":"2023-12-05T19:50:12","guid":{"rendered":"https:\/\/nea.rs\/?p=1296"},"modified":"2025-03-04T09:19:09","modified_gmt":"2025-03-04T09:19:09","slug":"5-decembar-svetski-dan-zemljista","status":"publish","type":"post","link":"https:\/\/nea.rs\/index.php\/2023\/12\/05\/5-decembar-svetski-dan-zemljista\/","title":{"rendered":"5. DECEMBAR &#8211; SVETSKI DAN ZEMLjI\u0160TA"},"content":{"rendered":"\n<p class=\"has-text-align-center\"><strong>\u010cestitamo svim pol\u0458oprivrednim proizvo\u0111a\u010dima, gra\u0111ankama i gra\u0111anima Republike Srbije, <\/strong><br><strong><em>5. Decembar\u00a0 &#8211;\u00a0 Svetski dan zeml\u0458i\u0161ta<\/em><\/strong><\/p>\n\n\n\n<figure class=\"wp-block-image size-full\"><img loading=\"lazy\" decoding=\"async\" width=\"936\" height=\"644\" src=\"https:\/\/nea.rs\/wp-content\/uploads\/2023\/12\/dan_zemljista-1.jpg\" alt=\"\" class=\"wp-image-1298\" srcset=\"https:\/\/nea.rs\/wp-content\/uploads\/2023\/12\/dan_zemljista-1.jpg 936w, https:\/\/nea.rs\/wp-content\/uploads\/2023\/12\/dan_zemljista-1-768x528.jpg 768w\" sizes=\"auto, (max-width: 936px) 100vw, 936px\" \/><\/figure>\n\n\n\n<p>Zeml\u0458i\u0161te je jedan od najzna\u010dajnijih prirodnih resursa republike Srbije. Na\u0161a dr\u017eava raspola\u017ee sa oko 5.000.000 ha pol\u0458oprivrednog zeml\u0458i\u0161ta i to:<\/p>\n\n\n\n<ul class=\"wp-block-list\">\n<li>oko 1.100.000 ha \u010dernozema,&nbsp; najkvalitetnijeg tipa zeml\u0458i\u0161ta za ratarsku i povrtarsku proizvodnju:<\/li>\n\n\n\n<li>oko 700.000 &nbsp;ha gajnja\u010de, najkvalitetnijeg tipa zeml\u0458i\u0161te za vo\u0107arsko \u2013 vinogradarsku proizvodnju:<\/li>\n\n\n\n<li>oko 600.000 ha tipa smonica, zeml\u0458i\u0161te koje se mo\u017ee koristiti i za ratarsku i vo\u0107arsko \u2013 vinogradarsku proizvodnju;<\/li>\n\n\n\n<li>oko 600.000 ha ostali tipovi zeml\u0458i\u0161ta koji imaju odgovaraju\u0107u potencijalnu plodnost za pol\u0458oprivrednu proizvodnju i<\/li>\n\n\n\n<li>oko 2.000.000 ha brdsko planinskih zeml\u0458i\u0161ta razli\u010ditih tipova idealnih za sto\u010darsku proizvodnju.<\/li>\n<\/ul>\n\n\n\n<p>U cil\u0458u za\u0161tite zeml\u0458i\u0161ta dr\u017eava Srbija je izdvojila zna\u010dajna sredstva od 2012.godine do 2016. Kada je ura\u0111ena \u201eMetodologija sistematskog pra\u0107enja stanja zeml\u0458i\u0161ta u Republici Srbiji\u201c, ura\u0111en je \u201eZakon o za\u0161titi zeml\u0458i\u0161ta Republike Srbije\u201c i odre\u0111ene su merne ta\u010dke za odre\u0111ivanje nultog stanja razli\u010ditih tipova zeml\u0458i\u0161ta Republike Srbije, kako bi se uspostavio \u201eMonitoring zeml\u0458i\u0161ta Republike Srbije\u201c.<\/p>\n\n\n\n<p>Me\u0111utim, posle navedenih aktivnosti nadle\u017eno ministarstvo je prekinulo realizaciju projekata koji \u010dine nastavak prethodnim.<\/p>\n\n\n\n<p>Imaju\u0107i u vidu zna\u010daj zeml\u0458i\u0161ta kao prirodnog resursa, koristimo ovaj dan da apelujemo&nbsp; nadle\u017enom ministarstvo da uz pomo\u0107 dr\u017eave Srbije nastavi sa realizacijom zapo\u010detih projekata sa nau\u010dnim institucijama Republike Srbije i posle du\u017eeg vremena uspostavi \u201eMonitoring zeml\u0458i\u0161ta Republike Srbije\u201c.<\/p>\n","protected":false},"excerpt":{"rendered":"<p>\u010cestitamo svim pol\u0458oprivrednim proizvo\u0111a\u010dima, gra\u0111ankama i gra\u0111anima Republike Srbije, 5. Decembar\u00a0 &#8211;\u00a0 Svetski dan zeml\u0458i\u0161ta Zeml\u0458i\u0161te je jedan od najzna\u010dajnijih prirodnih resursa republike Srbije. Na\u0161a&hellip;<\/p>\n","protected":false},"author":1,"featured_media":0,"comment_status":"closed","ping_status":"open","sticky":true,"template":"","format":"standard","meta":{"footnotes":""},"categories":[11],"tags":[],"class_list":["post-1296","post","type-post","status-publish","format-standard","hentry","category-saopstenja"],"yoast_head":"<!-- This site is optimized with the Yoast SEO plugin v24.9 - https:\/\/yoast.com\/wordpress\/plugins\/seo\/ -->\n<title>5. DECEMBAR - SVETSKI DAN ZEMLjI\u0160TA - Nacionalna ekolo\u0161ka asocijacija<\/title>\n<meta name=\"robots\" content=\"index, follow, max-snippet:-1, max-image-preview:large, max-video-preview:-1\" \/>\n<link rel=\"canonical\" href=\"https:\/\/nea.rs\/index.php\/2023\/12\/05\/5-decembar-svetski-dan-zemljista\/\" \/>\n<meta property=\"og:locale\" content=\"sr_RS\" \/>\n<meta property=\"og:type\" content=\"article\" \/>\n<meta property=\"og:title\" content=\"5. DECEMBAR - SVETSKI DAN ZEMLjI\u0160TA - Nacionalna ekolo\u0161ka asocijacija\" \/>\n<meta property=\"og:description\" content=\"\u010cestitamo svim pol\u0458oprivrednim proizvo\u0111a\u010dima, gra\u0111ankama i gra\u0111anima Republike Srbije, 5. Decembar\u00a0 &#8211;\u00a0 Svetski dan zeml\u0458i\u0161ta Zeml\u0458i\u0161te je jedan od najzna\u010dajnijih prirodnih resursa republike Srbije. Na\u0161a&hellip;\" \/>\n<meta property=\"og:url\" content=\"https:\/\/nea.rs\/index.php\/2023\/12\/05\/5-decembar-svetski-dan-zemljista\/\" \/>\n<meta property=\"og:site_name\" content=\"Nacionalna ekolo\u0161ka asocijacija\" \/>\n<meta property=\"article:publisher\" content=\"https:\/\/www.facebook.com\/NEASrbija\" \/>\n<meta property=\"article:published_time\" content=\"2023-12-05T19:50:12+00:00\" \/>\n<meta property=\"article:modified_time\" content=\"2025-03-04T09:19:09+00:00\" \/>\n<meta property=\"og:image\" content=\"https:\/\/nea.rs\/wp-content\/uploads\/2023\/12\/dan_zemljista-1.jpg\" \/>\n\t<meta property=\"og:image:width\" content=\"936\" \/>\n\t<meta property=\"og:image:height\" content=\"644\" \/>\n\t<meta property=\"og:image:type\" content=\"image\/jpeg\" \/>\n<meta name=\"author\" content=\"admin\" \/>\n<meta name=\"twitter:card\" content=\"summary_large_image\" \/>\n<meta name=\"twitter:creator\" content=\"@NEASrbija\" \/>\n<meta name=\"twitter:site\" content=\"@NEASrbija\" \/>\n<meta name=\"twitter:label1\" content=\"Napisano od\" \/>\n\t<meta name=\"twitter:data1\" content=\"admin\" \/>\n\t<meta name=\"twitter:label2\" content=\"Procenjeno vreme \u010ditanja\" \/>\n\t<meta name=\"twitter:data2\" content=\"2 minuta\" \/>\n<script type=\"application\/ld+json\" class=\"yoast-schema-graph\">{\"@context\":\"https:\/\/schema.org\",\"@graph\":[{\"@type\":\"Article\",\"@id\":\"https:\/\/nea.rs\/index.php\/2023\/12\/05\/5-decembar-svetski-dan-zemljista\/#article\",\"isPartOf\":{\"@id\":\"https:\/\/nea.rs\/index.php\/2023\/12\/05\/5-decembar-svetski-dan-zemljista\/\"},\"author\":{\"name\":\"admin\",\"@id\":\"https:\/\/nea.rs\/#\/schema\/person\/daf5180476fd224bc67bb42ea6d87925\"},\"headline\":\"5. DECEMBAR &#8211; SVETSKI DAN ZEMLjI\u0160TA\",\"datePublished\":\"2023-12-05T19:50:12+00:00\",\"dateModified\":\"2025-03-04T09:19:09+00:00\",\"mainEntityOfPage\":{\"@id\":\"https:\/\/nea.rs\/index.php\/2023\/12\/05\/5-decembar-svetski-dan-zemljista\/\"},\"wordCount\":280,\"publisher\":{\"@id\":\"https:\/\/nea.rs\/#organization\"},\"image\":{\"@id\":\"https:\/\/nea.rs\/index.php\/2023\/12\/05\/5-decembar-svetski-dan-zemljista\/#primaryimage\"},\"thumbnailUrl\":\"https:\/\/nea.rs\/wp-content\/uploads\/2023\/12\/dan_zemljista-1.jpg\",\"articleSection\":[\"Saop\u0161tenja\"],\"inLanguage\":\"sr-RS\"},{\"@type\":\"WebPage\",\"@id\":\"https:\/\/nea.rs\/index.php\/2023\/12\/05\/5-decembar-svetski-dan-zemljista\/\",\"url\":\"https:\/\/nea.rs\/index.php\/2023\/12\/05\/5-decembar-svetski-dan-zemljista\/\",\"name\":\"5. DECEMBAR - SVETSKI DAN ZEMLjI\u0160TA - Nacionalna ekolo\u0161ka asocijacija\",\"isPartOf\":{\"@id\":\"https:\/\/nea.rs\/#website\"},\"primaryImageOfPage\":{\"@id\":\"https:\/\/nea.rs\/index.php\/2023\/12\/05\/5-decembar-svetski-dan-zemljista\/#primaryimage\"},\"image\":{\"@id\":\"https:\/\/nea.rs\/index.php\/2023\/12\/05\/5-decembar-svetski-dan-zemljista\/#primaryimage\"},\"thumbnailUrl\":\"https:\/\/nea.rs\/wp-content\/uploads\/2023\/12\/dan_zemljista-1.jpg\",\"datePublished\":\"2023-12-05T19:50:12+00:00\",\"dateModified\":\"2025-03-04T09:19:09+00:00\",\"breadcrumb\":{\"@id\":\"https:\/\/nea.rs\/index.php\/2023\/12\/05\/5-decembar-svetski-dan-zemljista\/#breadcrumb\"},\"inLanguage\":\"sr-RS\",\"potentialAction\":[{\"@type\":\"ReadAction\",\"target\":[\"https:\/\/nea.rs\/index.php\/2023\/12\/05\/5-decembar-svetski-dan-zemljista\/\"]}]},{\"@type\":\"ImageObject\",\"inLanguage\":\"sr-RS\",\"@id\":\"https:\/\/nea.rs\/index.php\/2023\/12\/05\/5-decembar-svetski-dan-zemljista\/#primaryimage\",\"url\":\"https:\/\/nea.rs\/wp-content\/uploads\/2023\/12\/dan_zemljista-1.jpg\",\"contentUrl\":\"https:\/\/nea.rs\/wp-content\/uploads\/2023\/12\/dan_zemljista-1.jpg\",\"width\":936,\"height\":644},{\"@type\":\"BreadcrumbList\",\"@id\":\"https:\/\/nea.rs\/index.php\/2023\/12\/05\/5-decembar-svetski-dan-zemljista\/#breadcrumb\",\"itemListElement\":[{\"@type\":\"ListItem\",\"position\":1,\"name\":\"Po\u010detna\",\"item\":\"https:\/\/nea.rs\/\"},{\"@type\":\"ListItem\",\"position\":2,\"name\":\"5. DECEMBAR &#8211; SVETSKI DAN ZEMLjI\u0160TA\"}]},{\"@type\":\"WebSite\",\"@id\":\"https:\/\/nea.rs\/#website\",\"url\":\"https:\/\/nea.rs\/\",\"name\":\"Nacionalna ekolo\u0161ka asocijacija\",\"description\":\"\",\"publisher\":{\"@id\":\"https:\/\/nea.rs\/#organization\"},\"potentialAction\":[{\"@type\":\"SearchAction\",\"target\":{\"@type\":\"EntryPoint\",\"urlTemplate\":\"https:\/\/nea.rs\/?s={search_term_string}\"},\"query-input\":{\"@type\":\"PropertyValueSpecification\",\"valueRequired\":true,\"valueName\":\"search_term_string\"}}],\"inLanguage\":\"sr-RS\"},{\"@type\":\"Organization\",\"@id\":\"https:\/\/nea.rs\/#organization\",\"name\":\"Nacionalna ekolo\u0161ka asocijacija\",\"url\":\"https:\/\/nea.rs\/\",\"logo\":{\"@type\":\"ImageObject\",\"inLanguage\":\"sr-RS\",\"@id\":\"https:\/\/nea.rs\/#\/schema\/logo\/image\/\",\"url\":\"https:\/\/nea.rs\/wp-content\/uploads\/2021\/05\/cropped-logoNEA_crop_180_nowhite.jpg\",\"contentUrl\":\"https:\/\/nea.rs\/wp-content\/uploads\/2021\/05\/cropped-logoNEA_crop_180_nowhite.jpg\",\"width\":276,\"height\":154,\"caption\":\"Nacionalna ekolo\u0161ka asocijacija\"},\"image\":{\"@id\":\"https:\/\/nea.rs\/#\/schema\/logo\/image\/\"},\"sameAs\":[\"https:\/\/www.facebook.com\/NEASrbija\",\"https:\/\/x.com\/NEASrbija\",\"https:\/\/www.instagram.com\/neasrbija\/\",\"https:\/\/www.youtube.com\/channel\/UCxwdyhNFV-rjanyqj7JIFow\"]},{\"@type\":\"Person\",\"@id\":\"https:\/\/nea.rs\/#\/schema\/person\/daf5180476fd224bc67bb42ea6d87925\",\"name\":\"admin\",\"image\":{\"@type\":\"ImageObject\",\"inLanguage\":\"sr-RS\",\"@id\":\"https:\/\/nea.rs\/#\/schema\/person\/image\/\",\"url\":\"https:\/\/secure.gravatar.com\/avatar\/208ddce103f55aec8415cbae6044df1aa912c6d56bb8e74d76628d5d221bad04?s=96&d=mm&r=g\",\"contentUrl\":\"https:\/\/secure.gravatar.com\/avatar\/208ddce103f55aec8415cbae6044df1aa912c6d56bb8e74d76628d5d221bad04?s=96&d=mm&r=g\",\"caption\":\"admin\"},\"sameAs\":[\"https:\/\/nea.rs\"],\"url\":\"https:\/\/nea.rs\/index.php\/author\/admin_5kpl02hl\/\"}]}<\/script>\n<!-- \/ Yoast SEO plugin. -->","yoast_head_json":{"title":"5. DECEMBAR - SVETSKI DAN ZEMLjI\u0160TA - Nacionalna ekolo\u0161ka asocijacija","robots":{"index":"index","follow":"follow","max-snippet":"max-snippet:-1","max-image-preview":"max-image-preview:large","max-video-preview":"max-video-preview:-1"},"canonical":"https:\/\/nea.rs\/index.php\/2023\/12\/05\/5-decembar-svetski-dan-zemljista\/","og_locale":"sr_RS","og_type":"article","og_title":"5. DECEMBAR - SVETSKI DAN ZEMLjI\u0160TA - Nacionalna ekolo\u0161ka asocijacija","og_description":"\u010cestitamo svim pol\u0458oprivrednim proizvo\u0111a\u010dima, gra\u0111ankama i gra\u0111anima Republike Srbije, 5. Decembar\u00a0 &#8211;\u00a0 Svetski dan zeml\u0458i\u0161ta Zeml\u0458i\u0161te je jedan od najzna\u010dajnijih prirodnih resursa republike Srbije. Na\u0161a&hellip;","og_url":"https:\/\/nea.rs\/index.php\/2023\/12\/05\/5-decembar-svetski-dan-zemljista\/","og_site_name":"Nacionalna ekolo\u0161ka asocijacija","article_publisher":"https:\/\/www.facebook.com\/NEASrbija","article_published_time":"2023-12-05T19:50:12+00:00","article_modified_time":"2025-03-04T09:19:09+00:00","og_image":[{"width":936,"height":644,"url":"https:\/\/nea.rs\/wp-content\/uploads\/2023\/12\/dan_zemljista-1.jpg","type":"image\/jpeg"}],"author":"admin","twitter_card":"summary_large_image","twitter_creator":"@NEASrbija","twitter_site":"@NEASrbija","twitter_misc":{"Napisano od":"admin","Procenjeno vreme \u010ditanja":"2 minuta"},"schema":{"@context":"https:\/\/schema.org","@graph":[{"@type":"Article","@id":"https:\/\/nea.rs\/index.php\/2023\/12\/05\/5-decembar-svetski-dan-zemljista\/#article","isPartOf":{"@id":"https:\/\/nea.rs\/index.php\/2023\/12\/05\/5-decembar-svetski-dan-zemljista\/"},"author":{"name":"admin","@id":"https:\/\/nea.rs\/#\/schema\/person\/daf5180476fd224bc67bb42ea6d87925"},"headline":"5. DECEMBAR &#8211; SVETSKI DAN ZEMLjI\u0160TA","datePublished":"2023-12-05T19:50:12+00:00","dateModified":"2025-03-04T09:19:09+00:00","mainEntityOfPage":{"@id":"https:\/\/nea.rs\/index.php\/2023\/12\/05\/5-decembar-svetski-dan-zemljista\/"},"wordCount":280,"publisher":{"@id":"https:\/\/nea.rs\/#organization"},"image":{"@id":"https:\/\/nea.rs\/index.php\/2023\/12\/05\/5-decembar-svetski-dan-zemljista\/#primaryimage"},"thumbnailUrl":"https:\/\/nea.rs\/wp-content\/uploads\/2023\/12\/dan_zemljista-1.jpg","articleSection":["Saop\u0161tenja"],"inLanguage":"sr-RS"},{"@type":"WebPage","@id":"https:\/\/nea.rs\/index.php\/2023\/12\/05\/5-decembar-svetski-dan-zemljista\/","url":"https:\/\/nea.rs\/index.php\/2023\/12\/05\/5-decembar-svetski-dan-zemljista\/","name":"5. DECEMBAR - SVETSKI DAN ZEMLjI\u0160TA - Nacionalna ekolo\u0161ka asocijacija","isPartOf":{"@id":"https:\/\/nea.rs\/#website"},"primaryImageOfPage":{"@id":"https:\/\/nea.rs\/index.php\/2023\/12\/05\/5-decembar-svetski-dan-zemljista\/#primaryimage"},"image":{"@id":"https:\/\/nea.rs\/index.php\/2023\/12\/05\/5-decembar-svetski-dan-zemljista\/#primaryimage"},"thumbnailUrl":"https:\/\/nea.rs\/wp-content\/uploads\/2023\/12\/dan_zemljista-1.jpg","datePublished":"2023-12-05T19:50:12+00:00","dateModified":"2025-03-04T09:19:09+00:00","breadcrumb":{"@id":"https:\/\/nea.rs\/index.php\/2023\/12\/05\/5-decembar-svetski-dan-zemljista\/#breadcrumb"},"inLanguage":"sr-RS","potentialAction":[{"@type":"ReadAction","target":["https:\/\/nea.rs\/index.php\/2023\/12\/05\/5-decembar-svetski-dan-zemljista\/"]}]},{"@type":"ImageObject","inLanguage":"sr-RS","@id":"https:\/\/nea.rs\/index.php\/2023\/12\/05\/5-decembar-svetski-dan-zemljista\/#primaryimage","url":"https:\/\/nea.rs\/wp-content\/uploads\/2023\/12\/dan_zemljista-1.jpg","contentUrl":"https:\/\/nea.rs\/wp-content\/uploads\/2023\/12\/dan_zemljista-1.jpg","width":936,"height":644},{"@type":"BreadcrumbList","@id":"https:\/\/nea.rs\/index.php\/2023\/12\/05\/5-decembar-svetski-dan-zemljista\/#breadcrumb","itemListElement":[{"@type":"ListItem","position":1,"name":"Po\u010detna","item":"https:\/\/nea.rs\/"},{"@type":"ListItem","position":2,"name":"5. DECEMBAR &#8211; SVETSKI DAN ZEMLjI\u0160TA"}]},{"@type":"WebSite","@id":"https:\/\/nea.rs\/#website","url":"https:\/\/nea.rs\/","name":"Nacionalna ekolo\u0161ka asocijacija","description":"","publisher":{"@id":"https:\/\/nea.rs\/#organization"},"potentialAction":[{"@type":"SearchAction","target":{"@type":"EntryPoint","urlTemplate":"https:\/\/nea.rs\/?s={search_term_string}"},"query-input":{"@type":"PropertyValueSpecification","valueRequired":true,"valueName":"search_term_string"}}],"inLanguage":"sr-RS"},{"@type":"Organization","@id":"https:\/\/nea.rs\/#organization","name":"Nacionalna ekolo\u0161ka asocijacija","url":"https:\/\/nea.rs\/","logo":{"@type":"ImageObject","inLanguage":"sr-RS","@id":"https:\/\/nea.rs\/#\/schema\/logo\/image\/","url":"https:\/\/nea.rs\/wp-content\/uploads\/2021\/05\/cropped-logoNEA_crop_180_nowhite.jpg","contentUrl":"https:\/\/nea.rs\/wp-content\/uploads\/2021\/05\/cropped-logoNEA_crop_180_nowhite.jpg","width":276,"height":154,"caption":"Nacionalna ekolo\u0161ka asocijacija"},"image":{"@id":"https:\/\/nea.rs\/#\/schema\/logo\/image\/"},"sameAs":["https:\/\/www.facebook.com\/NEASrbija","https:\/\/x.com\/NEASrbija","https:\/\/www.instagram.com\/neasrbija\/","https:\/\/www.youtube.com\/channel\/UCxwdyhNFV-rjanyqj7JIFow"]},{"@type":"Person","@id":"https:\/\/nea.rs\/#\/schema\/person\/daf5180476fd224bc67bb42ea6d87925","name":"admin","image":{"@type":"ImageObject","inLanguage":"sr-RS","@id":"https:\/\/nea.rs\/#\/schema\/person\/image\/","url":"https:\/\/secure.gravatar.com\/avatar\/208ddce103f55aec8415cbae6044df1aa912c6d56bb8e74d76628d5d221bad04?s=96&d=mm&r=g","contentUrl":"https:\/\/secure.gravatar.com\/avatar\/208ddce103f55aec8415cbae6044df1aa912c6d56bb8e74d76628d5d221bad04?s=96&d=mm&r=g","caption":"admin"},"sameAs":["https:\/\/nea.rs"],"url":"https:\/\/nea.rs\/index.php\/author\/admin_5kpl02hl\/"}]}},"jetpack_sharing_enabled":true,"jetpack_featured_media_url":"","_links":{"self":[{"href":"https:\/\/nea.rs\/index.php\/wp-json\/wp\/v2\/posts\/1296","targetHints":{"allow":["GET"]}}],"collection":[{"href":"https:\/\/nea.rs\/index.php\/wp-json\/wp\/v2\/posts"}],"about":[{"href":"https:\/\/nea.rs\/index.php\/wp-json\/wp\/v2\/types\/post"}],"author":[{"embeddable":true,"href":"https:\/\/nea.rs\/index.php\/wp-json\/wp\/v2\/users\/1"}],"replies":[{"embeddable":true,"href":"https:\/\/nea.rs\/index.php\/wp-json\/wp\/v2\/comments?post=1296"}],"version-history":[{"count":2,"href":"https:\/\/nea.rs\/index.php\/wp-json\/wp\/v2\/posts\/1296\/revisions"}],"predecessor-version":[{"id":1304,"href":"https:\/\/nea.rs\/index.php\/wp-json\/wp\/v2\/posts\/1296\/revisions\/1304"}],"wp:attachment":[{"href":"https:\/\/nea.rs\/index.php\/wp-json\/wp\/v2\/media?parent=1296"}],"wp:term":[{"taxonomy":"category","embeddable":true,"href":"https:\/\/nea.rs\/index.php\/wp-json\/wp\/v2\/categories?post=1296"},{"taxonomy":"post_tag","embeddable":true,"href":"https:\/\/nea.rs\/index.php\/wp-json\/wp\/v2\/tags?post=1296"}],"curies":[{"name":"wp","href":"https:\/\/api.w.org\/{rel}","templated":true}]}}