{"id":1199,"date":"2022-10-01T10:53:22","date_gmt":"2022-10-01T10:53:22","guid":{"rendered":"https:\/\/nea.rs\/?p=1199"},"modified":"2022-10-01T10:53:24","modified_gmt":"2022-10-01T10:53:24","slug":"nove-merne-stanice-za-kvalitet-vazduha-u-beogradu-pobeda-ili-poraz-javne-politike","status":"publish","type":"post","link":"https:\/\/nea.rs\/index.php\/2022\/10\/01\/nove-merne-stanice-za-kvalitet-vazduha-u-beogradu-pobeda-ili-poraz-javne-politike\/","title":{"rendered":"Nove merne stanice za kvalitet vazduha u Beogradu, pobeda ili poraz javne politike"},"content":{"rendered":"\n<p>Na portalima, apliacijama i sajtovima pojavile su se nove merne stance za pra\u0107enje kvaliteta vazduha u Beogradu. Infomacija koju bi trebalo pozitvno oceniti, da nema druge strane medalje za nesprovo\u0111enje zakonske obaveze Beograda na za\u0161titi gra\u0111ana od zaga\u0111enja. Neophodno je podse\u0107anje javnosti da Grad Beograd, ne samo da nije uspeo da donese i primeni adekvatne mere za smanjenje aerozaga\u0111enja, jer evidentno nema pobolj\u0161anja, nego nastavlja da rasipa na\u0161 novac na fingiranje upravljanja kvalitetom vazduha. Naime, iz neadekvatnog Plana kvaliteta vazduha za Grad Beograd \u201a\u201auspe\u0161no&#8220; se sprovodi nepotrebna i skupa nabavka 20 novih automatskih stanica \u0161irom Beograda pod parolom da se zna stanje kvaliteta vazduha maltene u svakom kvartu, \u0161to je dodatno nestru\u010dno obmanjivanje gra\u0111ana. Beograd \u0107e okon\u010danjem ovog naopakog procesa imati stanica kolIko i ostatak Srbije, ali i dalje prekpomerno zaga\u0111en vazduh. Ako zbog li\u010dnog ili paertijskog interesa nabave jo\u0161 1000 stanica, nastavi\u0107e se trovanje gra\u0111ana emisijama iz Tenta, individualnh lo\u017ei\u0161ta, neregulisanog saobra\u0107aja\u2026 Na to treba dodati i preskupo pla\u0107enu (barem milion evra) iluziju predikcije odn prognoze aerozaga\u0111enja. S obzirom da se ne radi o bilo kom zvani\u010dnom modelu prognoze koncentracija polutanata, dosada\u0161nji \u201a\u201arezultati&#8220; te stru\u010dne farse nepriznate metodologije su na o\u010dekivanom nezavidnom nivou. Pozivanje na ve\u0161ta\u010dku inteligenciju u dru\u0161tvu sveprisutnog odsustva pameti je jo\u0161 jedna predstava u teatru apsurda za\u0161tite \u017eivotne sredine. 4 milona evra, koliko ko\u0161ta ovo rasipni\u0161tvo, dese moralo potro\u0161iti na smanjenje emisija zaga\u0111uju\u0107ih materija, kao \u0161to su zamena lokalnih lo\u017ei\u0161ta, a ne na promociju iluzije za\u0161tite zdravlja gra\u0111ana. Zato nije na odmet podsetiti gra\u0111ane na latinsku izreku Repetitio est mater studiorum da ne zaborave kontinuitet pogre\u0161nih odluka GU Beograd.<\/p>\n\n\n\n<figure class=\"wp-block-image size-full\"><img loading=\"lazy\" decoding=\"async\" width=\"720\" height=\"1600\" src=\"https:\/\/nea.rs\/wp-content\/uploads\/2022\/10\/Screenshot_20220930-152806-1.png\" alt=\"\" class=\"wp-image-1200\" srcset=\"https:\/\/nea.rs\/wp-content\/uploads\/2022\/10\/Screenshot_20220930-152806-1.png 720w, https:\/\/nea.rs\/wp-content\/uploads\/2022\/10\/Screenshot_20220930-152806-1-691x1536.png 691w\" sizes=\"auto, (max-width: 720px) 100vw, 720px\" \/><\/figure>\n","protected":false},"excerpt":{"rendered":"<p>Na portalima, apliacijama i sajtovima pojavile su se nove merne stance za pra\u0107enje kvaliteta vazduha u Beogradu. Infomacija koju bi trebalo pozitvno oceniti, da nema&hellip;<\/p>\n","protected":false},"author":1,"featured_media":0,"comment_status":"open","ping_status":"open","sticky":false,"template":"","format":"standard","meta":{"footnotes":""},"categories":[5,11],"tags":[],"class_list":["post-1199","post","type-post","status-publish","format-standard","hentry","category-aktivnosti","category-saopstenja"],"yoast_head":"<!-- This site is optimized with the Yoast SEO plugin v24.9 - https:\/\/yoast.com\/wordpress\/plugins\/seo\/ -->\n<title>Nove merne stanice za kvalitet vazduha u Beogradu, pobeda ili poraz javne politike - Nacionalna ekolo\u0161ka asocijacija<\/title>\n<meta name=\"robots\" content=\"index, follow, max-snippet:-1, max-image-preview:large, max-video-preview:-1\" \/>\n<link rel=\"canonical\" href=\"https:\/\/nea.rs\/index.php\/2022\/10\/01\/nove-merne-stanice-za-kvalitet-vazduha-u-beogradu-pobeda-ili-poraz-javne-politike\/\" \/>\n<meta property=\"og:locale\" content=\"sr_RS\" \/>\n<meta property=\"og:type\" content=\"article\" \/>\n<meta property=\"og:title\" content=\"Nove merne stanice za kvalitet vazduha u Beogradu, pobeda ili poraz javne politike - Nacionalna ekolo\u0161ka asocijacija\" \/>\n<meta property=\"og:description\" content=\"Na portalima, apliacijama i sajtovima pojavile su se nove merne stance za pra\u0107enje kvaliteta vazduha u Beogradu. Infomacija koju bi trebalo pozitvno oceniti, da nema&hellip;\" \/>\n<meta property=\"og:url\" content=\"https:\/\/nea.rs\/index.php\/2022\/10\/01\/nove-merne-stanice-za-kvalitet-vazduha-u-beogradu-pobeda-ili-poraz-javne-politike\/\" \/>\n<meta property=\"og:site_name\" content=\"Nacionalna ekolo\u0161ka asocijacija\" \/>\n<meta property=\"article:publisher\" content=\"https:\/\/www.facebook.com\/NEASrbija\" \/>\n<meta property=\"article:published_time\" content=\"2022-10-01T10:53:22+00:00\" \/>\n<meta property=\"article:modified_time\" content=\"2022-10-01T10:53:24+00:00\" \/>\n<meta property=\"og:image\" content=\"https:\/\/nea.rs\/wp-content\/uploads\/2022\/10\/Screenshot_20220930-152806-1.png\" \/>\n<meta name=\"author\" content=\"admin\" \/>\n<meta name=\"twitter:card\" content=\"summary_large_image\" \/>\n<meta name=\"twitter:creator\" content=\"@NEASrbija\" \/>\n<meta name=\"twitter:site\" content=\"@NEASrbija\" \/>\n<meta name=\"twitter:label1\" content=\"Napisano od\" \/>\n\t<meta name=\"twitter:data1\" content=\"admin\" \/>\n\t<meta name=\"twitter:label2\" content=\"Procenjeno vreme \u010ditanja\" \/>\n\t<meta name=\"twitter:data2\" content=\"2 minuta\" \/>\n<script type=\"application\/ld+json\" class=\"yoast-schema-graph\">{\"@context\":\"https:\/\/schema.org\",\"@graph\":[{\"@type\":\"Article\",\"@id\":\"https:\/\/nea.rs\/index.php\/2022\/10\/01\/nove-merne-stanice-za-kvalitet-vazduha-u-beogradu-pobeda-ili-poraz-javne-politike\/#article\",\"isPartOf\":{\"@id\":\"https:\/\/nea.rs\/index.php\/2022\/10\/01\/nove-merne-stanice-za-kvalitet-vazduha-u-beogradu-pobeda-ili-poraz-javne-politike\/\"},\"author\":{\"name\":\"admin\",\"@id\":\"https:\/\/nea.rs\/#\/schema\/person\/daf5180476fd224bc67bb42ea6d87925\"},\"headline\":\"Nove merne stanice za kvalitet vazduha u Beogradu, pobeda ili poraz javne politike\",\"datePublished\":\"2022-10-01T10:53:22+00:00\",\"dateModified\":\"2022-10-01T10:53:24+00:00\",\"mainEntityOfPage\":{\"@id\":\"https:\/\/nea.rs\/index.php\/2022\/10\/01\/nove-merne-stanice-za-kvalitet-vazduha-u-beogradu-pobeda-ili-poraz-javne-politike\/\"},\"wordCount\":313,\"commentCount\":0,\"publisher\":{\"@id\":\"https:\/\/nea.rs\/#organization\"},\"image\":{\"@id\":\"https:\/\/nea.rs\/index.php\/2022\/10\/01\/nove-merne-stanice-za-kvalitet-vazduha-u-beogradu-pobeda-ili-poraz-javne-politike\/#primaryimage\"},\"thumbnailUrl\":\"https:\/\/nea.rs\/wp-content\/uploads\/2022\/10\/Screenshot_20220930-152806-1.png\",\"articleSection\":[\"Aktivnosti\",\"Saop\u0161tenja\"],\"inLanguage\":\"sr-RS\",\"potentialAction\":[{\"@type\":\"CommentAction\",\"name\":\"Comment\",\"target\":[\"https:\/\/nea.rs\/index.php\/2022\/10\/01\/nove-merne-stanice-za-kvalitet-vazduha-u-beogradu-pobeda-ili-poraz-javne-politike\/#respond\"]}]},{\"@type\":\"WebPage\",\"@id\":\"https:\/\/nea.rs\/index.php\/2022\/10\/01\/nove-merne-stanice-za-kvalitet-vazduha-u-beogradu-pobeda-ili-poraz-javne-politike\/\",\"url\":\"https:\/\/nea.rs\/index.php\/2022\/10\/01\/nove-merne-stanice-za-kvalitet-vazduha-u-beogradu-pobeda-ili-poraz-javne-politike\/\",\"name\":\"Nove merne stanice za kvalitet vazduha u Beogradu, pobeda ili poraz javne politike - Nacionalna ekolo\u0161ka asocijacija\",\"isPartOf\":{\"@id\":\"https:\/\/nea.rs\/#website\"},\"primaryImageOfPage\":{\"@id\":\"https:\/\/nea.rs\/index.php\/2022\/10\/01\/nove-merne-stanice-za-kvalitet-vazduha-u-beogradu-pobeda-ili-poraz-javne-politike\/#primaryimage\"},\"image\":{\"@id\":\"https:\/\/nea.rs\/index.php\/2022\/10\/01\/nove-merne-stanice-za-kvalitet-vazduha-u-beogradu-pobeda-ili-poraz-javne-politike\/#primaryimage\"},\"thumbnailUrl\":\"https:\/\/nea.rs\/wp-content\/uploads\/2022\/10\/Screenshot_20220930-152806-1.png\",\"datePublished\":\"2022-10-01T10:53:22+00:00\",\"dateModified\":\"2022-10-01T10:53:24+00:00\",\"breadcrumb\":{\"@id\":\"https:\/\/nea.rs\/index.php\/2022\/10\/01\/nove-merne-stanice-za-kvalitet-vazduha-u-beogradu-pobeda-ili-poraz-javne-politike\/#breadcrumb\"},\"inLanguage\":\"sr-RS\",\"potentialAction\":[{\"@type\":\"ReadAction\",\"target\":[\"https:\/\/nea.rs\/index.php\/2022\/10\/01\/nove-merne-stanice-za-kvalitet-vazduha-u-beogradu-pobeda-ili-poraz-javne-politike\/\"]}]},{\"@type\":\"ImageObject\",\"inLanguage\":\"sr-RS\",\"@id\":\"https:\/\/nea.rs\/index.php\/2022\/10\/01\/nove-merne-stanice-za-kvalitet-vazduha-u-beogradu-pobeda-ili-poraz-javne-politike\/#primaryimage\",\"url\":\"https:\/\/nea.rs\/wp-content\/uploads\/2022\/10\/Screenshot_20220930-152806-1.png\",\"contentUrl\":\"https:\/\/nea.rs\/wp-content\/uploads\/2022\/10\/Screenshot_20220930-152806-1.png\",\"width\":720,\"height\":1600},{\"@type\":\"BreadcrumbList\",\"@id\":\"https:\/\/nea.rs\/index.php\/2022\/10\/01\/nove-merne-stanice-za-kvalitet-vazduha-u-beogradu-pobeda-ili-poraz-javne-politike\/#breadcrumb\",\"itemListElement\":[{\"@type\":\"ListItem\",\"position\":1,\"name\":\"Po\u010detna\",\"item\":\"https:\/\/nea.rs\/\"},{\"@type\":\"ListItem\",\"position\":2,\"name\":\"Nove merne stanice za kvalitet vazduha u Beogradu, pobeda ili poraz javne politike\"}]},{\"@type\":\"WebSite\",\"@id\":\"https:\/\/nea.rs\/#website\",\"url\":\"https:\/\/nea.rs\/\",\"name\":\"Nacionalna ekolo\u0161ka asocijacija\",\"description\":\"\",\"publisher\":{\"@id\":\"https:\/\/nea.rs\/#organization\"},\"potentialAction\":[{\"@type\":\"SearchAction\",\"target\":{\"@type\":\"EntryPoint\",\"urlTemplate\":\"https:\/\/nea.rs\/?s={search_term_string}\"},\"query-input\":{\"@type\":\"PropertyValueSpecification\",\"valueRequired\":true,\"valueName\":\"search_term_string\"}}],\"inLanguage\":\"sr-RS\"},{\"@type\":\"Organization\",\"@id\":\"https:\/\/nea.rs\/#organization\",\"name\":\"Nacionalna ekolo\u0161ka asocijacija\",\"url\":\"https:\/\/nea.rs\/\",\"logo\":{\"@type\":\"ImageObject\",\"inLanguage\":\"sr-RS\",\"@id\":\"https:\/\/nea.rs\/#\/schema\/logo\/image\/\",\"url\":\"https:\/\/nea.rs\/wp-content\/uploads\/2021\/05\/cropped-logoNEA_crop_180_nowhite.jpg\",\"contentUrl\":\"https:\/\/nea.rs\/wp-content\/uploads\/2021\/05\/cropped-logoNEA_crop_180_nowhite.jpg\",\"width\":276,\"height\":154,\"caption\":\"Nacionalna ekolo\u0161ka asocijacija\"},\"image\":{\"@id\":\"https:\/\/nea.rs\/#\/schema\/logo\/image\/\"},\"sameAs\":[\"https:\/\/www.facebook.com\/NEASrbija\",\"https:\/\/x.com\/NEASrbija\",\"https:\/\/www.instagram.com\/neasrbija\/\",\"https:\/\/www.youtube.com\/channel\/UCxwdyhNFV-rjanyqj7JIFow\"]},{\"@type\":\"Person\",\"@id\":\"https:\/\/nea.rs\/#\/schema\/person\/daf5180476fd224bc67bb42ea6d87925\",\"name\":\"admin\",\"image\":{\"@type\":\"ImageObject\",\"inLanguage\":\"sr-RS\",\"@id\":\"https:\/\/nea.rs\/#\/schema\/person\/image\/\",\"url\":\"https:\/\/secure.gravatar.com\/avatar\/208ddce103f55aec8415cbae6044df1aa912c6d56bb8e74d76628d5d221bad04?s=96&d=mm&r=g\",\"contentUrl\":\"https:\/\/secure.gravatar.com\/avatar\/208ddce103f55aec8415cbae6044df1aa912c6d56bb8e74d76628d5d221bad04?s=96&d=mm&r=g\",\"caption\":\"admin\"},\"sameAs\":[\"https:\/\/nea.rs\"],\"url\":\"https:\/\/nea.rs\/index.php\/author\/admin_5kpl02hl\/\"}]}<\/script>\n<!-- \/ Yoast SEO plugin. -->","yoast_head_json":{"title":"Nove merne stanice za kvalitet vazduha u Beogradu, pobeda ili poraz javne politike - Nacionalna ekolo\u0161ka asocijacija","robots":{"index":"index","follow":"follow","max-snippet":"max-snippet:-1","max-image-preview":"max-image-preview:large","max-video-preview":"max-video-preview:-1"},"canonical":"https:\/\/nea.rs\/index.php\/2022\/10\/01\/nove-merne-stanice-za-kvalitet-vazduha-u-beogradu-pobeda-ili-poraz-javne-politike\/","og_locale":"sr_RS","og_type":"article","og_title":"Nove merne stanice za kvalitet vazduha u Beogradu, pobeda ili poraz javne politike - Nacionalna ekolo\u0161ka asocijacija","og_description":"Na portalima, apliacijama i sajtovima pojavile su se nove merne stance za pra\u0107enje kvaliteta vazduha u Beogradu. Infomacija koju bi trebalo pozitvno oceniti, da nema&hellip;","og_url":"https:\/\/nea.rs\/index.php\/2022\/10\/01\/nove-merne-stanice-za-kvalitet-vazduha-u-beogradu-pobeda-ili-poraz-javne-politike\/","og_site_name":"Nacionalna ekolo\u0161ka asocijacija","article_publisher":"https:\/\/www.facebook.com\/NEASrbija","article_published_time":"2022-10-01T10:53:22+00:00","article_modified_time":"2022-10-01T10:53:24+00:00","og_image":[{"url":"https:\/\/nea.rs\/wp-content\/uploads\/2022\/10\/Screenshot_20220930-152806-1.png","type":"","width":"","height":""}],"author":"admin","twitter_card":"summary_large_image","twitter_creator":"@NEASrbija","twitter_site":"@NEASrbija","twitter_misc":{"Napisano od":"admin","Procenjeno vreme \u010ditanja":"2 minuta"},"schema":{"@context":"https:\/\/schema.org","@graph":[{"@type":"Article","@id":"https:\/\/nea.rs\/index.php\/2022\/10\/01\/nove-merne-stanice-za-kvalitet-vazduha-u-beogradu-pobeda-ili-poraz-javne-politike\/#article","isPartOf":{"@id":"https:\/\/nea.rs\/index.php\/2022\/10\/01\/nove-merne-stanice-za-kvalitet-vazduha-u-beogradu-pobeda-ili-poraz-javne-politike\/"},"author":{"name":"admin","@id":"https:\/\/nea.rs\/#\/schema\/person\/daf5180476fd224bc67bb42ea6d87925"},"headline":"Nove merne stanice za kvalitet vazduha u Beogradu, pobeda ili poraz javne politike","datePublished":"2022-10-01T10:53:22+00:00","dateModified":"2022-10-01T10:53:24+00:00","mainEntityOfPage":{"@id":"https:\/\/nea.rs\/index.php\/2022\/10\/01\/nove-merne-stanice-za-kvalitet-vazduha-u-beogradu-pobeda-ili-poraz-javne-politike\/"},"wordCount":313,"commentCount":0,"publisher":{"@id":"https:\/\/nea.rs\/#organization"},"image":{"@id":"https:\/\/nea.rs\/index.php\/2022\/10\/01\/nove-merne-stanice-za-kvalitet-vazduha-u-beogradu-pobeda-ili-poraz-javne-politike\/#primaryimage"},"thumbnailUrl":"https:\/\/nea.rs\/wp-content\/uploads\/2022\/10\/Screenshot_20220930-152806-1.png","articleSection":["Aktivnosti","Saop\u0161tenja"],"inLanguage":"sr-RS","potentialAction":[{"@type":"CommentAction","name":"Comment","target":["https:\/\/nea.rs\/index.php\/2022\/10\/01\/nove-merne-stanice-za-kvalitet-vazduha-u-beogradu-pobeda-ili-poraz-javne-politike\/#respond"]}]},{"@type":"WebPage","@id":"https:\/\/nea.rs\/index.php\/2022\/10\/01\/nove-merne-stanice-za-kvalitet-vazduha-u-beogradu-pobeda-ili-poraz-javne-politike\/","url":"https:\/\/nea.rs\/index.php\/2022\/10\/01\/nove-merne-stanice-za-kvalitet-vazduha-u-beogradu-pobeda-ili-poraz-javne-politike\/","name":"Nove merne stanice za kvalitet vazduha u Beogradu, pobeda ili poraz javne politike - Nacionalna ekolo\u0161ka asocijacija","isPartOf":{"@id":"https:\/\/nea.rs\/#website"},"primaryImageOfPage":{"@id":"https:\/\/nea.rs\/index.php\/2022\/10\/01\/nove-merne-stanice-za-kvalitet-vazduha-u-beogradu-pobeda-ili-poraz-javne-politike\/#primaryimage"},"image":{"@id":"https:\/\/nea.rs\/index.php\/2022\/10\/01\/nove-merne-stanice-za-kvalitet-vazduha-u-beogradu-pobeda-ili-poraz-javne-politike\/#primaryimage"},"thumbnailUrl":"https:\/\/nea.rs\/wp-content\/uploads\/2022\/10\/Screenshot_20220930-152806-1.png","datePublished":"2022-10-01T10:53:22+00:00","dateModified":"2022-10-01T10:53:24+00:00","breadcrumb":{"@id":"https:\/\/nea.rs\/index.php\/2022\/10\/01\/nove-merne-stanice-za-kvalitet-vazduha-u-beogradu-pobeda-ili-poraz-javne-politike\/#breadcrumb"},"inLanguage":"sr-RS","potentialAction":[{"@type":"ReadAction","target":["https:\/\/nea.rs\/index.php\/2022\/10\/01\/nove-merne-stanice-za-kvalitet-vazduha-u-beogradu-pobeda-ili-poraz-javne-politike\/"]}]},{"@type":"ImageObject","inLanguage":"sr-RS","@id":"https:\/\/nea.rs\/index.php\/2022\/10\/01\/nove-merne-stanice-za-kvalitet-vazduha-u-beogradu-pobeda-ili-poraz-javne-politike\/#primaryimage","url":"https:\/\/nea.rs\/wp-content\/uploads\/2022\/10\/Screenshot_20220930-152806-1.png","contentUrl":"https:\/\/nea.rs\/wp-content\/uploads\/2022\/10\/Screenshot_20220930-152806-1.png","width":720,"height":1600},{"@type":"BreadcrumbList","@id":"https:\/\/nea.rs\/index.php\/2022\/10\/01\/nove-merne-stanice-za-kvalitet-vazduha-u-beogradu-pobeda-ili-poraz-javne-politike\/#breadcrumb","itemListElement":[{"@type":"ListItem","position":1,"name":"Po\u010detna","item":"https:\/\/nea.rs\/"},{"@type":"ListItem","position":2,"name":"Nove merne stanice za kvalitet vazduha u Beogradu, pobeda ili poraz javne politike"}]},{"@type":"WebSite","@id":"https:\/\/nea.rs\/#website","url":"https:\/\/nea.rs\/","name":"Nacionalna ekolo\u0161ka asocijacija","description":"","publisher":{"@id":"https:\/\/nea.rs\/#organization"},"potentialAction":[{"@type":"SearchAction","target":{"@type":"EntryPoint","urlTemplate":"https:\/\/nea.rs\/?s={search_term_string}"},"query-input":{"@type":"PropertyValueSpecification","valueRequired":true,"valueName":"search_term_string"}}],"inLanguage":"sr-RS"},{"@type":"Organization","@id":"https:\/\/nea.rs\/#organization","name":"Nacionalna ekolo\u0161ka asocijacija","url":"https:\/\/nea.rs\/","logo":{"@type":"ImageObject","inLanguage":"sr-RS","@id":"https:\/\/nea.rs\/#\/schema\/logo\/image\/","url":"https:\/\/nea.rs\/wp-content\/uploads\/2021\/05\/cropped-logoNEA_crop_180_nowhite.jpg","contentUrl":"https:\/\/nea.rs\/wp-content\/uploads\/2021\/05\/cropped-logoNEA_crop_180_nowhite.jpg","width":276,"height":154,"caption":"Nacionalna ekolo\u0161ka asocijacija"},"image":{"@id":"https:\/\/nea.rs\/#\/schema\/logo\/image\/"},"sameAs":["https:\/\/www.facebook.com\/NEASrbija","https:\/\/x.com\/NEASrbija","https:\/\/www.instagram.com\/neasrbija\/","https:\/\/www.youtube.com\/channel\/UCxwdyhNFV-rjanyqj7JIFow"]},{"@type":"Person","@id":"https:\/\/nea.rs\/#\/schema\/person\/daf5180476fd224bc67bb42ea6d87925","name":"admin","image":{"@type":"ImageObject","inLanguage":"sr-RS","@id":"https:\/\/nea.rs\/#\/schema\/person\/image\/","url":"https:\/\/secure.gravatar.com\/avatar\/208ddce103f55aec8415cbae6044df1aa912c6d56bb8e74d76628d5d221bad04?s=96&d=mm&r=g","contentUrl":"https:\/\/secure.gravatar.com\/avatar\/208ddce103f55aec8415cbae6044df1aa912c6d56bb8e74d76628d5d221bad04?s=96&d=mm&r=g","caption":"admin"},"sameAs":["https:\/\/nea.rs"],"url":"https:\/\/nea.rs\/index.php\/author\/admin_5kpl02hl\/"}]}},"jetpack_sharing_enabled":true,"jetpack_featured_media_url":"","_links":{"self":[{"href":"https:\/\/nea.rs\/index.php\/wp-json\/wp\/v2\/posts\/1199","targetHints":{"allow":["GET"]}}],"collection":[{"href":"https:\/\/nea.rs\/index.php\/wp-json\/wp\/v2\/posts"}],"about":[{"href":"https:\/\/nea.rs\/index.php\/wp-json\/wp\/v2\/types\/post"}],"author":[{"embeddable":true,"href":"https:\/\/nea.rs\/index.php\/wp-json\/wp\/v2\/users\/1"}],"replies":[{"embeddable":true,"href":"https:\/\/nea.rs\/index.php\/wp-json\/wp\/v2\/comments?post=1199"}],"version-history":[{"count":1,"href":"https:\/\/nea.rs\/index.php\/wp-json\/wp\/v2\/posts\/1199\/revisions"}],"predecessor-version":[{"id":1201,"href":"https:\/\/nea.rs\/index.php\/wp-json\/wp\/v2\/posts\/1199\/revisions\/1201"}],"wp:attachment":[{"href":"https:\/\/nea.rs\/index.php\/wp-json\/wp\/v2\/media?parent=1199"}],"wp:term":[{"taxonomy":"category","embeddable":true,"href":"https:\/\/nea.rs\/index.php\/wp-json\/wp\/v2\/categories?post=1199"},{"taxonomy":"post_tag","embeddable":true,"href":"https:\/\/nea.rs\/index.php\/wp-json\/wp\/v2\/tags?post=1199"}],"curies":[{"name":"wp","href":"https:\/\/api.w.org\/{rel}","templated":true}]}}