{"id":1136,"date":"2022-05-16T20:06:01","date_gmt":"2022-05-16T20:06:01","guid":{"rendered":"https:\/\/nea.rs\/?p=1136"},"modified":"2022-05-16T20:06:03","modified_gmt":"2022-05-16T20:06:03","slug":"nea-u-vranju","status":"publish","type":"post","link":"https:\/\/nea.rs\/index.php\/2022\/05\/16\/nea-u-vranju\/","title":{"rendered":"NEA u Vranju"},"content":{"rendered":"\n<p>Na manifestaciji &#8222;Otvorena knjiga&#8220; u Vranju u organizaciji Generator-a osniva\u010d NEA Milenko Jovanovi\u0107 je gra\u0111anima u\u017eivo odgovarao na pitanja vezana za aerozaga\u0111enje i ugro\u017eavanje zdravlja gra\u0111ana. Jedan od u\u010desnika je bio i Branko Mitev iz Bosilegrada, legendarni eko aktivista.<\/p>\n\n\n\n<figure class=\"wp-block-image size-full\"><img loading=\"lazy\" decoding=\"async\" width=\"1200\" height=\"1600\" src=\"https:\/\/nea.rs\/wp-content\/uploads\/2022\/05\/image-1.png\" alt=\"\" class=\"wp-image-1138\" srcset=\"https:\/\/nea.rs\/wp-content\/uploads\/2022\/05\/image-1.png 1200w, https:\/\/nea.rs\/wp-content\/uploads\/2022\/05\/image-1-768x1024.png 768w, https:\/\/nea.rs\/wp-content\/uploads\/2022\/05\/image-1-1152x1536.png 1152w\" sizes=\"auto, (max-width: 1200px) 100vw, 1200px\" \/><\/figure>\n","protected":false},"excerpt":{"rendered":"<p>Na manifestaciji &#8222;Otvorena knjiga&#8220; u Vranju u organizaciji Generator-a osniva\u010d NEA Milenko Jovanovi\u0107 je gra\u0111anima u\u017eivo odgovarao na pitanja vezana za aerozaga\u0111enje i ugro\u017eavanje zdravlja&hellip;<\/p>\n","protected":false},"author":1,"featured_media":0,"comment_status":"closed","ping_status":"open","sticky":false,"template":"","format":"standard","meta":{"footnotes":""},"categories":[5],"tags":[],"class_list":["post-1136","post","type-post","status-publish","format-standard","hentry","category-aktivnosti"],"yoast_head":"<!-- This site is optimized with the Yoast SEO plugin v24.9 - https:\/\/yoast.com\/wordpress\/plugins\/seo\/ -->\n<title>NEA u Vranju - Nacionalna ekolo\u0161ka asocijacija<\/title>\n<meta name=\"robots\" content=\"index, follow, max-snippet:-1, max-image-preview:large, max-video-preview:-1\" \/>\n<link rel=\"canonical\" href=\"https:\/\/nea.rs\/index.php\/2022\/05\/16\/nea-u-vranju\/\" \/>\n<meta property=\"og:locale\" content=\"sr_RS\" \/>\n<meta property=\"og:type\" content=\"article\" \/>\n<meta property=\"og:title\" content=\"NEA u Vranju - Nacionalna ekolo\u0161ka asocijacija\" \/>\n<meta property=\"og:description\" content=\"Na manifestaciji &#8222;Otvorena knjiga&#8220; u Vranju u organizaciji Generator-a osniva\u010d NEA Milenko Jovanovi\u0107 je gra\u0111anima u\u017eivo odgovarao na pitanja vezana za aerozaga\u0111enje i ugro\u017eavanje zdravlja&hellip;\" \/>\n<meta property=\"og:url\" content=\"https:\/\/nea.rs\/index.php\/2022\/05\/16\/nea-u-vranju\/\" \/>\n<meta property=\"og:site_name\" content=\"Nacionalna ekolo\u0161ka asocijacija\" \/>\n<meta property=\"article:publisher\" content=\"https:\/\/www.facebook.com\/NEASrbija\" \/>\n<meta property=\"article:published_time\" content=\"2022-05-16T20:06:01+00:00\" \/>\n<meta property=\"article:modified_time\" content=\"2022-05-16T20:06:03+00:00\" \/>\n<meta property=\"og:image\" content=\"https:\/\/nea.rs\/wp-content\/uploads\/2022\/05\/image-1.png\" \/>\n<meta name=\"author\" content=\"admin\" \/>\n<meta name=\"twitter:card\" content=\"summary_large_image\" \/>\n<meta name=\"twitter:creator\" content=\"@NEASrbija\" \/>\n<meta name=\"twitter:site\" content=\"@NEASrbija\" \/>\n<meta name=\"twitter:label1\" content=\"Napisano od\" \/>\n\t<meta name=\"twitter:data1\" content=\"admin\" \/>\n\t<meta name=\"twitter:label2\" content=\"Procenjeno vreme \u010ditanja\" \/>\n\t<meta name=\"twitter:data2\" content=\"1 minut\" \/>\n<script type=\"application\/ld+json\" class=\"yoast-schema-graph\">{\"@context\":\"https:\/\/schema.org\",\"@graph\":[{\"@type\":\"Article\",\"@id\":\"https:\/\/nea.rs\/index.php\/2022\/05\/16\/nea-u-vranju\/#article\",\"isPartOf\":{\"@id\":\"https:\/\/nea.rs\/index.php\/2022\/05\/16\/nea-u-vranju\/\"},\"author\":{\"name\":\"admin\",\"@id\":\"https:\/\/nea.rs\/#\/schema\/person\/daf5180476fd224bc67bb42ea6d87925\"},\"headline\":\"NEA u Vranju\",\"datePublished\":\"2022-05-16T20:06:01+00:00\",\"dateModified\":\"2022-05-16T20:06:03+00:00\",\"mainEntityOfPage\":{\"@id\":\"https:\/\/nea.rs\/index.php\/2022\/05\/16\/nea-u-vranju\/\"},\"wordCount\":48,\"publisher\":{\"@id\":\"https:\/\/nea.rs\/#organization\"},\"image\":{\"@id\":\"https:\/\/nea.rs\/index.php\/2022\/05\/16\/nea-u-vranju\/#primaryimage\"},\"thumbnailUrl\":\"https:\/\/nea.rs\/wp-content\/uploads\/2022\/05\/image-1.png\",\"articleSection\":[\"Aktivnosti\"],\"inLanguage\":\"sr-RS\"},{\"@type\":\"WebPage\",\"@id\":\"https:\/\/nea.rs\/index.php\/2022\/05\/16\/nea-u-vranju\/\",\"url\":\"https:\/\/nea.rs\/index.php\/2022\/05\/16\/nea-u-vranju\/\",\"name\":\"NEA u Vranju - Nacionalna ekolo\u0161ka asocijacija\",\"isPartOf\":{\"@id\":\"https:\/\/nea.rs\/#website\"},\"primaryImageOfPage\":{\"@id\":\"https:\/\/nea.rs\/index.php\/2022\/05\/16\/nea-u-vranju\/#primaryimage\"},\"image\":{\"@id\":\"https:\/\/nea.rs\/index.php\/2022\/05\/16\/nea-u-vranju\/#primaryimage\"},\"thumbnailUrl\":\"https:\/\/nea.rs\/wp-content\/uploads\/2022\/05\/image-1.png\",\"datePublished\":\"2022-05-16T20:06:01+00:00\",\"dateModified\":\"2022-05-16T20:06:03+00:00\",\"breadcrumb\":{\"@id\":\"https:\/\/nea.rs\/index.php\/2022\/05\/16\/nea-u-vranju\/#breadcrumb\"},\"inLanguage\":\"sr-RS\",\"potentialAction\":[{\"@type\":\"ReadAction\",\"target\":[\"https:\/\/nea.rs\/index.php\/2022\/05\/16\/nea-u-vranju\/\"]}]},{\"@type\":\"ImageObject\",\"inLanguage\":\"sr-RS\",\"@id\":\"https:\/\/nea.rs\/index.php\/2022\/05\/16\/nea-u-vranju\/#primaryimage\",\"url\":\"https:\/\/nea.rs\/wp-content\/uploads\/2022\/05\/image-1.png\",\"contentUrl\":\"https:\/\/nea.rs\/wp-content\/uploads\/2022\/05\/image-1.png\",\"width\":1200,\"height\":1600},{\"@type\":\"BreadcrumbList\",\"@id\":\"https:\/\/nea.rs\/index.php\/2022\/05\/16\/nea-u-vranju\/#breadcrumb\",\"itemListElement\":[{\"@type\":\"ListItem\",\"position\":1,\"name\":\"Po\u010detna\",\"item\":\"https:\/\/nea.rs\/\"},{\"@type\":\"ListItem\",\"position\":2,\"name\":\"NEA u Vranju\"}]},{\"@type\":\"WebSite\",\"@id\":\"https:\/\/nea.rs\/#website\",\"url\":\"https:\/\/nea.rs\/\",\"name\":\"Nacionalna ekolo\u0161ka asocijacija\",\"description\":\"\",\"publisher\":{\"@id\":\"https:\/\/nea.rs\/#organization\"},\"potentialAction\":[{\"@type\":\"SearchAction\",\"target\":{\"@type\":\"EntryPoint\",\"urlTemplate\":\"https:\/\/nea.rs\/?s={search_term_string}\"},\"query-input\":{\"@type\":\"PropertyValueSpecification\",\"valueRequired\":true,\"valueName\":\"search_term_string\"}}],\"inLanguage\":\"sr-RS\"},{\"@type\":\"Organization\",\"@id\":\"https:\/\/nea.rs\/#organization\",\"name\":\"Nacionalna ekolo\u0161ka asocijacija\",\"url\":\"https:\/\/nea.rs\/\",\"logo\":{\"@type\":\"ImageObject\",\"inLanguage\":\"sr-RS\",\"@id\":\"https:\/\/nea.rs\/#\/schema\/logo\/image\/\",\"url\":\"https:\/\/nea.rs\/wp-content\/uploads\/2021\/05\/cropped-logoNEA_crop_180_nowhite.jpg\",\"contentUrl\":\"https:\/\/nea.rs\/wp-content\/uploads\/2021\/05\/cropped-logoNEA_crop_180_nowhite.jpg\",\"width\":276,\"height\":154,\"caption\":\"Nacionalna ekolo\u0161ka asocijacija\"},\"image\":{\"@id\":\"https:\/\/nea.rs\/#\/schema\/logo\/image\/\"},\"sameAs\":[\"https:\/\/www.facebook.com\/NEASrbija\",\"https:\/\/x.com\/NEASrbija\",\"https:\/\/www.instagram.com\/neasrbija\/\",\"https:\/\/www.youtube.com\/channel\/UCxwdyhNFV-rjanyqj7JIFow\"]},{\"@type\":\"Person\",\"@id\":\"https:\/\/nea.rs\/#\/schema\/person\/daf5180476fd224bc67bb42ea6d87925\",\"name\":\"admin\",\"image\":{\"@type\":\"ImageObject\",\"inLanguage\":\"sr-RS\",\"@id\":\"https:\/\/nea.rs\/#\/schema\/person\/image\/\",\"url\":\"https:\/\/secure.gravatar.com\/avatar\/208ddce103f55aec8415cbae6044df1aa912c6d56bb8e74d76628d5d221bad04?s=96&d=mm&r=g\",\"contentUrl\":\"https:\/\/secure.gravatar.com\/avatar\/208ddce103f55aec8415cbae6044df1aa912c6d56bb8e74d76628d5d221bad04?s=96&d=mm&r=g\",\"caption\":\"admin\"},\"sameAs\":[\"https:\/\/nea.rs\"],\"url\":\"https:\/\/nea.rs\/index.php\/author\/admin_5kpl02hl\/\"}]}<\/script>\n<!-- \/ Yoast SEO plugin. -->","yoast_head_json":{"title":"NEA u Vranju - Nacionalna ekolo\u0161ka asocijacija","robots":{"index":"index","follow":"follow","max-snippet":"max-snippet:-1","max-image-preview":"max-image-preview:large","max-video-preview":"max-video-preview:-1"},"canonical":"https:\/\/nea.rs\/index.php\/2022\/05\/16\/nea-u-vranju\/","og_locale":"sr_RS","og_type":"article","og_title":"NEA u Vranju - Nacionalna ekolo\u0161ka asocijacija","og_description":"Na manifestaciji &#8222;Otvorena knjiga&#8220; u Vranju u organizaciji Generator-a osniva\u010d NEA Milenko Jovanovi\u0107 je gra\u0111anima u\u017eivo odgovarao na pitanja vezana za aerozaga\u0111enje i ugro\u017eavanje zdravlja&hellip;","og_url":"https:\/\/nea.rs\/index.php\/2022\/05\/16\/nea-u-vranju\/","og_site_name":"Nacionalna ekolo\u0161ka asocijacija","article_publisher":"https:\/\/www.facebook.com\/NEASrbija","article_published_time":"2022-05-16T20:06:01+00:00","article_modified_time":"2022-05-16T20:06:03+00:00","og_image":[{"url":"https:\/\/nea.rs\/wp-content\/uploads\/2022\/05\/image-1.png","type":"","width":"","height":""}],"author":"admin","twitter_card":"summary_large_image","twitter_creator":"@NEASrbija","twitter_site":"@NEASrbija","twitter_misc":{"Napisano od":"admin","Procenjeno vreme \u010ditanja":"1 minut"},"schema":{"@context":"https:\/\/schema.org","@graph":[{"@type":"Article","@id":"https:\/\/nea.rs\/index.php\/2022\/05\/16\/nea-u-vranju\/#article","isPartOf":{"@id":"https:\/\/nea.rs\/index.php\/2022\/05\/16\/nea-u-vranju\/"},"author":{"name":"admin","@id":"https:\/\/nea.rs\/#\/schema\/person\/daf5180476fd224bc67bb42ea6d87925"},"headline":"NEA u Vranju","datePublished":"2022-05-16T20:06:01+00:00","dateModified":"2022-05-16T20:06:03+00:00","mainEntityOfPage":{"@id":"https:\/\/nea.rs\/index.php\/2022\/05\/16\/nea-u-vranju\/"},"wordCount":48,"publisher":{"@id":"https:\/\/nea.rs\/#organization"},"image":{"@id":"https:\/\/nea.rs\/index.php\/2022\/05\/16\/nea-u-vranju\/#primaryimage"},"thumbnailUrl":"https:\/\/nea.rs\/wp-content\/uploads\/2022\/05\/image-1.png","articleSection":["Aktivnosti"],"inLanguage":"sr-RS"},{"@type":"WebPage","@id":"https:\/\/nea.rs\/index.php\/2022\/05\/16\/nea-u-vranju\/","url":"https:\/\/nea.rs\/index.php\/2022\/05\/16\/nea-u-vranju\/","name":"NEA u Vranju - Nacionalna ekolo\u0161ka asocijacija","isPartOf":{"@id":"https:\/\/nea.rs\/#website"},"primaryImageOfPage":{"@id":"https:\/\/nea.rs\/index.php\/2022\/05\/16\/nea-u-vranju\/#primaryimage"},"image":{"@id":"https:\/\/nea.rs\/index.php\/2022\/05\/16\/nea-u-vranju\/#primaryimage"},"thumbnailUrl":"https:\/\/nea.rs\/wp-content\/uploads\/2022\/05\/image-1.png","datePublished":"2022-05-16T20:06:01+00:00","dateModified":"2022-05-16T20:06:03+00:00","breadcrumb":{"@id":"https:\/\/nea.rs\/index.php\/2022\/05\/16\/nea-u-vranju\/#breadcrumb"},"inLanguage":"sr-RS","potentialAction":[{"@type":"ReadAction","target":["https:\/\/nea.rs\/index.php\/2022\/05\/16\/nea-u-vranju\/"]}]},{"@type":"ImageObject","inLanguage":"sr-RS","@id":"https:\/\/nea.rs\/index.php\/2022\/05\/16\/nea-u-vranju\/#primaryimage","url":"https:\/\/nea.rs\/wp-content\/uploads\/2022\/05\/image-1.png","contentUrl":"https:\/\/nea.rs\/wp-content\/uploads\/2022\/05\/image-1.png","width":1200,"height":1600},{"@type":"BreadcrumbList","@id":"https:\/\/nea.rs\/index.php\/2022\/05\/16\/nea-u-vranju\/#breadcrumb","itemListElement":[{"@type":"ListItem","position":1,"name":"Po\u010detna","item":"https:\/\/nea.rs\/"},{"@type":"ListItem","position":2,"name":"NEA u Vranju"}]},{"@type":"WebSite","@id":"https:\/\/nea.rs\/#website","url":"https:\/\/nea.rs\/","name":"Nacionalna ekolo\u0161ka asocijacija","description":"","publisher":{"@id":"https:\/\/nea.rs\/#organization"},"potentialAction":[{"@type":"SearchAction","target":{"@type":"EntryPoint","urlTemplate":"https:\/\/nea.rs\/?s={search_term_string}"},"query-input":{"@type":"PropertyValueSpecification","valueRequired":true,"valueName":"search_term_string"}}],"inLanguage":"sr-RS"},{"@type":"Organization","@id":"https:\/\/nea.rs\/#organization","name":"Nacionalna ekolo\u0161ka asocijacija","url":"https:\/\/nea.rs\/","logo":{"@type":"ImageObject","inLanguage":"sr-RS","@id":"https:\/\/nea.rs\/#\/schema\/logo\/image\/","url":"https:\/\/nea.rs\/wp-content\/uploads\/2021\/05\/cropped-logoNEA_crop_180_nowhite.jpg","contentUrl":"https:\/\/nea.rs\/wp-content\/uploads\/2021\/05\/cropped-logoNEA_crop_180_nowhite.jpg","width":276,"height":154,"caption":"Nacionalna ekolo\u0161ka asocijacija"},"image":{"@id":"https:\/\/nea.rs\/#\/schema\/logo\/image\/"},"sameAs":["https:\/\/www.facebook.com\/NEASrbija","https:\/\/x.com\/NEASrbija","https:\/\/www.instagram.com\/neasrbija\/","https:\/\/www.youtube.com\/channel\/UCxwdyhNFV-rjanyqj7JIFow"]},{"@type":"Person","@id":"https:\/\/nea.rs\/#\/schema\/person\/daf5180476fd224bc67bb42ea6d87925","name":"admin","image":{"@type":"ImageObject","inLanguage":"sr-RS","@id":"https:\/\/nea.rs\/#\/schema\/person\/image\/","url":"https:\/\/secure.gravatar.com\/avatar\/208ddce103f55aec8415cbae6044df1aa912c6d56bb8e74d76628d5d221bad04?s=96&d=mm&r=g","contentUrl":"https:\/\/secure.gravatar.com\/avatar\/208ddce103f55aec8415cbae6044df1aa912c6d56bb8e74d76628d5d221bad04?s=96&d=mm&r=g","caption":"admin"},"sameAs":["https:\/\/nea.rs"],"url":"https:\/\/nea.rs\/index.php\/author\/admin_5kpl02hl\/"}]}},"jetpack_sharing_enabled":true,"jetpack_featured_media_url":"","_links":{"self":[{"href":"https:\/\/nea.rs\/index.php\/wp-json\/wp\/v2\/posts\/1136","targetHints":{"allow":["GET"]}}],"collection":[{"href":"https:\/\/nea.rs\/index.php\/wp-json\/wp\/v2\/posts"}],"about":[{"href":"https:\/\/nea.rs\/index.php\/wp-json\/wp\/v2\/types\/post"}],"author":[{"embeddable":true,"href":"https:\/\/nea.rs\/index.php\/wp-json\/wp\/v2\/users\/1"}],"replies":[{"embeddable":true,"href":"https:\/\/nea.rs\/index.php\/wp-json\/wp\/v2\/comments?post=1136"}],"version-history":[{"count":1,"href":"https:\/\/nea.rs\/index.php\/wp-json\/wp\/v2\/posts\/1136\/revisions"}],"predecessor-version":[{"id":1139,"href":"https:\/\/nea.rs\/index.php\/wp-json\/wp\/v2\/posts\/1136\/revisions\/1139"}],"wp:attachment":[{"href":"https:\/\/nea.rs\/index.php\/wp-json\/wp\/v2\/media?parent=1136"}],"wp:term":[{"taxonomy":"category","embeddable":true,"href":"https:\/\/nea.rs\/index.php\/wp-json\/wp\/v2\/categories?post=1136"},{"taxonomy":"post_tag","embeddable":true,"href":"https:\/\/nea.rs\/index.php\/wp-json\/wp\/v2\/tags?post=1136"}],"curies":[{"name":"wp","href":"https:\/\/api.w.org\/{rel}","templated":true}]}}