{"id":1087,"date":"2022-03-30T08:14:03","date_gmt":"2022-03-30T08:14:03","guid":{"rendered":"https:\/\/nea.rs\/?p=1087"},"modified":"2022-03-30T08:14:05","modified_gmt":"2022-03-30T08:14:05","slug":"22-organizacije-civilnog-drustva-podrzale-zelenu-rezoluciju-22","status":"publish","type":"post","link":"https:\/\/nea.rs\/index.php\/2022\/03\/30\/22-organizacije-civilnog-drustva-podrzale-zelenu-rezoluciju-22\/","title":{"rendered":"22 organizacije civilnog dru\u0161tva podr\u017eale Zelenu rezoluciju 22"},"content":{"rendered":"\n<p>Nekontrolisanom zaga\u0111enje i devastacija \u017eivotne sredine u Republici Srbiji dovodi do svakodnevnih katastrofalnih posledica po \u017eivot i zdravlje gra\u0111ana Republike Srbije, a sakrivanje \u010dinjenica o negativnim posledicama dovodi do toga da se nagomilani problemi ne re\u0161avaju i rastu. Neophodno je odmah i bezuslovno pristupiti promeni odnosa donosilaca odluka prema najbitnijem segmentu na\u0161ih \u017eivota \u2013 na\u0161em prirodnom okru\u017eenju.<\/p>\n\n\n\n<p>Nacionalna ekolo\u0161ka asocijacija &#8211; NEA je zbog toga pripremila i objavila <strong><em><a href=\"https:\/\/nea.rs\/wp-content\/uploads\/2022\/03\/EKOLOSKA-REZOLUCIJA-2022-FINAL-Leaflet.pdf\" target=\"_blank\" rel=\"noreferrer noopener\">Ekolo\u0161ku rezoluciju 22<\/a><\/em><\/strong>, koju su podr\u017eale organizacije civilnog dru\u0161tva \u0161irom Srbije. Organizacije, njih <strong>22<\/strong>, koje podr\u017eavaju ovu rezoluciju su:<\/p>\n\n\n\n<p><strong>Ekostra\u017ea, Pokret Tvr\u0111ava Smederevo, Beogradska otvorena \u0161kola BO\u0160, Novi optimizam, Lokalni front Kraljevo, Zelena mre\u017ea Vojvodine, Lokalni odgovor Valjevo, Zrenjaninska akcija ZRAK, Izbor postoji Bor, Odbranimo vode Vrnja\u010dke banje, iRevolucija Valjevo, Vojvo\u0111anska zelena inicijativa Novi Sad, Crveni bed\u017eevi Smederevo, Inicijativa Volim Surdulicu, Za\u0161titimo reku Toplicu, UG Kom\u0161ija, Gra\u0111anske akcije Smederevo, Inicijativa Pe\u0161aci nisu maratonci, Borani se pitaju, Da Valjevo prodi\u0161e, Zeleni most i Inicijativa Pan\u010devo nije rupa<\/strong>.<\/p>\n\n\n\n<p>Na\u0161a \u017eelja je \u0161iri dru\u0161tveni konsenzus izme\u0111u dru\u0161tvenih i politi\u010dkih aktera u Srbiji, po pitanju prepoznavanja zajedni\u010dkih problema u sferi za\u0161tite \u017eivotne sredine, te sistemskih re\u0161enja koja od Srbije mogu napraviti po\u017eeljno mesto za \u017eivot. Za\u0161tita \u017eivotne sredine i prirode je nadstrana\u010dko i nadpoliti\u010dko pitanje koje se ti\u010de zdravlja i kvaliteta \u017eivota svih nas, bez obzira na na\u0161e me\u0111usobne razlike. Donosioci odluka, ma kakvih politi\u010dkih ube\u0111enja bili, moraju biti u slu\u017ebi Ustava Republike Srbije, zakona kao i samih gra\u0111ana koji imaju pravo da \u017eive u bezbednom i zdravom \u017eivotnom okru\u017eenju, po\u0161tuju\u0107i istovremeno me\u0111unarodne konvencije koje im to pravo garantuju.<br><br><strong><em><a href=\"https:\/\/nea.rs\/wp-content\/uploads\/2022\/03\/EKOLOSKA-REZOLUCIJA-2022-FINAL-Leaflet.pdf\" target=\"_blank\" rel=\"noreferrer noopener\">Ekolo\u0161ka rezolucija 22<\/a><\/em><\/strong> je okvir koji predstavlja polaznu osnovu za po\u010detak sveobuhvatnog dru\u0161tvenog dijaloga u oblasti za\u0161tite \u017eivotne sredine u Srbiji.<\/p>\n\n\n\n<p>Ovim pozivamo sve dru\u0161tvene i politi\u010dke aktere, da javno podr\u017ee <strong><em><a href=\"https:\/\/nea.rs\/wp-content\/uploads\/2022\/03\/EKOLOSKA-REZOLUCIJA-2022-FINAL-Leaflet.pdf\" target=\"_blank\" rel=\"noreferrer noopener\">Ekolo\u0161ku rezoluciju 22<\/a><\/em><\/strong>, prihvataju\u0107i na taj na\u010din ove osnovne principe, koji \u0107e obezbediti uslove za re\u0161avanje nagomilanih problema i odr\u017eivi razvoj na\u0161eg dru\u0161tva.<\/p>\n","protected":false},"excerpt":{"rendered":"<p>Nekontrolisanom zaga\u0111enje i devastacija \u017eivotne sredine u Republici Srbiji dovodi do svakodnevnih katastrofalnih posledica po \u017eivot i zdravlje gra\u0111ana Republike Srbije, a sakrivanje \u010dinjenica o&hellip;<\/p>\n","protected":false},"author":1,"featured_media":0,"comment_status":"closed","ping_status":"open","sticky":false,"template":"","format":"standard","meta":{"footnotes":""},"categories":[5,11],"tags":[],"class_list":["post-1087","post","type-post","status-publish","format-standard","hentry","category-aktivnosti","category-saopstenja"],"yoast_head":"<!-- This site is optimized with the Yoast SEO plugin v24.9 - https:\/\/yoast.com\/wordpress\/plugins\/seo\/ -->\n<title>22 organizacije civilnog dru\u0161tva podr\u017eale Zelenu rezoluciju 22 - Nacionalna ekolo\u0161ka asocijacija<\/title>\n<meta name=\"robots\" content=\"index, follow, max-snippet:-1, max-image-preview:large, max-video-preview:-1\" \/>\n<link rel=\"canonical\" href=\"https:\/\/nea.rs\/index.php\/2022\/03\/30\/22-organizacije-civilnog-drustva-podrzale-zelenu-rezoluciju-22\/\" \/>\n<meta property=\"og:locale\" content=\"sr_RS\" \/>\n<meta property=\"og:type\" content=\"article\" \/>\n<meta property=\"og:title\" content=\"22 organizacije civilnog dru\u0161tva podr\u017eale Zelenu rezoluciju 22 - Nacionalna ekolo\u0161ka asocijacija\" \/>\n<meta property=\"og:description\" content=\"Nekontrolisanom zaga\u0111enje i devastacija \u017eivotne sredine u Republici Srbiji dovodi do svakodnevnih katastrofalnih posledica po \u017eivot i zdravlje gra\u0111ana Republike Srbije, a sakrivanje \u010dinjenica o&hellip;\" \/>\n<meta property=\"og:url\" content=\"https:\/\/nea.rs\/index.php\/2022\/03\/30\/22-organizacije-civilnog-drustva-podrzale-zelenu-rezoluciju-22\/\" \/>\n<meta property=\"og:site_name\" content=\"Nacionalna ekolo\u0161ka asocijacija\" \/>\n<meta property=\"article:publisher\" content=\"https:\/\/www.facebook.com\/NEASrbija\" \/>\n<meta property=\"article:published_time\" content=\"2022-03-30T08:14:03+00:00\" \/>\n<meta property=\"article:modified_time\" content=\"2022-03-30T08:14:05+00:00\" \/>\n<meta name=\"author\" content=\"admin\" \/>\n<meta name=\"twitter:card\" content=\"summary_large_image\" \/>\n<meta name=\"twitter:creator\" content=\"@NEASrbija\" \/>\n<meta name=\"twitter:site\" content=\"@NEASrbija\" \/>\n<meta name=\"twitter:label1\" content=\"Napisano od\" \/>\n\t<meta name=\"twitter:data1\" content=\"admin\" \/>\n\t<meta name=\"twitter:label2\" content=\"Procenjeno vreme \u010ditanja\" \/>\n\t<meta name=\"twitter:data2\" content=\"2 minuta\" \/>\n<script type=\"application\/ld+json\" class=\"yoast-schema-graph\">{\"@context\":\"https:\/\/schema.org\",\"@graph\":[{\"@type\":\"Article\",\"@id\":\"https:\/\/nea.rs\/index.php\/2022\/03\/30\/22-organizacije-civilnog-drustva-podrzale-zelenu-rezoluciju-22\/#article\",\"isPartOf\":{\"@id\":\"https:\/\/nea.rs\/index.php\/2022\/03\/30\/22-organizacije-civilnog-drustva-podrzale-zelenu-rezoluciju-22\/\"},\"author\":{\"name\":\"admin\",\"@id\":\"https:\/\/nea.rs\/#\/schema\/person\/daf5180476fd224bc67bb42ea6d87925\"},\"headline\":\"22 organizacije civilnog dru\u0161tva podr\u017eale Zelenu rezoluciju 22\",\"datePublished\":\"2022-03-30T08:14:03+00:00\",\"dateModified\":\"2022-03-30T08:14:05+00:00\",\"mainEntityOfPage\":{\"@id\":\"https:\/\/nea.rs\/index.php\/2022\/03\/30\/22-organizacije-civilnog-drustva-podrzale-zelenu-rezoluciju-22\/\"},\"wordCount\":370,\"publisher\":{\"@id\":\"https:\/\/nea.rs\/#organization\"},\"articleSection\":[\"Aktivnosti\",\"Saop\u0161tenja\"],\"inLanguage\":\"sr-RS\"},{\"@type\":\"WebPage\",\"@id\":\"https:\/\/nea.rs\/index.php\/2022\/03\/30\/22-organizacije-civilnog-drustva-podrzale-zelenu-rezoluciju-22\/\",\"url\":\"https:\/\/nea.rs\/index.php\/2022\/03\/30\/22-organizacije-civilnog-drustva-podrzale-zelenu-rezoluciju-22\/\",\"name\":\"22 organizacije civilnog dru\u0161tva podr\u017eale Zelenu rezoluciju 22 - Nacionalna ekolo\u0161ka asocijacija\",\"isPartOf\":{\"@id\":\"https:\/\/nea.rs\/#website\"},\"datePublished\":\"2022-03-30T08:14:03+00:00\",\"dateModified\":\"2022-03-30T08:14:05+00:00\",\"breadcrumb\":{\"@id\":\"https:\/\/nea.rs\/index.php\/2022\/03\/30\/22-organizacije-civilnog-drustva-podrzale-zelenu-rezoluciju-22\/#breadcrumb\"},\"inLanguage\":\"sr-RS\",\"potentialAction\":[{\"@type\":\"ReadAction\",\"target\":[\"https:\/\/nea.rs\/index.php\/2022\/03\/30\/22-organizacije-civilnog-drustva-podrzale-zelenu-rezoluciju-22\/\"]}]},{\"@type\":\"BreadcrumbList\",\"@id\":\"https:\/\/nea.rs\/index.php\/2022\/03\/30\/22-organizacije-civilnog-drustva-podrzale-zelenu-rezoluciju-22\/#breadcrumb\",\"itemListElement\":[{\"@type\":\"ListItem\",\"position\":1,\"name\":\"Po\u010detna\",\"item\":\"https:\/\/nea.rs\/\"},{\"@type\":\"ListItem\",\"position\":2,\"name\":\"22 organizacije civilnog dru\u0161tva podr\u017eale Zelenu rezoluciju 22\"}]},{\"@type\":\"WebSite\",\"@id\":\"https:\/\/nea.rs\/#website\",\"url\":\"https:\/\/nea.rs\/\",\"name\":\"Nacionalna ekolo\u0161ka asocijacija\",\"description\":\"\",\"publisher\":{\"@id\":\"https:\/\/nea.rs\/#organization\"},\"potentialAction\":[{\"@type\":\"SearchAction\",\"target\":{\"@type\":\"EntryPoint\",\"urlTemplate\":\"https:\/\/nea.rs\/?s={search_term_string}\"},\"query-input\":{\"@type\":\"PropertyValueSpecification\",\"valueRequired\":true,\"valueName\":\"search_term_string\"}}],\"inLanguage\":\"sr-RS\"},{\"@type\":\"Organization\",\"@id\":\"https:\/\/nea.rs\/#organization\",\"name\":\"Nacionalna ekolo\u0161ka asocijacija\",\"url\":\"https:\/\/nea.rs\/\",\"logo\":{\"@type\":\"ImageObject\",\"inLanguage\":\"sr-RS\",\"@id\":\"https:\/\/nea.rs\/#\/schema\/logo\/image\/\",\"url\":\"https:\/\/nea.rs\/wp-content\/uploads\/2021\/05\/cropped-logoNEA_crop_180_nowhite.jpg\",\"contentUrl\":\"https:\/\/nea.rs\/wp-content\/uploads\/2021\/05\/cropped-logoNEA_crop_180_nowhite.jpg\",\"width\":276,\"height\":154,\"caption\":\"Nacionalna ekolo\u0161ka asocijacija\"},\"image\":{\"@id\":\"https:\/\/nea.rs\/#\/schema\/logo\/image\/\"},\"sameAs\":[\"https:\/\/www.facebook.com\/NEASrbija\",\"https:\/\/x.com\/NEASrbija\",\"https:\/\/www.instagram.com\/neasrbija\/\",\"https:\/\/www.youtube.com\/channel\/UCxwdyhNFV-rjanyqj7JIFow\"]},{\"@type\":\"Person\",\"@id\":\"https:\/\/nea.rs\/#\/schema\/person\/daf5180476fd224bc67bb42ea6d87925\",\"name\":\"admin\",\"image\":{\"@type\":\"ImageObject\",\"inLanguage\":\"sr-RS\",\"@id\":\"https:\/\/nea.rs\/#\/schema\/person\/image\/\",\"url\":\"https:\/\/secure.gravatar.com\/avatar\/208ddce103f55aec8415cbae6044df1aa912c6d56bb8e74d76628d5d221bad04?s=96&d=mm&r=g\",\"contentUrl\":\"https:\/\/secure.gravatar.com\/avatar\/208ddce103f55aec8415cbae6044df1aa912c6d56bb8e74d76628d5d221bad04?s=96&d=mm&r=g\",\"caption\":\"admin\"},\"sameAs\":[\"https:\/\/nea.rs\"],\"url\":\"https:\/\/nea.rs\/index.php\/author\/admin_5kpl02hl\/\"}]}<\/script>\n<!-- \/ Yoast SEO plugin. -->","yoast_head_json":{"title":"22 organizacije civilnog dru\u0161tva podr\u017eale Zelenu rezoluciju 22 - Nacionalna ekolo\u0161ka asocijacija","robots":{"index":"index","follow":"follow","max-snippet":"max-snippet:-1","max-image-preview":"max-image-preview:large","max-video-preview":"max-video-preview:-1"},"canonical":"https:\/\/nea.rs\/index.php\/2022\/03\/30\/22-organizacije-civilnog-drustva-podrzale-zelenu-rezoluciju-22\/","og_locale":"sr_RS","og_type":"article","og_title":"22 organizacije civilnog dru\u0161tva podr\u017eale Zelenu rezoluciju 22 - Nacionalna ekolo\u0161ka asocijacija","og_description":"Nekontrolisanom zaga\u0111enje i devastacija \u017eivotne sredine u Republici Srbiji dovodi do svakodnevnih katastrofalnih posledica po \u017eivot i zdravlje gra\u0111ana Republike Srbije, a sakrivanje \u010dinjenica o&hellip;","og_url":"https:\/\/nea.rs\/index.php\/2022\/03\/30\/22-organizacije-civilnog-drustva-podrzale-zelenu-rezoluciju-22\/","og_site_name":"Nacionalna ekolo\u0161ka asocijacija","article_publisher":"https:\/\/www.facebook.com\/NEASrbija","article_published_time":"2022-03-30T08:14:03+00:00","article_modified_time":"2022-03-30T08:14:05+00:00","author":"admin","twitter_card":"summary_large_image","twitter_creator":"@NEASrbija","twitter_site":"@NEASrbija","twitter_misc":{"Napisano od":"admin","Procenjeno vreme \u010ditanja":"2 minuta"},"schema":{"@context":"https:\/\/schema.org","@graph":[{"@type":"Article","@id":"https:\/\/nea.rs\/index.php\/2022\/03\/30\/22-organizacije-civilnog-drustva-podrzale-zelenu-rezoluciju-22\/#article","isPartOf":{"@id":"https:\/\/nea.rs\/index.php\/2022\/03\/30\/22-organizacije-civilnog-drustva-podrzale-zelenu-rezoluciju-22\/"},"author":{"name":"admin","@id":"https:\/\/nea.rs\/#\/schema\/person\/daf5180476fd224bc67bb42ea6d87925"},"headline":"22 organizacije civilnog dru\u0161tva podr\u017eale Zelenu rezoluciju 22","datePublished":"2022-03-30T08:14:03+00:00","dateModified":"2022-03-30T08:14:05+00:00","mainEntityOfPage":{"@id":"https:\/\/nea.rs\/index.php\/2022\/03\/30\/22-organizacije-civilnog-drustva-podrzale-zelenu-rezoluciju-22\/"},"wordCount":370,"publisher":{"@id":"https:\/\/nea.rs\/#organization"},"articleSection":["Aktivnosti","Saop\u0161tenja"],"inLanguage":"sr-RS"},{"@type":"WebPage","@id":"https:\/\/nea.rs\/index.php\/2022\/03\/30\/22-organizacije-civilnog-drustva-podrzale-zelenu-rezoluciju-22\/","url":"https:\/\/nea.rs\/index.php\/2022\/03\/30\/22-organizacije-civilnog-drustva-podrzale-zelenu-rezoluciju-22\/","name":"22 organizacije civilnog dru\u0161tva podr\u017eale Zelenu rezoluciju 22 - Nacionalna ekolo\u0161ka asocijacija","isPartOf":{"@id":"https:\/\/nea.rs\/#website"},"datePublished":"2022-03-30T08:14:03+00:00","dateModified":"2022-03-30T08:14:05+00:00","breadcrumb":{"@id":"https:\/\/nea.rs\/index.php\/2022\/03\/30\/22-organizacije-civilnog-drustva-podrzale-zelenu-rezoluciju-22\/#breadcrumb"},"inLanguage":"sr-RS","potentialAction":[{"@type":"ReadAction","target":["https:\/\/nea.rs\/index.php\/2022\/03\/30\/22-organizacije-civilnog-drustva-podrzale-zelenu-rezoluciju-22\/"]}]},{"@type":"BreadcrumbList","@id":"https:\/\/nea.rs\/index.php\/2022\/03\/30\/22-organizacije-civilnog-drustva-podrzale-zelenu-rezoluciju-22\/#breadcrumb","itemListElement":[{"@type":"ListItem","position":1,"name":"Po\u010detna","item":"https:\/\/nea.rs\/"},{"@type":"ListItem","position":2,"name":"22 organizacije civilnog dru\u0161tva podr\u017eale Zelenu rezoluciju 22"}]},{"@type":"WebSite","@id":"https:\/\/nea.rs\/#website","url":"https:\/\/nea.rs\/","name":"Nacionalna ekolo\u0161ka asocijacija","description":"","publisher":{"@id":"https:\/\/nea.rs\/#organization"},"potentialAction":[{"@type":"SearchAction","target":{"@type":"EntryPoint","urlTemplate":"https:\/\/nea.rs\/?s={search_term_string}"},"query-input":{"@type":"PropertyValueSpecification","valueRequired":true,"valueName":"search_term_string"}}],"inLanguage":"sr-RS"},{"@type":"Organization","@id":"https:\/\/nea.rs\/#organization","name":"Nacionalna ekolo\u0161ka asocijacija","url":"https:\/\/nea.rs\/","logo":{"@type":"ImageObject","inLanguage":"sr-RS","@id":"https:\/\/nea.rs\/#\/schema\/logo\/image\/","url":"https:\/\/nea.rs\/wp-content\/uploads\/2021\/05\/cropped-logoNEA_crop_180_nowhite.jpg","contentUrl":"https:\/\/nea.rs\/wp-content\/uploads\/2021\/05\/cropped-logoNEA_crop_180_nowhite.jpg","width":276,"height":154,"caption":"Nacionalna ekolo\u0161ka asocijacija"},"image":{"@id":"https:\/\/nea.rs\/#\/schema\/logo\/image\/"},"sameAs":["https:\/\/www.facebook.com\/NEASrbija","https:\/\/x.com\/NEASrbija","https:\/\/www.instagram.com\/neasrbija\/","https:\/\/www.youtube.com\/channel\/UCxwdyhNFV-rjanyqj7JIFow"]},{"@type":"Person","@id":"https:\/\/nea.rs\/#\/schema\/person\/daf5180476fd224bc67bb42ea6d87925","name":"admin","image":{"@type":"ImageObject","inLanguage":"sr-RS","@id":"https:\/\/nea.rs\/#\/schema\/person\/image\/","url":"https:\/\/secure.gravatar.com\/avatar\/208ddce103f55aec8415cbae6044df1aa912c6d56bb8e74d76628d5d221bad04?s=96&d=mm&r=g","contentUrl":"https:\/\/secure.gravatar.com\/avatar\/208ddce103f55aec8415cbae6044df1aa912c6d56bb8e74d76628d5d221bad04?s=96&d=mm&r=g","caption":"admin"},"sameAs":["https:\/\/nea.rs"],"url":"https:\/\/nea.rs\/index.php\/author\/admin_5kpl02hl\/"}]}},"jetpack_sharing_enabled":true,"jetpack_featured_media_url":"","_links":{"self":[{"href":"https:\/\/nea.rs\/index.php\/wp-json\/wp\/v2\/posts\/1087","targetHints":{"allow":["GET"]}}],"collection":[{"href":"https:\/\/nea.rs\/index.php\/wp-json\/wp\/v2\/posts"}],"about":[{"href":"https:\/\/nea.rs\/index.php\/wp-json\/wp\/v2\/types\/post"}],"author":[{"embeddable":true,"href":"https:\/\/nea.rs\/index.php\/wp-json\/wp\/v2\/users\/1"}],"replies":[{"embeddable":true,"href":"https:\/\/nea.rs\/index.php\/wp-json\/wp\/v2\/comments?post=1087"}],"version-history":[{"count":1,"href":"https:\/\/nea.rs\/index.php\/wp-json\/wp\/v2\/posts\/1087\/revisions"}],"predecessor-version":[{"id":1088,"href":"https:\/\/nea.rs\/index.php\/wp-json\/wp\/v2\/posts\/1087\/revisions\/1088"}],"wp:attachment":[{"href":"https:\/\/nea.rs\/index.php\/wp-json\/wp\/v2\/media?parent=1087"}],"wp:term":[{"taxonomy":"category","embeddable":true,"href":"https:\/\/nea.rs\/index.php\/wp-json\/wp\/v2\/categories?post=1087"},{"taxonomy":"post_tag","embeddable":true,"href":"https:\/\/nea.rs\/index.php\/wp-json\/wp\/v2\/tags?post=1087"}],"curies":[{"name":"wp","href":"https:\/\/api.w.org\/{rel}","templated":true}]}}