{"id":1078,"date":"2022-03-22T13:46:38","date_gmt":"2022-03-22T13:46:38","guid":{"rendered":"https:\/\/nea.rs\/?p=1078"},"modified":"2022-03-22T13:46:41","modified_gmt":"2022-03-22T13:46:41","slug":"mnogobrojni-mediji-o-rodjendanskoj-tribini-nea","status":"publish","type":"post","link":"https:\/\/nea.rs\/index.php\/2022\/03\/22\/mnogobrojni-mediji-o-rodjendanskoj-tribini-nea\/","title":{"rendered":"Mnogobrojni mediji o ro\u0111endanskoj tribini NEA"},"content":{"rendered":"\n<p>Mnogobrojni mediji prenose informaciju o ro\u0111endanskoj tribini NEA odr\u017eanoj pod naslovom &#8222;<strong>Od ideologije do ekologije \u2013 (Za)ga\u0111enje Kragujevca i Srbije\u201d<\/strong> u Kragujevcu.<\/p>\n\n\n\n<p><a href=\"https:\/\/karakter.rs\/drustvo\/post\/tribina-novog-optimizma-u-kragujevcu-ekoloska-situacija-u-srbiji-je-losa-a-ide-ka-jos-goroj\/\">https:\/\/karakter.rs\/drustvo\/post\/tribina-novog-optimizma-u-kragujevcu-ekoloska-situacija-u-srbiji-je-losa-a-ide-ka-jos-goroj\/<\/a><\/p>\n\n\n\n<p><a href=\"https:\/\/fonet.rs\/drustvo\/36115774\/cudan-put-peska-iz-sahare.html\">https:\/\/fonet.rs\/drustvo\/36115774\/cudan-put-peska-iz-sahare.html<\/a><\/p>\n\n\n\n<figure class=\"wp-block-embed is-type-wp-embed is-provider-n-1 wp-block-embed-n-1\"><div class=\"wp-block-embed__wrapper\">\n<blockquote class=\"wp-embedded-content\" data-secret=\"fV2PvnfoJZ\"><a href=\"https:\/\/rs.n1info.com\/vesti\/tribina-u-kragujevcu-samo-se-u-srbiji-postavlja-dilema-zdravlje-ili-bdp\/\">Tribina u Kragujevcu: Samo se u Srbiji postavlja dilema &#8211; zdravlje ili BDP<\/a><\/blockquote><iframe loading=\"lazy\" class=\"wp-embedded-content\" sandbox=\"allow-scripts\" security=\"restricted\" style=\"position: absolute; clip: rect(1px, 1px, 1px, 1px);\" title=\"&#132;Tribina u Kragujevcu: Samo se u Srbiji postavlja dilema &#8211; zdravlje ili BDP&#147; &#8212; N1\" src=\"https:\/\/rs.n1info.com\/vesti\/tribina-u-kragujevcu-samo-se-u-srbiji-postavlja-dilema-zdravlje-ili-bdp\/embed\/#?secret=fV2PvnfoJZ\" data-secret=\"fV2PvnfoJZ\" width=\"600\" height=\"338\" frameborder=\"0\" marginwidth=\"0\" marginheight=\"0\" scrolling=\"no\"><\/iframe>\n<\/div><\/figure>\n\n\n\n<p><a href=\"https:\/\/www.danas.rs\/vesti\/drustvo\/kragujevac-ekoloska-situacija-u-srbiji-je-losa-a-ide-ka-jos-goroj-poruceno-sa-tribine-novog-optimizma\/\">https:\/\/www.danas.rs\/vesti\/drustvo\/kragujevac-ekoloska-situacija-u-srbiji-je-losa-a-ide-ka-jos-goroj-poruceno-sa-tribine-novog-optimizma\/<\/a><\/p>\n","protected":false},"excerpt":{"rendered":"<p>Mnogobrojni mediji prenose informaciju o ro\u0111endanskoj tribini NEA odr\u017eanoj pod naslovom &#8222;Od ideologije do ekologije \u2013 (Za)ga\u0111enje Kragujevca i Srbije\u201d u Kragujevcu. https:\/\/karakter.rs\/drustvo\/post\/tribina-novog-optimizma-u-kragujevcu-ekoloska-situacija-u-srbiji-je-losa-a-ide-ka-jos-goroj\/ https:\/\/fonet.rs\/drustvo\/36115774\/cudan-put-peska-iz-sahare.html https:\/\/www.danas.rs\/vesti\/drustvo\/kragujevac-ekoloska-situacija-u-srbiji-je-losa-a-ide-ka-jos-goroj-poruceno-sa-tribine-novog-optimizma\/<\/p>\n","protected":false},"author":1,"featured_media":0,"comment_status":"closed","ping_status":"open","sticky":false,"template":"","format":"standard","meta":{"footnotes":""},"categories":[5,11,19],"tags":[],"class_list":["post-1078","post","type-post","status-publish","format-standard","hentry","category-aktivnosti","category-saopstenja","category-video"],"yoast_head":"<!-- This site is optimized with the Yoast SEO plugin v24.9 - https:\/\/yoast.com\/wordpress\/plugins\/seo\/ -->\n<title>Mnogobrojni mediji o ro\u0111endanskoj tribini NEA - Nacionalna ekolo\u0161ka asocijacija<\/title>\n<meta name=\"robots\" content=\"index, follow, max-snippet:-1, max-image-preview:large, max-video-preview:-1\" \/>\n<link rel=\"canonical\" href=\"https:\/\/nea.rs\/index.php\/2022\/03\/22\/mnogobrojni-mediji-o-rodjendanskoj-tribini-nea\/\" \/>\n<meta property=\"og:locale\" content=\"sr_RS\" \/>\n<meta property=\"og:type\" content=\"article\" \/>\n<meta property=\"og:title\" content=\"Mnogobrojni mediji o ro\u0111endanskoj tribini NEA - Nacionalna ekolo\u0161ka asocijacija\" \/>\n<meta property=\"og:description\" content=\"Mnogobrojni mediji prenose informaciju o ro\u0111endanskoj tribini NEA odr\u017eanoj pod naslovom &#8222;Od ideologije do ekologije \u2013 (Za)ga\u0111enje Kragujevca i Srbije\u201d u Kragujevcu. https:\/\/karakter.rs\/drustvo\/post\/tribina-novog-optimizma-u-kragujevcu-ekoloska-situacija-u-srbiji-je-losa-a-ide-ka-jos-goroj\/ https:\/\/fonet.rs\/drustvo\/36115774\/cudan-put-peska-iz-sahare.html https:\/\/www.danas.rs\/vesti\/drustvo\/kragujevac-ekoloska-situacija-u-srbiji-je-losa-a-ide-ka-jos-goroj-poruceno-sa-tribine-novog-optimizma\/\" \/>\n<meta property=\"og:url\" content=\"https:\/\/nea.rs\/index.php\/2022\/03\/22\/mnogobrojni-mediji-o-rodjendanskoj-tribini-nea\/\" \/>\n<meta property=\"og:site_name\" content=\"Nacionalna ekolo\u0161ka asocijacija\" \/>\n<meta property=\"article:publisher\" content=\"https:\/\/www.facebook.com\/NEASrbija\" \/>\n<meta property=\"article:published_time\" content=\"2022-03-22T13:46:38+00:00\" \/>\n<meta property=\"article:modified_time\" content=\"2022-03-22T13:46:41+00:00\" \/>\n<meta name=\"author\" content=\"admin\" \/>\n<meta name=\"twitter:card\" content=\"summary_large_image\" \/>\n<meta name=\"twitter:creator\" content=\"@NEASrbija\" \/>\n<meta name=\"twitter:site\" content=\"@NEASrbija\" \/>\n<meta name=\"twitter:label1\" content=\"Napisano od\" \/>\n\t<meta name=\"twitter:data1\" content=\"admin\" \/>\n\t<meta name=\"twitter:label2\" content=\"Procenjeno vreme \u010ditanja\" \/>\n\t<meta name=\"twitter:data2\" content=\"1 minut\" \/>\n<script type=\"application\/ld+json\" class=\"yoast-schema-graph\">{\"@context\":\"https:\/\/schema.org\",\"@graph\":[{\"@type\":\"Article\",\"@id\":\"https:\/\/nea.rs\/index.php\/2022\/03\/22\/mnogobrojni-mediji-o-rodjendanskoj-tribini-nea\/#article\",\"isPartOf\":{\"@id\":\"https:\/\/nea.rs\/index.php\/2022\/03\/22\/mnogobrojni-mediji-o-rodjendanskoj-tribini-nea\/\"},\"author\":{\"name\":\"admin\",\"@id\":\"https:\/\/nea.rs\/#\/schema\/person\/daf5180476fd224bc67bb42ea6d87925\"},\"headline\":\"Mnogobrojni mediji o ro\u0111endanskoj tribini NEA\",\"datePublished\":\"2022-03-22T13:46:38+00:00\",\"dateModified\":\"2022-03-22T13:46:41+00:00\",\"mainEntityOfPage\":{\"@id\":\"https:\/\/nea.rs\/index.php\/2022\/03\/22\/mnogobrojni-mediji-o-rodjendanskoj-tribini-nea\/\"},\"wordCount\":58,\"publisher\":{\"@id\":\"https:\/\/nea.rs\/#organization\"},\"articleSection\":[\"Aktivnosti\",\"Saop\u0161tenja\",\"Video\"],\"inLanguage\":\"sr-RS\"},{\"@type\":\"WebPage\",\"@id\":\"https:\/\/nea.rs\/index.php\/2022\/03\/22\/mnogobrojni-mediji-o-rodjendanskoj-tribini-nea\/\",\"url\":\"https:\/\/nea.rs\/index.php\/2022\/03\/22\/mnogobrojni-mediji-o-rodjendanskoj-tribini-nea\/\",\"name\":\"Mnogobrojni mediji o ro\u0111endanskoj tribini NEA - Nacionalna ekolo\u0161ka asocijacija\",\"isPartOf\":{\"@id\":\"https:\/\/nea.rs\/#website\"},\"datePublished\":\"2022-03-22T13:46:38+00:00\",\"dateModified\":\"2022-03-22T13:46:41+00:00\",\"breadcrumb\":{\"@id\":\"https:\/\/nea.rs\/index.php\/2022\/03\/22\/mnogobrojni-mediji-o-rodjendanskoj-tribini-nea\/#breadcrumb\"},\"inLanguage\":\"sr-RS\",\"potentialAction\":[{\"@type\":\"ReadAction\",\"target\":[\"https:\/\/nea.rs\/index.php\/2022\/03\/22\/mnogobrojni-mediji-o-rodjendanskoj-tribini-nea\/\"]}]},{\"@type\":\"BreadcrumbList\",\"@id\":\"https:\/\/nea.rs\/index.php\/2022\/03\/22\/mnogobrojni-mediji-o-rodjendanskoj-tribini-nea\/#breadcrumb\",\"itemListElement\":[{\"@type\":\"ListItem\",\"position\":1,\"name\":\"Po\u010detna\",\"item\":\"https:\/\/nea.rs\/\"},{\"@type\":\"ListItem\",\"position\":2,\"name\":\"Mnogobrojni mediji o ro\u0111endanskoj tribini NEA\"}]},{\"@type\":\"WebSite\",\"@id\":\"https:\/\/nea.rs\/#website\",\"url\":\"https:\/\/nea.rs\/\",\"name\":\"Nacionalna ekolo\u0161ka asocijacija\",\"description\":\"\",\"publisher\":{\"@id\":\"https:\/\/nea.rs\/#organization\"},\"potentialAction\":[{\"@type\":\"SearchAction\",\"target\":{\"@type\":\"EntryPoint\",\"urlTemplate\":\"https:\/\/nea.rs\/?s={search_term_string}\"},\"query-input\":{\"@type\":\"PropertyValueSpecification\",\"valueRequired\":true,\"valueName\":\"search_term_string\"}}],\"inLanguage\":\"sr-RS\"},{\"@type\":\"Organization\",\"@id\":\"https:\/\/nea.rs\/#organization\",\"name\":\"Nacionalna ekolo\u0161ka asocijacija\",\"url\":\"https:\/\/nea.rs\/\",\"logo\":{\"@type\":\"ImageObject\",\"inLanguage\":\"sr-RS\",\"@id\":\"https:\/\/nea.rs\/#\/schema\/logo\/image\/\",\"url\":\"https:\/\/nea.rs\/wp-content\/uploads\/2021\/05\/cropped-logoNEA_crop_180_nowhite.jpg\",\"contentUrl\":\"https:\/\/nea.rs\/wp-content\/uploads\/2021\/05\/cropped-logoNEA_crop_180_nowhite.jpg\",\"width\":276,\"height\":154,\"caption\":\"Nacionalna ekolo\u0161ka asocijacija\"},\"image\":{\"@id\":\"https:\/\/nea.rs\/#\/schema\/logo\/image\/\"},\"sameAs\":[\"https:\/\/www.facebook.com\/NEASrbija\",\"https:\/\/x.com\/NEASrbija\",\"https:\/\/www.instagram.com\/neasrbija\/\",\"https:\/\/www.youtube.com\/channel\/UCxwdyhNFV-rjanyqj7JIFow\"]},{\"@type\":\"Person\",\"@id\":\"https:\/\/nea.rs\/#\/schema\/person\/daf5180476fd224bc67bb42ea6d87925\",\"name\":\"admin\",\"image\":{\"@type\":\"ImageObject\",\"inLanguage\":\"sr-RS\",\"@id\":\"https:\/\/nea.rs\/#\/schema\/person\/image\/\",\"url\":\"https:\/\/secure.gravatar.com\/avatar\/208ddce103f55aec8415cbae6044df1aa912c6d56bb8e74d76628d5d221bad04?s=96&d=mm&r=g\",\"contentUrl\":\"https:\/\/secure.gravatar.com\/avatar\/208ddce103f55aec8415cbae6044df1aa912c6d56bb8e74d76628d5d221bad04?s=96&d=mm&r=g\",\"caption\":\"admin\"},\"sameAs\":[\"https:\/\/nea.rs\"],\"url\":\"https:\/\/nea.rs\/index.php\/author\/admin_5kpl02hl\/\"}]}<\/script>\n<!-- \/ Yoast SEO plugin. -->","yoast_head_json":{"title":"Mnogobrojni mediji o ro\u0111endanskoj tribini NEA - Nacionalna ekolo\u0161ka asocijacija","robots":{"index":"index","follow":"follow","max-snippet":"max-snippet:-1","max-image-preview":"max-image-preview:large","max-video-preview":"max-video-preview:-1"},"canonical":"https:\/\/nea.rs\/index.php\/2022\/03\/22\/mnogobrojni-mediji-o-rodjendanskoj-tribini-nea\/","og_locale":"sr_RS","og_type":"article","og_title":"Mnogobrojni mediji o ro\u0111endanskoj tribini NEA - Nacionalna ekolo\u0161ka asocijacija","og_description":"Mnogobrojni mediji prenose informaciju o ro\u0111endanskoj tribini NEA odr\u017eanoj pod naslovom &#8222;Od ideologije do ekologije \u2013 (Za)ga\u0111enje Kragujevca i Srbije\u201d u Kragujevcu. https:\/\/karakter.rs\/drustvo\/post\/tribina-novog-optimizma-u-kragujevcu-ekoloska-situacija-u-srbiji-je-losa-a-ide-ka-jos-goroj\/ https:\/\/fonet.rs\/drustvo\/36115774\/cudan-put-peska-iz-sahare.html https:\/\/www.danas.rs\/vesti\/drustvo\/kragujevac-ekoloska-situacija-u-srbiji-je-losa-a-ide-ka-jos-goroj-poruceno-sa-tribine-novog-optimizma\/","og_url":"https:\/\/nea.rs\/index.php\/2022\/03\/22\/mnogobrojni-mediji-o-rodjendanskoj-tribini-nea\/","og_site_name":"Nacionalna ekolo\u0161ka asocijacija","article_publisher":"https:\/\/www.facebook.com\/NEASrbija","article_published_time":"2022-03-22T13:46:38+00:00","article_modified_time":"2022-03-22T13:46:41+00:00","author":"admin","twitter_card":"summary_large_image","twitter_creator":"@NEASrbija","twitter_site":"@NEASrbija","twitter_misc":{"Napisano od":"admin","Procenjeno vreme \u010ditanja":"1 minut"},"schema":{"@context":"https:\/\/schema.org","@graph":[{"@type":"Article","@id":"https:\/\/nea.rs\/index.php\/2022\/03\/22\/mnogobrojni-mediji-o-rodjendanskoj-tribini-nea\/#article","isPartOf":{"@id":"https:\/\/nea.rs\/index.php\/2022\/03\/22\/mnogobrojni-mediji-o-rodjendanskoj-tribini-nea\/"},"author":{"name":"admin","@id":"https:\/\/nea.rs\/#\/schema\/person\/daf5180476fd224bc67bb42ea6d87925"},"headline":"Mnogobrojni mediji o ro\u0111endanskoj tribini NEA","datePublished":"2022-03-22T13:46:38+00:00","dateModified":"2022-03-22T13:46:41+00:00","mainEntityOfPage":{"@id":"https:\/\/nea.rs\/index.php\/2022\/03\/22\/mnogobrojni-mediji-o-rodjendanskoj-tribini-nea\/"},"wordCount":58,"publisher":{"@id":"https:\/\/nea.rs\/#organization"},"articleSection":["Aktivnosti","Saop\u0161tenja","Video"],"inLanguage":"sr-RS"},{"@type":"WebPage","@id":"https:\/\/nea.rs\/index.php\/2022\/03\/22\/mnogobrojni-mediji-o-rodjendanskoj-tribini-nea\/","url":"https:\/\/nea.rs\/index.php\/2022\/03\/22\/mnogobrojni-mediji-o-rodjendanskoj-tribini-nea\/","name":"Mnogobrojni mediji o ro\u0111endanskoj tribini NEA - Nacionalna ekolo\u0161ka asocijacija","isPartOf":{"@id":"https:\/\/nea.rs\/#website"},"datePublished":"2022-03-22T13:46:38+00:00","dateModified":"2022-03-22T13:46:41+00:00","breadcrumb":{"@id":"https:\/\/nea.rs\/index.php\/2022\/03\/22\/mnogobrojni-mediji-o-rodjendanskoj-tribini-nea\/#breadcrumb"},"inLanguage":"sr-RS","potentialAction":[{"@type":"ReadAction","target":["https:\/\/nea.rs\/index.php\/2022\/03\/22\/mnogobrojni-mediji-o-rodjendanskoj-tribini-nea\/"]}]},{"@type":"BreadcrumbList","@id":"https:\/\/nea.rs\/index.php\/2022\/03\/22\/mnogobrojni-mediji-o-rodjendanskoj-tribini-nea\/#breadcrumb","itemListElement":[{"@type":"ListItem","position":1,"name":"Po\u010detna","item":"https:\/\/nea.rs\/"},{"@type":"ListItem","position":2,"name":"Mnogobrojni mediji o ro\u0111endanskoj tribini NEA"}]},{"@type":"WebSite","@id":"https:\/\/nea.rs\/#website","url":"https:\/\/nea.rs\/","name":"Nacionalna ekolo\u0161ka asocijacija","description":"","publisher":{"@id":"https:\/\/nea.rs\/#organization"},"potentialAction":[{"@type":"SearchAction","target":{"@type":"EntryPoint","urlTemplate":"https:\/\/nea.rs\/?s={search_term_string}"},"query-input":{"@type":"PropertyValueSpecification","valueRequired":true,"valueName":"search_term_string"}}],"inLanguage":"sr-RS"},{"@type":"Organization","@id":"https:\/\/nea.rs\/#organization","name":"Nacionalna ekolo\u0161ka asocijacija","url":"https:\/\/nea.rs\/","logo":{"@type":"ImageObject","inLanguage":"sr-RS","@id":"https:\/\/nea.rs\/#\/schema\/logo\/image\/","url":"https:\/\/nea.rs\/wp-content\/uploads\/2021\/05\/cropped-logoNEA_crop_180_nowhite.jpg","contentUrl":"https:\/\/nea.rs\/wp-content\/uploads\/2021\/05\/cropped-logoNEA_crop_180_nowhite.jpg","width":276,"height":154,"caption":"Nacionalna ekolo\u0161ka asocijacija"},"image":{"@id":"https:\/\/nea.rs\/#\/schema\/logo\/image\/"},"sameAs":["https:\/\/www.facebook.com\/NEASrbija","https:\/\/x.com\/NEASrbija","https:\/\/www.instagram.com\/neasrbija\/","https:\/\/www.youtube.com\/channel\/UCxwdyhNFV-rjanyqj7JIFow"]},{"@type":"Person","@id":"https:\/\/nea.rs\/#\/schema\/person\/daf5180476fd224bc67bb42ea6d87925","name":"admin","image":{"@type":"ImageObject","inLanguage":"sr-RS","@id":"https:\/\/nea.rs\/#\/schema\/person\/image\/","url":"https:\/\/secure.gravatar.com\/avatar\/208ddce103f55aec8415cbae6044df1aa912c6d56bb8e74d76628d5d221bad04?s=96&d=mm&r=g","contentUrl":"https:\/\/secure.gravatar.com\/avatar\/208ddce103f55aec8415cbae6044df1aa912c6d56bb8e74d76628d5d221bad04?s=96&d=mm&r=g","caption":"admin"},"sameAs":["https:\/\/nea.rs"],"url":"https:\/\/nea.rs\/index.php\/author\/admin_5kpl02hl\/"}]}},"jetpack_sharing_enabled":true,"jetpack_featured_media_url":"","_links":{"self":[{"href":"https:\/\/nea.rs\/index.php\/wp-json\/wp\/v2\/posts\/1078","targetHints":{"allow":["GET"]}}],"collection":[{"href":"https:\/\/nea.rs\/index.php\/wp-json\/wp\/v2\/posts"}],"about":[{"href":"https:\/\/nea.rs\/index.php\/wp-json\/wp\/v2\/types\/post"}],"author":[{"embeddable":true,"href":"https:\/\/nea.rs\/index.php\/wp-json\/wp\/v2\/users\/1"}],"replies":[{"embeddable":true,"href":"https:\/\/nea.rs\/index.php\/wp-json\/wp\/v2\/comments?post=1078"}],"version-history":[{"count":1,"href":"https:\/\/nea.rs\/index.php\/wp-json\/wp\/v2\/posts\/1078\/revisions"}],"predecessor-version":[{"id":1079,"href":"https:\/\/nea.rs\/index.php\/wp-json\/wp\/v2\/posts\/1078\/revisions\/1079"}],"wp:attachment":[{"href":"https:\/\/nea.rs\/index.php\/wp-json\/wp\/v2\/media?parent=1078"}],"wp:term":[{"taxonomy":"category","embeddable":true,"href":"https:\/\/nea.rs\/index.php\/wp-json\/wp\/v2\/categories?post=1078"},{"taxonomy":"post_tag","embeddable":true,"href":"https:\/\/nea.rs\/index.php\/wp-json\/wp\/v2\/tags?post=1078"}],"curies":[{"name":"wp","href":"https:\/\/api.w.org\/{rel}","templated":true}]}}