{"id":1075,"date":"2022-03-22T09:46:42","date_gmt":"2022-03-22T09:46:42","guid":{"rendered":"https:\/\/nea.rs\/?p=1075"},"modified":"2022-03-22T09:46:44","modified_gmt":"2022-03-22T09:46:44","slug":"godisnjica-nea-u-danas-u","status":"publish","type":"post","link":"https:\/\/nea.rs\/index.php\/2022\/03\/22\/godisnjica-nea-u-danas-u\/","title":{"rendered":"Godi\u0161njica NEA u Danas-u"},"content":{"rendered":"\n<p>Dnevni list Danas i njihov portal prenose vest o ju\u010dera\u0161njoj tribini u Kragujevcu.<\/p>\n\n\n\n<p><a href=\"https:\/\/www.danas.rs\/vesti\/drustvo\/kragujevac-ekoloska-situacija-u-srbiji-je-losa-a-ide-ka-jos-goroj-poruceno-sa-tribine-novog-optimizma\/\">https:\/\/www.danas.rs\/vesti\/drustvo\/kragujevac-ekoloska-situacija-u-srbiji-je-losa-a-ide-ka-jos-goroj-poruceno-sa-tribine-novog-optimizma\/<\/a><\/p>\n","protected":false},"excerpt":{"rendered":"<p>Dnevni list Danas i njihov portal prenose vest o ju\u010dera\u0161njoj tribini u Kragujevcu. https:\/\/www.danas.rs\/vesti\/drustvo\/kragujevac-ekoloska-situacija-u-srbiji-je-losa-a-ide-ka-jos-goroj-poruceno-sa-tribine-novog-optimizma\/<\/p>\n","protected":false},"author":1,"featured_media":0,"comment_status":"closed","ping_status":"open","sticky":false,"template":"","format":"standard","meta":{"footnotes":""},"categories":[5],"tags":[],"class_list":["post-1075","post","type-post","status-publish","format-standard","hentry","category-aktivnosti"],"yoast_head":"<!-- This site is optimized with the Yoast SEO plugin v24.9 - https:\/\/yoast.com\/wordpress\/plugins\/seo\/ -->\n<title>Godi\u0161njica NEA u Danas-u - Nacionalna ekolo\u0161ka asocijacija<\/title>\n<meta name=\"robots\" content=\"index, follow, max-snippet:-1, max-image-preview:large, max-video-preview:-1\" \/>\n<link rel=\"canonical\" href=\"https:\/\/nea.rs\/index.php\/2022\/03\/22\/godisnjica-nea-u-danas-u\/\" \/>\n<meta property=\"og:locale\" content=\"sr_RS\" \/>\n<meta property=\"og:type\" content=\"article\" \/>\n<meta property=\"og:title\" content=\"Godi\u0161njica NEA u Danas-u - Nacionalna ekolo\u0161ka asocijacija\" \/>\n<meta property=\"og:description\" content=\"Dnevni list Danas i njihov portal prenose vest o ju\u010dera\u0161njoj tribini u Kragujevcu. https:\/\/www.danas.rs\/vesti\/drustvo\/kragujevac-ekoloska-situacija-u-srbiji-je-losa-a-ide-ka-jos-goroj-poruceno-sa-tribine-novog-optimizma\/\" \/>\n<meta property=\"og:url\" content=\"https:\/\/nea.rs\/index.php\/2022\/03\/22\/godisnjica-nea-u-danas-u\/\" \/>\n<meta property=\"og:site_name\" content=\"Nacionalna ekolo\u0161ka asocijacija\" \/>\n<meta property=\"article:publisher\" content=\"https:\/\/www.facebook.com\/NEASrbija\" \/>\n<meta property=\"article:published_time\" content=\"2022-03-22T09:46:42+00:00\" \/>\n<meta property=\"article:modified_time\" content=\"2022-03-22T09:46:44+00:00\" \/>\n<meta name=\"author\" content=\"admin\" \/>\n<meta name=\"twitter:card\" content=\"summary_large_image\" \/>\n<meta name=\"twitter:creator\" content=\"@NEASrbija\" \/>\n<meta name=\"twitter:site\" content=\"@NEASrbija\" \/>\n<meta name=\"twitter:label1\" content=\"Napisano od\" \/>\n\t<meta name=\"twitter:data1\" content=\"admin\" \/>\n\t<meta name=\"twitter:label2\" content=\"Procenjeno vreme \u010ditanja\" \/>\n\t<meta name=\"twitter:data2\" content=\"1 minut\" \/>\n<script type=\"application\/ld+json\" class=\"yoast-schema-graph\">{\"@context\":\"https:\/\/schema.org\",\"@graph\":[{\"@type\":\"Article\",\"@id\":\"https:\/\/nea.rs\/index.php\/2022\/03\/22\/godisnjica-nea-u-danas-u\/#article\",\"isPartOf\":{\"@id\":\"https:\/\/nea.rs\/index.php\/2022\/03\/22\/godisnjica-nea-u-danas-u\/\"},\"author\":{\"name\":\"admin\",\"@id\":\"https:\/\/nea.rs\/#\/schema\/person\/daf5180476fd224bc67bb42ea6d87925\"},\"headline\":\"Godi\u0161njica NEA u Danas-u\",\"datePublished\":\"2022-03-22T09:46:42+00:00\",\"dateModified\":\"2022-03-22T09:46:44+00:00\",\"mainEntityOfPage\":{\"@id\":\"https:\/\/nea.rs\/index.php\/2022\/03\/22\/godisnjica-nea-u-danas-u\/\"},\"wordCount\":27,\"publisher\":{\"@id\":\"https:\/\/nea.rs\/#organization\"},\"articleSection\":[\"Aktivnosti\"],\"inLanguage\":\"sr-RS\"},{\"@type\":\"WebPage\",\"@id\":\"https:\/\/nea.rs\/index.php\/2022\/03\/22\/godisnjica-nea-u-danas-u\/\",\"url\":\"https:\/\/nea.rs\/index.php\/2022\/03\/22\/godisnjica-nea-u-danas-u\/\",\"name\":\"Godi\u0161njica NEA u Danas-u - Nacionalna ekolo\u0161ka asocijacija\",\"isPartOf\":{\"@id\":\"https:\/\/nea.rs\/#website\"},\"datePublished\":\"2022-03-22T09:46:42+00:00\",\"dateModified\":\"2022-03-22T09:46:44+00:00\",\"breadcrumb\":{\"@id\":\"https:\/\/nea.rs\/index.php\/2022\/03\/22\/godisnjica-nea-u-danas-u\/#breadcrumb\"},\"inLanguage\":\"sr-RS\",\"potentialAction\":[{\"@type\":\"ReadAction\",\"target\":[\"https:\/\/nea.rs\/index.php\/2022\/03\/22\/godisnjica-nea-u-danas-u\/\"]}]},{\"@type\":\"BreadcrumbList\",\"@id\":\"https:\/\/nea.rs\/index.php\/2022\/03\/22\/godisnjica-nea-u-danas-u\/#breadcrumb\",\"itemListElement\":[{\"@type\":\"ListItem\",\"position\":1,\"name\":\"Po\u010detna\",\"item\":\"https:\/\/nea.rs\/\"},{\"@type\":\"ListItem\",\"position\":2,\"name\":\"Godi\u0161njica NEA u Danas-u\"}]},{\"@type\":\"WebSite\",\"@id\":\"https:\/\/nea.rs\/#website\",\"url\":\"https:\/\/nea.rs\/\",\"name\":\"Nacionalna ekolo\u0161ka asocijacija\",\"description\":\"\",\"publisher\":{\"@id\":\"https:\/\/nea.rs\/#organization\"},\"potentialAction\":[{\"@type\":\"SearchAction\",\"target\":{\"@type\":\"EntryPoint\",\"urlTemplate\":\"https:\/\/nea.rs\/?s={search_term_string}\"},\"query-input\":{\"@type\":\"PropertyValueSpecification\",\"valueRequired\":true,\"valueName\":\"search_term_string\"}}],\"inLanguage\":\"sr-RS\"},{\"@type\":\"Organization\",\"@id\":\"https:\/\/nea.rs\/#organization\",\"name\":\"Nacionalna ekolo\u0161ka asocijacija\",\"url\":\"https:\/\/nea.rs\/\",\"logo\":{\"@type\":\"ImageObject\",\"inLanguage\":\"sr-RS\",\"@id\":\"https:\/\/nea.rs\/#\/schema\/logo\/image\/\",\"url\":\"https:\/\/nea.rs\/wp-content\/uploads\/2021\/05\/cropped-logoNEA_crop_180_nowhite.jpg\",\"contentUrl\":\"https:\/\/nea.rs\/wp-content\/uploads\/2021\/05\/cropped-logoNEA_crop_180_nowhite.jpg\",\"width\":276,\"height\":154,\"caption\":\"Nacionalna ekolo\u0161ka asocijacija\"},\"image\":{\"@id\":\"https:\/\/nea.rs\/#\/schema\/logo\/image\/\"},\"sameAs\":[\"https:\/\/www.facebook.com\/NEASrbija\",\"https:\/\/x.com\/NEASrbija\",\"https:\/\/www.instagram.com\/neasrbija\/\",\"https:\/\/www.youtube.com\/channel\/UCxwdyhNFV-rjanyqj7JIFow\"]},{\"@type\":\"Person\",\"@id\":\"https:\/\/nea.rs\/#\/schema\/person\/daf5180476fd224bc67bb42ea6d87925\",\"name\":\"admin\",\"image\":{\"@type\":\"ImageObject\",\"inLanguage\":\"sr-RS\",\"@id\":\"https:\/\/nea.rs\/#\/schema\/person\/image\/\",\"url\":\"https:\/\/secure.gravatar.com\/avatar\/208ddce103f55aec8415cbae6044df1aa912c6d56bb8e74d76628d5d221bad04?s=96&d=mm&r=g\",\"contentUrl\":\"https:\/\/secure.gravatar.com\/avatar\/208ddce103f55aec8415cbae6044df1aa912c6d56bb8e74d76628d5d221bad04?s=96&d=mm&r=g\",\"caption\":\"admin\"},\"sameAs\":[\"https:\/\/nea.rs\"],\"url\":\"https:\/\/nea.rs\/index.php\/author\/admin_5kpl02hl\/\"}]}<\/script>\n<!-- \/ Yoast SEO plugin. -->","yoast_head_json":{"title":"Godi\u0161njica NEA u Danas-u - Nacionalna ekolo\u0161ka asocijacija","robots":{"index":"index","follow":"follow","max-snippet":"max-snippet:-1","max-image-preview":"max-image-preview:large","max-video-preview":"max-video-preview:-1"},"canonical":"https:\/\/nea.rs\/index.php\/2022\/03\/22\/godisnjica-nea-u-danas-u\/","og_locale":"sr_RS","og_type":"article","og_title":"Godi\u0161njica NEA u Danas-u - Nacionalna ekolo\u0161ka asocijacija","og_description":"Dnevni list Danas i njihov portal prenose vest o ju\u010dera\u0161njoj tribini u Kragujevcu. https:\/\/www.danas.rs\/vesti\/drustvo\/kragujevac-ekoloska-situacija-u-srbiji-je-losa-a-ide-ka-jos-goroj-poruceno-sa-tribine-novog-optimizma\/","og_url":"https:\/\/nea.rs\/index.php\/2022\/03\/22\/godisnjica-nea-u-danas-u\/","og_site_name":"Nacionalna ekolo\u0161ka asocijacija","article_publisher":"https:\/\/www.facebook.com\/NEASrbija","article_published_time":"2022-03-22T09:46:42+00:00","article_modified_time":"2022-03-22T09:46:44+00:00","author":"admin","twitter_card":"summary_large_image","twitter_creator":"@NEASrbija","twitter_site":"@NEASrbija","twitter_misc":{"Napisano od":"admin","Procenjeno vreme \u010ditanja":"1 minut"},"schema":{"@context":"https:\/\/schema.org","@graph":[{"@type":"Article","@id":"https:\/\/nea.rs\/index.php\/2022\/03\/22\/godisnjica-nea-u-danas-u\/#article","isPartOf":{"@id":"https:\/\/nea.rs\/index.php\/2022\/03\/22\/godisnjica-nea-u-danas-u\/"},"author":{"name":"admin","@id":"https:\/\/nea.rs\/#\/schema\/person\/daf5180476fd224bc67bb42ea6d87925"},"headline":"Godi\u0161njica NEA u Danas-u","datePublished":"2022-03-22T09:46:42+00:00","dateModified":"2022-03-22T09:46:44+00:00","mainEntityOfPage":{"@id":"https:\/\/nea.rs\/index.php\/2022\/03\/22\/godisnjica-nea-u-danas-u\/"},"wordCount":27,"publisher":{"@id":"https:\/\/nea.rs\/#organization"},"articleSection":["Aktivnosti"],"inLanguage":"sr-RS"},{"@type":"WebPage","@id":"https:\/\/nea.rs\/index.php\/2022\/03\/22\/godisnjica-nea-u-danas-u\/","url":"https:\/\/nea.rs\/index.php\/2022\/03\/22\/godisnjica-nea-u-danas-u\/","name":"Godi\u0161njica NEA u Danas-u - Nacionalna ekolo\u0161ka asocijacija","isPartOf":{"@id":"https:\/\/nea.rs\/#website"},"datePublished":"2022-03-22T09:46:42+00:00","dateModified":"2022-03-22T09:46:44+00:00","breadcrumb":{"@id":"https:\/\/nea.rs\/index.php\/2022\/03\/22\/godisnjica-nea-u-danas-u\/#breadcrumb"},"inLanguage":"sr-RS","potentialAction":[{"@type":"ReadAction","target":["https:\/\/nea.rs\/index.php\/2022\/03\/22\/godisnjica-nea-u-danas-u\/"]}]},{"@type":"BreadcrumbList","@id":"https:\/\/nea.rs\/index.php\/2022\/03\/22\/godisnjica-nea-u-danas-u\/#breadcrumb","itemListElement":[{"@type":"ListItem","position":1,"name":"Po\u010detna","item":"https:\/\/nea.rs\/"},{"@type":"ListItem","position":2,"name":"Godi\u0161njica NEA u Danas-u"}]},{"@type":"WebSite","@id":"https:\/\/nea.rs\/#website","url":"https:\/\/nea.rs\/","name":"Nacionalna ekolo\u0161ka asocijacija","description":"","publisher":{"@id":"https:\/\/nea.rs\/#organization"},"potentialAction":[{"@type":"SearchAction","target":{"@type":"EntryPoint","urlTemplate":"https:\/\/nea.rs\/?s={search_term_string}"},"query-input":{"@type":"PropertyValueSpecification","valueRequired":true,"valueName":"search_term_string"}}],"inLanguage":"sr-RS"},{"@type":"Organization","@id":"https:\/\/nea.rs\/#organization","name":"Nacionalna ekolo\u0161ka asocijacija","url":"https:\/\/nea.rs\/","logo":{"@type":"ImageObject","inLanguage":"sr-RS","@id":"https:\/\/nea.rs\/#\/schema\/logo\/image\/","url":"https:\/\/nea.rs\/wp-content\/uploads\/2021\/05\/cropped-logoNEA_crop_180_nowhite.jpg","contentUrl":"https:\/\/nea.rs\/wp-content\/uploads\/2021\/05\/cropped-logoNEA_crop_180_nowhite.jpg","width":276,"height":154,"caption":"Nacionalna ekolo\u0161ka asocijacija"},"image":{"@id":"https:\/\/nea.rs\/#\/schema\/logo\/image\/"},"sameAs":["https:\/\/www.facebook.com\/NEASrbija","https:\/\/x.com\/NEASrbija","https:\/\/www.instagram.com\/neasrbija\/","https:\/\/www.youtube.com\/channel\/UCxwdyhNFV-rjanyqj7JIFow"]},{"@type":"Person","@id":"https:\/\/nea.rs\/#\/schema\/person\/daf5180476fd224bc67bb42ea6d87925","name":"admin","image":{"@type":"ImageObject","inLanguage":"sr-RS","@id":"https:\/\/nea.rs\/#\/schema\/person\/image\/","url":"https:\/\/secure.gravatar.com\/avatar\/208ddce103f55aec8415cbae6044df1aa912c6d56bb8e74d76628d5d221bad04?s=96&d=mm&r=g","contentUrl":"https:\/\/secure.gravatar.com\/avatar\/208ddce103f55aec8415cbae6044df1aa912c6d56bb8e74d76628d5d221bad04?s=96&d=mm&r=g","caption":"admin"},"sameAs":["https:\/\/nea.rs"],"url":"https:\/\/nea.rs\/index.php\/author\/admin_5kpl02hl\/"}]}},"jetpack_sharing_enabled":true,"jetpack_featured_media_url":"","_links":{"self":[{"href":"https:\/\/nea.rs\/index.php\/wp-json\/wp\/v2\/posts\/1075","targetHints":{"allow":["GET"]}}],"collection":[{"href":"https:\/\/nea.rs\/index.php\/wp-json\/wp\/v2\/posts"}],"about":[{"href":"https:\/\/nea.rs\/index.php\/wp-json\/wp\/v2\/types\/post"}],"author":[{"embeddable":true,"href":"https:\/\/nea.rs\/index.php\/wp-json\/wp\/v2\/users\/1"}],"replies":[{"embeddable":true,"href":"https:\/\/nea.rs\/index.php\/wp-json\/wp\/v2\/comments?post=1075"}],"version-history":[{"count":1,"href":"https:\/\/nea.rs\/index.php\/wp-json\/wp\/v2\/posts\/1075\/revisions"}],"predecessor-version":[{"id":1076,"href":"https:\/\/nea.rs\/index.php\/wp-json\/wp\/v2\/posts\/1075\/revisions\/1076"}],"wp:attachment":[{"href":"https:\/\/nea.rs\/index.php\/wp-json\/wp\/v2\/media?parent=1075"}],"wp:term":[{"taxonomy":"category","embeddable":true,"href":"https:\/\/nea.rs\/index.php\/wp-json\/wp\/v2\/categories?post=1075"},{"taxonomy":"post_tag","embeddable":true,"href":"https:\/\/nea.rs\/index.php\/wp-json\/wp\/v2\/tags?post=1075"}],"curies":[{"name":"wp","href":"https:\/\/api.w.org\/{rel}","templated":true}]}}